{"id":12343,"date":"2026-01-21T13:36:41","date_gmt":"2026-01-21T12:36:41","guid":{"rendered":"https:\/\/resest.com\/?p=12343"},"modified":"2026-03-16T13:38:09","modified_gmt":"2026-03-16T12:38:09","slug":"viure-sabadell-estudiant","status":"publish","type":"post","link":"https:\/\/resest.com\/ca\/on-estudiar-master\/viure-sabadell-estudiant\/","title":{"rendered":"Com \u00e9s viure a Sabadell com a estudiant: ambient, serveis i qualitat de vida"},"content":{"rendered":"\n<p>Viure a Sabadell mentre estudies \u00e9s una opci\u00f3 molt pr\u00e0ctica si vols un <strong>cost de vida m\u00e9s amable que Barcelona<\/strong>, bona connexi\u00f3 amb universitats i una ciutat amb <strong>vida cultural i serveis<\/strong> de veritat. Per a molts estudiants a Sabadell, el punt diferencial \u00e9s aquest: tens ciutat, per\u00f2 sense l\u2019estr\u00e8s (ni els preus) del centre de Barcelona.<\/p>\n\n\n\n<p>A continuaci\u00f3 tens una guia clara del que et trobar\u00e0s: ambient, mobilitat, serveis, plans i com facilitar-te el dia a dia si vius en una resid\u00e8ncia.<\/p>\n\n\n\n<h2 class=\"wp-block-heading\">Ambient d\u2019estudiant: ciutat viva, ritme sostenible<\/h2>\n\n\n\n<p>Sabadell t\u00e9 activitat (cultura, esport, biblioteques, centres c\u00edvics), per\u00f2 \u00e9s prou c\u00f2moda per moure\u2019t r\u00e0pid i organitzar-te. A nivell d\u2019oci i vida social, tens equipaments i programaci\u00f3 cultural estable (teatre, museus, activitats) i opcions distribu\u00efdes per la ciutat.<\/p>\n\n\n\n<p>El resultat \u00e9s un ambient bastant equilibrat: pots fer plans entre setmana sense \u201ccremar-te\u201d i reservar el cap de setmana per Barcelona o per desconnectar.<\/p>\n\n\n\n<h2 class=\"wp-block-heading\">Serveis i vida pr\u00e0ctica: quan tot est\u00e0 a m\u00e0, estudies millor<\/h2>\n\n\n\n<p>Quan vius fora de casa, el que marca la difer\u00e8ncia no \u00e9s nom\u00e9s l\u2019habitaci\u00f3: \u00e9s tenir recursos a prop per estudiar, cuidar-te i mantenir rutina.<\/p>\n\n\n\n<h3 class=\"wp-block-heading\">Biblioteques i sales d\u2019estudis<\/h3>\n\n\n\n<p>La xarxa de biblioteques i serveis associats (Wi-Fi, sales d\u2019estudi, etc.) \u00e9s un suport real per al dia a dia d\u2019estudiant.<\/p>\n\n\n\n<h3 class=\"wp-block-heading\">Esport i activitat f\u00edsica<\/h3>\n\n\n\n<p>Si ets dels que necessita descarregar tensi\u00f3, la ciutat tamb\u00e9 disposa de recursos i propostes vinculades a l\u2019activitat esportiva.<\/p>\n\n\n\n<h3 class=\"wp-block-heading\">Cultura i centres c\u00edvics<\/h3>\n\n\n\n<p>Per socialitzar sense gastar massa, els centres c\u00edvics i la programaci\u00f3 cultural s\u00f3n una base constant durant el curs. I si et ve de gust un pla cultural r\u00e0pid (i sovint gratu\u00eft), Sabadell ho posa f\u00e0cil amb <strong>museus municipals amb entrada gratu\u00efta<\/strong> com el <a href=\"https:\/\/museus.sabadell.cat\/museu-art\"><strong>Museu d\u2019Art de Sabadell<\/strong><\/a> i el <a href=\"https:\/\/museus.sabadell.cat\/museu-historia\"><strong>Museu d\u2019Hist\u00f2ria de Sabadell<\/strong><\/a>, que a m\u00e9s acostumen a programar <strong>exposicions temporals<\/strong>. Tamb\u00e9 tens espais d\u2019exposici\u00f3 al centre com el <a href=\"https:\/\/www.sabadell.cat\/ca\/?option=com_content&amp;view=article&amp;id=102607&amp;Itemid=859\"><strong>Casal Pere Quart<\/strong><\/a>, amb sales i horaris de visita per veure mostres i propostes culturals al llarg de l\u2019any.<\/p>\n\n\n\n<h2 class=\"wp-block-heading\">Connexions i mobilitat: UAB i Barcelona sense complicacions<\/h2>\n\n\n\n<p>Un dels arguments forts de Sabadell \u00e9s la connectivitat. Si estudies a la UAB (Bellaterra) o tens vida acad\u00e8mica a Barcelona, el tren et resol molts problemes. La l\u00ednia <strong>FGC S2<\/strong> connecta Sabadell amb parades clau com <strong>Universitat Aut\u00f2noma<\/strong> i <strong>Barcelona \u2013 Pla\u00e7a Catalunya<\/strong>.<\/p>\n\n\n\n<p>I, a m\u00e9s del tren, tens <strong>autobusos interurbans<\/strong> molt \u00fatils tant cap a Barcelona com cap a ciutats del voltant (sortides habituals des de l\u2019<strong>Estaci\u00f3 d\u2019Autobusos de Sabadell<\/strong> i altres punts de la ciutat).<\/p>\n\n\n\n<p><strong>Exemples pr\u00e0ctics de bus (per moure\u2019t sense complicacions)<\/strong><\/p>\n\n\n\n<ul class=\"wp-block-list\">\n<li><strong>Sabadell \u2192 Barcelona (bus expr\u00e9s E1)<\/strong><br>\u00c9s una opci\u00f3 directa cap a Barcelona, amb <strong>m\u00e9s freq\u00fc\u00e8ncia en hora punta<\/strong> i un trajecte pensat per ser competitiu (carril bus-VAO a la C-58, etc.).<br>Exemples de parades habituals a Sabadell: <strong>Pl. Conc\u00f2rdia \/ Eix Maci\u00e0 \/ Pl. Catalunya<\/strong>; i a Barcelona, zones d\u2019intercanvi com <strong>La Sagrera (Meridiana\/Felip II)<\/strong> i <strong>Fabra i Puig<\/strong>.<\/li>\n\n\n\n<li><strong>Sabadell \u2192 UAB (bus B6, via Badia del Vall\u00e8s)<\/strong><br>Si et va millor per horaris o zona, tens la l\u00ednia <strong>B6 (UAB \u2013 Badia \u2013 Sabadell)<\/strong>, que connecta directament amb el campus.<\/li>\n\n\n\n<li><strong>Sabadell \u2192 Terrassa (bus C5)<\/strong><br>Per moure\u2019t pel Vall\u00e8s sense passar per Barcelona, la <strong>C5 Sabadell\u2013Terrassa<\/strong> \u00e9s una l\u00ednia interurbana t\u00edpica per enlla\u00e7ar dues ciutats molt connectades entre si.<\/li>\n\n\n\n<li><strong>Sabadell \u2192 Barber\u00e0 \/ Cerdanyola (bus B2)<\/strong><br>Una altra opci\u00f3 \u00fatil per connexions de proximitat \u00e9s la <strong>B2<\/strong>, que enlla\u00e7a Sabadell amb municipis com <strong>Barber\u00e0 del Vall\u00e8s<\/strong> i <strong>Cerdanyola del Vall\u00e8s<\/strong>.<\/li>\n<\/ul>\n\n\n\n<h2 class=\"wp-block-heading\">I si vius en resid\u00e8ncia: qu\u00e8 t\u2019aporta RESEST en el dia a dia<\/h2>\n\n\n\n<p>Si el teu objectiu \u00e9s viure a prop de la UAB i tenir-ho f\u00e0cil per estudiar i socialitzar, RESEST est\u00e0 plantejada com una resid\u00e8ncia <strong>petita i tranquil\u00b7la<\/strong> (capacitat m\u00e0xima de <strong>36 estudiants en 18 habitacions dobles<\/strong>), amb un entorn pensat per a vida universit\u00e0ria.<\/p>\n\n\n\n<h3 class=\"wp-block-heading\"><a href=\"https:\/\/resest.com\/ca\/ubicacio-residencia-estudiantil-a-sabadell-barcelona\/\">Ubicaci\u00f3<\/a> que estalvia temps<\/h3>\n\n\n\n<p>RESEST indica que est\u00e0 al costat de la parada <strong>FGC Can Feu \u2013 Gr\u00e0cia<\/strong> i que aix\u00f2 facilita arribar a la <strong>UAB en pocs minuts<\/strong>.<\/p>\n\n\n\n<h3 class=\"wp-block-heading\"><a href=\"https:\/\/resest.com\/ca\/serveis-residencia-estudiantil-barcelona-bellaterra\/\">Serveis<\/a> que et treuen feina del mig<\/h3>\n\n\n\n<p>La resid\u00e8ncia inclou acc\u00e9s a <strong>zones comunes<\/strong> (sala d\u2019estudi i espais compartits), equipament a l\u2019habitaci\u00f3 (com <strong>nevera<\/strong> i <strong>caixa forta<\/strong>), <strong>neteja setmanal<\/strong> i <strong>connexi\u00f3 a internet<\/strong> a tota la resid\u00e8ncia.<br>A m\u00e9s, RESEST ofereix <strong>esmorzar bufet i sopars<\/strong> inclosos, cosa que et facilita molt el dia a dia quan tens classes, pr\u00e0ctiques o \u00e8poques d\u2019ex\u00e0mens.<\/p>\n\n\n\n<h3 class=\"wp-block-heading\"><a href=\"https:\/\/resest.com\/ca\/habitacions-residencia-estudiantil-sabadell-barcelona\/\">Habitacions<\/a> orientades a estudi i descans<\/h3>\n\n\n\n<p>RESEST presenta les habitacions com a espais <strong>funcionals i c\u00f2modes<\/strong>, pensats perqu\u00e8 puguis <strong>estudiar, descansar i mantenir rutina<\/strong> sense complicacions, tant si comparteixes habitaci\u00f3 com si busques m\u00e9s privacitat.<\/p>\n\n\n\n<h2 class=\"wp-block-heading\">Vols informaci\u00f3 per reservar pla\u00e7a a RESEST?<\/h2>\n\n\n\n<p>Si est\u00e0s valorant viure a Sabadell aquest curs i vols una resid\u00e8ncia ben connectada amb la UAB i Barcelona, <a href=\"https:\/\/resest.com\/ca\/contactar-allotjament-estudiantil-bellaterra-barcelona\/\">contacta i demana visita<\/a>.<\/p>\n","protected":false},"excerpt":{"rendered":"<p>Viure a Sabadell mentre estudies \u00e9s una opci\u00f3 molt pr\u00e0ctica si vols un cost de vida m\u00e9s amable que Barcelona, bona connexi\u00f3 amb universitats i una ciutat amb vida cultural i serveis de veritat. Per a molts estudiants a Sabadell, el punt diferencial \u00e9s aquest: tens ciutat, per\u00f2 sense l\u2019estr\u00e8s (ni els preus) del centre&hellip;<\/p>\n","protected":false},"author":1,"featured_media":12322,"comment_status":"open","ping_status":"open","sticky":false,"template":"","format":"standard","meta":{"footnotes":""},"categories":[52],"tags":[],"class_list":["post-12343","post","type-post","status-publish","format-standard","has-post-thumbnail","hentry","category-on-estudiar-master","entry","has-media"],"yoast_head":"<!-- This site is optimized with the Yoast SEO plugin v26.4 - https:\/\/yoast.com\/wordpress\/plugins\/seo\/ -->\n<title>Com \u00e9s viure a Sabadell com a estudiant - RESEST<\/title>\n<meta name=\"description\" content=\"Guia per a estudiants a Sabadell: ambient, connexions amb UAB\/Barcelona, serveis i qualitat de vida. Consells i opcions d\u2019allotjament.\" \/>\n<meta name=\"robots\" content=\"index, follow, max-snippet:-1, max-image-preview:large, max-video-preview:-1\" \/>\n<link rel=\"canonical\" href=\"https:\/\/resest.com\/ca\/on-estudiar-master\/viure-sabadell-estudiant\/\" \/>\n<meta property=\"og:locale\" content=\"ca_ES\" \/>\n<meta property=\"og:type\" content=\"article\" \/>\n<meta property=\"og:title\" content=\"Com \u00e9s viure a Sabadell com a estudiant - RESEST\" \/>\n<meta property=\"og:description\" content=\"Guia per a estudiants a Sabadell: ambient, connexions amb UAB\/Barcelona, serveis i qualitat de vida. Consells i opcions d\u2019allotjament.\" \/>\n<meta property=\"og:url\" content=\"https:\/\/resest.com\/ca\/on-estudiar-master\/viure-sabadell-estudiant\/\" \/>\n<meta property=\"og:site_name\" content=\"Resid\u00e8ncia d&#039;Estudiants l&#039;Estaci\u00f3 de Sabadell | Resest\" \/>\n<meta property=\"article:published_time\" content=\"2026-01-21T12:36:41+00:00\" \/>\n<meta property=\"article:modified_time\" content=\"2026-03-16T12:38:09+00:00\" \/>\n<meta property=\"og:image\" content=\"https:\/\/resest.com\/wp-content\/uploads\/2026\/03\/s1.2.jpg\" \/>\n\t<meta property=\"og:image:width\" content=\"1200\" \/>\n\t<meta property=\"og:image:height\" content=\"800\" \/>\n\t<meta property=\"og:image:type\" content=\"image\/jpeg\" \/>\n<meta name=\"author\" content=\"Resest\" \/>\n<meta name=\"twitter:label1\" content=\"Written by\" \/>\n\t<meta name=\"twitter:data1\" content=\"Resest\" \/>\n\t<meta name=\"twitter:label2\" content=\"Est. reading time\" \/>\n\t<meta name=\"twitter:data2\" content=\"5 minutes\" \/>\n<script type=\"application\/ld+json\" class=\"yoast-schema-graph\">{\"@context\":\"https:\/\/schema.org\",\"@graph\":[{\"@type\":\"Article\",\"@id\":\"https:\/\/resest.com\/ca\/on-estudiar-master\/viure-sabadell-estudiant\/#article\",\"isPartOf\":{\"@id\":\"https:\/\/resest.com\/ca\/on-estudiar-master\/viure-sabadell-estudiant\/\"},\"author\":{\"name\":\"Resest\",\"@id\":\"https:\/\/resest.com\/ca\/#\/schema\/person\/d9965768ae08730dafc3a7c835fcc47c\"},\"headline\":\"Com \u00e9s viure a Sabadell com a estudiant: ambient, serveis i qualitat de vida\",\"datePublished\":\"2026-01-21T12:36:41+00:00\",\"dateModified\":\"2026-03-16T12:38:09+00:00\",\"mainEntityOfPage\":{\"@id\":\"https:\/\/resest.com\/ca\/on-estudiar-master\/viure-sabadell-estudiant\/\"},\"wordCount\":872,\"commentCount\":0,\"publisher\":{\"@id\":\"https:\/\/resest.com\/ca\/#organization\"},\"image\":{\"@id\":\"https:\/\/resest.com\/ca\/on-estudiar-master\/viure-sabadell-estudiant\/#primaryimage\"},\"thumbnailUrl\":\"https:\/\/resest.com\/wp-content\/uploads\/2026\/03\/s1.2.jpg\",\"articleSection\":[\"Per qu\u00e8 Resest?\"],\"inLanguage\":\"ca-ES\",\"potentialAction\":[{\"@type\":\"CommentAction\",\"name\":\"Comment\",\"target\":[\"https:\/\/resest.com\/ca\/on-estudiar-master\/viure-sabadell-estudiant\/#respond\"]}]},{\"@type\":\"WebPage\",\"@id\":\"https:\/\/resest.com\/ca\/on-estudiar-master\/viure-sabadell-estudiant\/\",\"url\":\"https:\/\/resest.com\/ca\/on-estudiar-master\/viure-sabadell-estudiant\/\",\"name\":\"Com \u00e9s viure a Sabadell com a estudiant - RESEST\",\"isPartOf\":{\"@id\":\"https:\/\/resest.com\/ca\/#website\"},\"primaryImageOfPage\":{\"@id\":\"https:\/\/resest.com\/ca\/on-estudiar-master\/viure-sabadell-estudiant\/#primaryimage\"},\"image\":{\"@id\":\"https:\/\/resest.com\/ca\/on-estudiar-master\/viure-sabadell-estudiant\/#primaryimage\"},\"thumbnailUrl\":\"https:\/\/resest.com\/wp-content\/uploads\/2026\/03\/s1.2.jpg\",\"datePublished\":\"2026-01-21T12:36:41+00:00\",\"dateModified\":\"2026-03-16T12:38:09+00:00\",\"description\":\"Guia per a estudiants a Sabadell: ambient, connexions amb UAB\/Barcelona, serveis i qualitat de vida. Consells i opcions d\u2019allotjament.\",\"breadcrumb\":{\"@id\":\"https:\/\/resest.com\/ca\/on-estudiar-master\/viure-sabadell-estudiant\/#breadcrumb\"},\"inLanguage\":\"ca-ES\",\"potentialAction\":[{\"@type\":\"ReadAction\",\"target\":[\"https:\/\/resest.com\/ca\/on-estudiar-master\/viure-sabadell-estudiant\/\"]}]},{\"@type\":\"ImageObject\",\"inLanguage\":\"ca-ES\",\"@id\":\"https:\/\/resest.com\/ca\/on-estudiar-master\/viure-sabadell-estudiant\/#primaryimage\",\"url\":\"https:\/\/resest.com\/wp-content\/uploads\/2026\/03\/s1.2.jpg\",\"contentUrl\":\"https:\/\/resest.com\/wp-content\/uploads\/2026\/03\/s1.2.jpg\",\"width\":1200,\"height\":800},{\"@type\":\"BreadcrumbList\",\"@id\":\"https:\/\/resest.com\/ca\/on-estudiar-master\/viure-sabadell-estudiant\/#breadcrumb\",\"itemListElement\":[{\"@type\":\"ListItem\",\"position\":1,\"name\":\"Inici\",\"item\":\"https:\/\/resest.com\/ca\/\"},{\"@type\":\"ListItem\",\"position\":2,\"name\":\"Com \u00e9s viure a Sabadell com a estudiant: ambient, serveis i qualitat de vida\"}]},{\"@type\":\"WebSite\",\"@id\":\"https:\/\/resest.com\/ca\/#website\",\"url\":\"https:\/\/resest.com\/ca\/\",\"name\":\"Resid\u00e8ncia d&#039;Estudiants l&#039;Estaci\u00f3 de Sabadell | Resest\",\"description\":\"Prop de l\u2019Universitat Aut\u00f2noma de Barcelona (UAB)\",\"publisher\":{\"@id\":\"https:\/\/resest.com\/ca\/#organization\"},\"potentialAction\":[{\"@type\":\"SearchAction\",\"target\":{\"@type\":\"EntryPoint\",\"urlTemplate\":\"https:\/\/resest.com\/ca\/?s={search_term_string}\"},\"query-input\":{\"@type\":\"PropertyValueSpecification\",\"valueRequired\":true,\"valueName\":\"search_term_string\"}}],\"inLanguage\":\"ca-ES\"},{\"@type\":\"Organization\",\"@id\":\"https:\/\/resest.com\/ca\/#organization\",\"name\":\"Resid\u00e8ncia d&#039;Estudiants l&#039;Estaci\u00f3 de Sabadell | Resest\",\"url\":\"https:\/\/resest.com\/ca\/\",\"logo\":{\"@type\":\"ImageObject\",\"inLanguage\":\"ca-ES\",\"@id\":\"https:\/\/resest.com\/ca\/#\/schema\/logo\/image\/\",\"url\":\"https:\/\/resest.com\/wp-content\/uploads\/2024\/03\/Facana-1.jpg\",\"contentUrl\":\"https:\/\/resest.com\/wp-content\/uploads\/2024\/03\/Facana-1.jpg\",\"width\":1200,\"height\":1009,\"caption\":\"Resid\u00e8ncia d&#039;Estudiants l&#039;Estaci\u00f3 de Sabadell | Resest\"},\"image\":{\"@id\":\"https:\/\/resest.com\/ca\/#\/schema\/logo\/image\/\"}},{\"@type\":\"Person\",\"@id\":\"https:\/\/resest.com\/ca\/#\/schema\/person\/d9965768ae08730dafc3a7c835fcc47c\",\"name\":\"Resest\",\"image\":{\"@type\":\"ImageObject\",\"inLanguage\":\"ca-ES\",\"@id\":\"https:\/\/resest.com\/ca\/#\/schema\/person\/image\/\",\"url\":\"https:\/\/secure.gravatar.com\/avatar\/0c7509c85c836ff68bc43efa415976254ed1463e7bbc3edf38a658092e29e5b4?s=96&d=mm&r=g\",\"contentUrl\":\"https:\/\/secure.gravatar.com\/avatar\/0c7509c85c836ff68bc43efa415976254ed1463e7bbc3edf38a658092e29e5b4?s=96&d=mm&r=g\",\"caption\":\"Resest\"},\"url\":\"https:\/\/resest.com\/ca\/author\/jordi\/\"}]}<\/script>\n<!-- \/ Yoast SEO plugin. -->","yoast_head_json":{"title":"Com \u00e9s viure a Sabadell com a estudiant - RESEST","description":"Guia per a estudiants a Sabadell: ambient, connexions amb UAB\/Barcelona, serveis i qualitat de vida. Consells i opcions d\u2019allotjament.","robots":{"index":"index","follow":"follow","max-snippet":"max-snippet:-1","max-image-preview":"max-image-preview:large","max-video-preview":"max-video-preview:-1"},"canonical":"https:\/\/resest.com\/ca\/on-estudiar-master\/viure-sabadell-estudiant\/","og_locale":"ca_ES","og_type":"article","og_title":"Com \u00e9s viure a Sabadell com a estudiant - RESEST","og_description":"Guia per a estudiants a Sabadell: ambient, connexions amb UAB\/Barcelona, serveis i qualitat de vida. Consells i opcions d\u2019allotjament.","og_url":"https:\/\/resest.com\/ca\/on-estudiar-master\/viure-sabadell-estudiant\/","og_site_name":"Resid\u00e8ncia d&#039;Estudiants l&#039;Estaci\u00f3 de Sabadell | Resest","article_published_time":"2026-01-21T12:36:41+00:00","article_modified_time":"2026-03-16T12:38:09+00:00","og_image":[{"width":1200,"height":800,"url":"https:\/\/resest.com\/wp-content\/uploads\/2026\/03\/s1.2.jpg","type":"image\/jpeg"}],"author":"Resest","twitter_misc":{"Written by":"Resest","Est. reading time":"5 minutes"},"schema":{"@context":"https:\/\/schema.org","@graph":[{"@type":"Article","@id":"https:\/\/resest.com\/ca\/on-estudiar-master\/viure-sabadell-estudiant\/#article","isPartOf":{"@id":"https:\/\/resest.com\/ca\/on-estudiar-master\/viure-sabadell-estudiant\/"},"author":{"name":"Resest","@id":"https:\/\/resest.com\/ca\/#\/schema\/person\/d9965768ae08730dafc3a7c835fcc47c"},"headline":"Com \u00e9s viure a Sabadell com a estudiant: ambient, serveis i qualitat de vida","datePublished":"2026-01-21T12:36:41+00:00","dateModified":"2026-03-16T12:38:09+00:00","mainEntityOfPage":{"@id":"https:\/\/resest.com\/ca\/on-estudiar-master\/viure-sabadell-estudiant\/"},"wordCount":872,"commentCount":0,"publisher":{"@id":"https:\/\/resest.com\/ca\/#organization"},"image":{"@id":"https:\/\/resest.com\/ca\/on-estudiar-master\/viure-sabadell-estudiant\/#primaryimage"},"thumbnailUrl":"https:\/\/resest.com\/wp-content\/uploads\/2026\/03\/s1.2.jpg","articleSection":["Per qu\u00e8 Resest?"],"inLanguage":"ca-ES","potentialAction":[{"@type":"CommentAction","name":"Comment","target":["https:\/\/resest.com\/ca\/on-estudiar-master\/viure-sabadell-estudiant\/#respond"]}]},{"@type":"WebPage","@id":"https:\/\/resest.com\/ca\/on-estudiar-master\/viure-sabadell-estudiant\/","url":"https:\/\/resest.com\/ca\/on-estudiar-master\/viure-sabadell-estudiant\/","name":"Com \u00e9s viure a Sabadell com a estudiant - RESEST","isPartOf":{"@id":"https:\/\/resest.com\/ca\/#website"},"primaryImageOfPage":{"@id":"https:\/\/resest.com\/ca\/on-estudiar-master\/viure-sabadell-estudiant\/#primaryimage"},"image":{"@id":"https:\/\/resest.com\/ca\/on-estudiar-master\/viure-sabadell-estudiant\/#primaryimage"},"thumbnailUrl":"https:\/\/resest.com\/wp-content\/uploads\/2026\/03\/s1.2.jpg","datePublished":"2026-01-21T12:36:41+00:00","dateModified":"2026-03-16T12:38:09+00:00","description":"Guia per a estudiants a Sabadell: ambient, connexions amb UAB\/Barcelona, serveis i qualitat de vida. Consells i opcions d\u2019allotjament.","breadcrumb":{"@id":"https:\/\/resest.com\/ca\/on-estudiar-master\/viure-sabadell-estudiant\/#breadcrumb"},"inLanguage":"ca-ES","potentialAction":[{"@type":"ReadAction","target":["https:\/\/resest.com\/ca\/on-estudiar-master\/viure-sabadell-estudiant\/"]}]},{"@type":"ImageObject","inLanguage":"ca-ES","@id":"https:\/\/resest.com\/ca\/on-estudiar-master\/viure-sabadell-estudiant\/#primaryimage","url":"https:\/\/resest.com\/wp-content\/uploads\/2026\/03\/s1.2.jpg","contentUrl":"https:\/\/resest.com\/wp-content\/uploads\/2026\/03\/s1.2.jpg","width":1200,"height":800},{"@type":"BreadcrumbList","@id":"https:\/\/resest.com\/ca\/on-estudiar-master\/viure-sabadell-estudiant\/#breadcrumb","itemListElement":[{"@type":"ListItem","position":1,"name":"Inici","item":"https:\/\/resest.com\/ca\/"},{"@type":"ListItem","position":2,"name":"Com \u00e9s viure a Sabadell com a estudiant: ambient, serveis i qualitat de vida"}]},{"@type":"WebSite","@id":"https:\/\/resest.com\/ca\/#website","url":"https:\/\/resest.com\/ca\/","name":"Resid\u00e8ncia d&#039;Estudiants l&#039;Estaci\u00f3 de Sabadell | Resest","description":"Prop de l\u2019Universitat Aut\u00f2noma de Barcelona (UAB)","publisher":{"@id":"https:\/\/resest.com\/ca\/#organization"},"potentialAction":[{"@type":"SearchAction","target":{"@type":"EntryPoint","urlTemplate":"https:\/\/resest.com\/ca\/?s={search_term_string}"},"query-input":{"@type":"PropertyValueSpecification","valueRequired":true,"valueName":"search_term_string"}}],"inLanguage":"ca-ES"},{"@type":"Organization","@id":"https:\/\/resest.com\/ca\/#organization","name":"Resid\u00e8ncia d&#039;Estudiants l&#039;Estaci\u00f3 de Sabadell | Resest","url":"https:\/\/resest.com\/ca\/","logo":{"@type":"ImageObject","inLanguage":"ca-ES","@id":"https:\/\/resest.com\/ca\/#\/schema\/logo\/image\/","url":"https:\/\/resest.com\/wp-content\/uploads\/2024\/03\/Facana-1.jpg","contentUrl":"https:\/\/resest.com\/wp-content\/uploads\/2024\/03\/Facana-1.jpg","width":1200,"height":1009,"caption":"Resid\u00e8ncia d&#039;Estudiants l&#039;Estaci\u00f3 de Sabadell | Resest"},"image":{"@id":"https:\/\/resest.com\/ca\/#\/schema\/logo\/image\/"}},{"@type":"Person","@id":"https:\/\/resest.com\/ca\/#\/schema\/person\/d9965768ae08730dafc3a7c835fcc47c","name":"Resest","image":{"@type":"ImageObject","inLanguage":"ca-ES","@id":"https:\/\/resest.com\/ca\/#\/schema\/person\/image\/","url":"https:\/\/secure.gravatar.com\/avatar\/0c7509c85c836ff68bc43efa415976254ed1463e7bbc3edf38a658092e29e5b4?s=96&d=mm&r=g","contentUrl":"https:\/\/secure.gravatar.com\/avatar\/0c7509c85c836ff68bc43efa415976254ed1463e7bbc3edf38a658092e29e5b4?s=96&d=mm&r=g","caption":"Resest"},"url":"https:\/\/resest.com\/ca\/author\/jordi\/"}]}},"_links":{"self":[{"href":"https:\/\/resest.com\/ca\/wp-json\/wp\/v2\/posts\/12343","targetHints":{"allow":["GET"]}}],"collection":[{"href":"https:\/\/resest.com\/ca\/wp-json\/wp\/v2\/posts"}],"about":[{"href":"https:\/\/resest.com\/ca\/wp-json\/wp\/v2\/types\/post"}],"author":[{"embeddable":true,"href":"https:\/\/resest.com\/ca\/wp-json\/wp\/v2\/users\/1"}],"replies":[{"embeddable":true,"href":"https:\/\/resest.com\/ca\/wp-json\/wp\/v2\/comments?post=12343"}],"version-history":[{"count":1,"href":"https:\/\/resest.com\/ca\/wp-json\/wp\/v2\/posts\/12343\/revisions"}],"predecessor-version":[{"id":12344,"href":"https:\/\/resest.com\/ca\/wp-json\/wp\/v2\/posts\/12343\/revisions\/12344"}],"wp:featuredmedia":[{"embeddable":true,"href":"https:\/\/resest.com\/ca\/wp-json\/wp\/v2\/media\/12322"}],"wp:attachment":[{"href":"https:\/\/resest.com\/ca\/wp-json\/wp\/v2\/media?parent=12343"}],"wp:term":[{"taxonomy":"category","embeddable":true,"href":"https:\/\/resest.com\/ca\/wp-json\/wp\/v2\/categories?post=12343"},{"taxonomy":"post_tag","embeddable":true,"href":"https:\/\/resest.com\/ca\/wp-json\/wp\/v2\/tags?post=12343"}],"curies":[{"name":"wp","href":"https:\/\/api.w.org\/{rel}","templated":true}]}}