{"id":1234,"date":"2013-05-30T17:03:57","date_gmt":"2013-05-30T16:03:57","guid":{"rendered":"http:\/\/www.resest.com\/?p=1234"},"modified":"2018-08-23T09:51:57","modified_gmt":"2018-08-23T08:51:57","slug":"jornada-portes-obertes-residencia-estudiantil","status":"publish","type":"post","link":"https:\/\/resest.com\/ca\/blog\/jornada-portes-obertes-residencia-estudiantil\/","title":{"rendered":"Nova Jornada de Portes Obertes el Diumenge dos de Juny en Resest"},"content":{"rendered":"<p>El proper <strong>diumenge 2 de Juny<\/strong>, tindrem jornada de portes obertes a la Residencia d&#8217;Estudiants de <strong>11 h a 13 h<\/strong>. <strong>Us esperem<\/strong>. Estarem encantats d&#8217;ensenyar-vos les nostres instal\u2022lacions pensades per a resoldre totes les comoditats dels estudiants. Si esteu interessats en visitar la resid\u00e8ncia en un altre dia diferent, podeu sol\u2022licitar-ho a la nostra p\u00e0gina web <a title=\"Resid\u00e8ncia Estudiants\" href=\"https:\/\/resest.com\/\" target=\"_blank\" rel=\"noopener\">www.resest.com<\/a> o al tel\u00e8fon 616989342, indicant la data i hora aproximada i us confirmarem la visita.<\/p>\n","protected":false},"excerpt":{"rendered":"<p>El proper diumenge 2 de Juny, tindrem jornada de portes obertes a la Residencia d&#8217;Estudiants de 11 h a 13 h. Us esperem. Estarem encantats d&#8217;ensenyar-vos les nostres instal\u2022lacions pensades per a resoldre totes les comoditats dels estudiants. Si esteu interessats en visitar la resid\u00e8ncia en un altre dia diferent, podeu sol\u2022licitar-ho a la nostra&hellip;<\/p>\n","protected":false},"author":3,"featured_media":0,"comment_status":"closed","ping_status":"open","sticky":false,"template":"","format":"standard","meta":{"footnotes":""},"categories":[6],"tags":[],"class_list":["post-1234","post","type-post","status-publish","format-standard","hentry","category-blog","entry","no-media"],"yoast_head":"<!-- This site is optimized with the Yoast SEO plugin v26.4 - https:\/\/yoast.com\/wordpress\/plugins\/seo\/ -->\n<title>Vine a visitar la nostra resid\u00e8ncia estudiantil en la jornada de portes obertes - Resest<\/title>\n<meta name=\"description\" content=\"La Resid\u00e8ncia d&#039;Estudiants, prop de Barcelona realitza jornada de portes obertes perqu\u00e8 els futurs estudiants vegin la resid\u00e8ncia estudiantil.\" \/>\n<meta name=\"robots\" content=\"index, follow, max-snippet:-1, max-image-preview:large, max-video-preview:-1\" \/>\n<link rel=\"canonical\" href=\"https:\/\/resest.com\/ca\/blog\/jornada-portes-obertes-residencia-estudiantil\/\" \/>\n<meta property=\"og:locale\" content=\"ca_ES\" \/>\n<meta property=\"og:type\" content=\"article\" \/>\n<meta property=\"og:title\" content=\"Vine a visitar la nostra resid\u00e8ncia estudiantil en la jornada de portes obertes - Resest\" \/>\n<meta property=\"og:description\" content=\"La Resid\u00e8ncia d&#039;Estudiants, prop de Barcelona realitza jornada de portes obertes perqu\u00e8 els futurs estudiants vegin la resid\u00e8ncia estudiantil.\" \/>\n<meta property=\"og:url\" content=\"https:\/\/resest.com\/ca\/blog\/jornada-portes-obertes-residencia-estudiantil\/\" \/>\n<meta property=\"og:site_name\" content=\"Resid\u00e8ncia d&#039;Estudiants l&#039;Estaci\u00f3 de Sabadell | Resest\" \/>\n<meta property=\"article:published_time\" content=\"2013-05-30T16:03:57+00:00\" \/>\n<meta property=\"article:modified_time\" content=\"2018-08-23T08:51:57+00:00\" \/>\n<meta name=\"author\" content=\"Resest\" \/>\n<meta name=\"twitter:label1\" content=\"Written by\" \/>\n\t<meta name=\"twitter:data1\" content=\"Resest\" \/>\n<script type=\"application\/ld+json\" class=\"yoast-schema-graph\">{\"@context\":\"https:\/\/schema.org\",\"@graph\":[{\"@type\":\"Article\",\"@id\":\"https:\/\/resest.com\/ca\/blog\/jornada-portes-obertes-residencia-estudiantil\/#article\",\"isPartOf\":{\"@id\":\"https:\/\/resest.com\/ca\/blog\/jornada-portes-obertes-residencia-estudiantil\/\"},\"author\":{\"name\":\"Resest\",\"@id\":\"https:\/\/resest.com\/ca\/#\/schema\/person\/f66d2b5dae2cd0a989ab720dd211d2a9\"},\"headline\":\"Nova Jornada de Portes Obertes el Diumenge dos de Juny en Resest\",\"datePublished\":\"2013-05-30T16:03:57+00:00\",\"dateModified\":\"2018-08-23T08:51:57+00:00\",\"mainEntityOfPage\":{\"@id\":\"https:\/\/resest.com\/ca\/blog\/jornada-portes-obertes-residencia-estudiantil\/\"},\"wordCount\":90,\"publisher\":{\"@id\":\"https:\/\/resest.com\/ca\/#organization\"},\"articleSection\":[\"Blog\"],\"inLanguage\":\"ca-ES\"},{\"@type\":\"WebPage\",\"@id\":\"https:\/\/resest.com\/ca\/blog\/jornada-portes-obertes-residencia-estudiantil\/\",\"url\":\"https:\/\/resest.com\/ca\/blog\/jornada-portes-obertes-residencia-estudiantil\/\",\"name\":\"Vine a visitar la nostra resid\u00e8ncia estudiantil en la jornada de portes obertes - Resest\",\"isPartOf\":{\"@id\":\"https:\/\/resest.com\/ca\/#website\"},\"datePublished\":\"2013-05-30T16:03:57+00:00\",\"dateModified\":\"2018-08-23T08:51:57+00:00\",\"description\":\"La Resid\u00e8ncia d'Estudiants, prop de Barcelona realitza jornada de portes obertes perqu\u00e8 els futurs estudiants vegin la resid\u00e8ncia estudiantil.\",\"breadcrumb\":{\"@id\":\"https:\/\/resest.com\/ca\/blog\/jornada-portes-obertes-residencia-estudiantil\/#breadcrumb\"},\"inLanguage\":\"ca-ES\",\"potentialAction\":[{\"@type\":\"ReadAction\",\"target\":[\"https:\/\/resest.com\/ca\/blog\/jornada-portes-obertes-residencia-estudiantil\/\"]}]},{\"@type\":\"BreadcrumbList\",\"@id\":\"https:\/\/resest.com\/ca\/blog\/jornada-portes-obertes-residencia-estudiantil\/#breadcrumb\",\"itemListElement\":[{\"@type\":\"ListItem\",\"position\":1,\"name\":\"Inici\",\"item\":\"https:\/\/resest.com\/ca\/\"},{\"@type\":\"ListItem\",\"position\":2,\"name\":\"Nova Jornada de Portes Obertes el Diumenge dos de Juny en Resest\"}]},{\"@type\":\"WebSite\",\"@id\":\"https:\/\/resest.com\/ca\/#website\",\"url\":\"https:\/\/resest.com\/ca\/\",\"name\":\"Resid\u00e8ncia d&#039;Estudiants l&#039;Estaci\u00f3 de Sabadell | Resest\",\"description\":\"Prop de l\u2019Universitat Aut\u00f2noma de Barcelona (UAB)\",\"publisher\":{\"@id\":\"https:\/\/resest.com\/ca\/#organization\"},\"potentialAction\":[{\"@type\":\"SearchAction\",\"target\":{\"@type\":\"EntryPoint\",\"urlTemplate\":\"https:\/\/resest.com\/ca\/?s={search_term_string}\"},\"query-input\":{\"@type\":\"PropertyValueSpecification\",\"valueRequired\":true,\"valueName\":\"search_term_string\"}}],\"inLanguage\":\"ca-ES\"},{\"@type\":\"Organization\",\"@id\":\"https:\/\/resest.com\/ca\/#organization\",\"name\":\"Resid\u00e8ncia d&#039;Estudiants l&#039;Estaci\u00f3 de Sabadell | Resest\",\"url\":\"https:\/\/resest.com\/ca\/\",\"logo\":{\"@type\":\"ImageObject\",\"inLanguage\":\"ca-ES\",\"@id\":\"https:\/\/resest.com\/ca\/#\/schema\/logo\/image\/\",\"url\":\"https:\/\/resest.com\/wp-content\/uploads\/2024\/03\/Facana-1.jpg\",\"contentUrl\":\"https:\/\/resest.com\/wp-content\/uploads\/2024\/03\/Facana-1.jpg\",\"width\":1200,\"height\":1009,\"caption\":\"Resid\u00e8ncia d&#039;Estudiants l&#039;Estaci\u00f3 de Sabadell | Resest\"},\"image\":{\"@id\":\"https:\/\/resest.com\/ca\/#\/schema\/logo\/image\/\"}},{\"@type\":\"Person\",\"@id\":\"https:\/\/resest.com\/ca\/#\/schema\/person\/f66d2b5dae2cd0a989ab720dd211d2a9\",\"name\":\"Resest\",\"image\":{\"@type\":\"ImageObject\",\"inLanguage\":\"ca-ES\",\"@id\":\"https:\/\/resest.com\/ca\/#\/schema\/person\/image\/\",\"url\":\"https:\/\/secure.gravatar.com\/avatar\/a5d542eca874617a8a62a45c724821a615f770cf5bde5e61a93a7a2562faba7a?s=96&d=mm&r=g\",\"contentUrl\":\"https:\/\/secure.gravatar.com\/avatar\/a5d542eca874617a8a62a45c724821a615f770cf5bde5e61a93a7a2562faba7a?s=96&d=mm&r=g\",\"caption\":\"Resest\"},\"url\":\"https:\/\/resest.com\/ca\/author\/resest\/\"}]}<\/script>\n<!-- \/ Yoast SEO plugin. -->","yoast_head_json":{"title":"Vine a visitar la nostra resid\u00e8ncia estudiantil en la jornada de portes obertes - Resest","description":"La Resid\u00e8ncia d'Estudiants, prop de Barcelona realitza jornada de portes obertes perqu\u00e8 els futurs estudiants vegin la resid\u00e8ncia estudiantil.","robots":{"index":"index","follow":"follow","max-snippet":"max-snippet:-1","max-image-preview":"max-image-preview:large","max-video-preview":"max-video-preview:-1"},"canonical":"https:\/\/resest.com\/ca\/blog\/jornada-portes-obertes-residencia-estudiantil\/","og_locale":"ca_ES","og_type":"article","og_title":"Vine a visitar la nostra resid\u00e8ncia estudiantil en la jornada de portes obertes - Resest","og_description":"La Resid\u00e8ncia d'Estudiants, prop de Barcelona realitza jornada de portes obertes perqu\u00e8 els futurs estudiants vegin la resid\u00e8ncia estudiantil.","og_url":"https:\/\/resest.com\/ca\/blog\/jornada-portes-obertes-residencia-estudiantil\/","og_site_name":"Resid\u00e8ncia d&#039;Estudiants l&#039;Estaci\u00f3 de Sabadell | Resest","article_published_time":"2013-05-30T16:03:57+00:00","article_modified_time":"2018-08-23T08:51:57+00:00","author":"Resest","twitter_misc":{"Written by":"Resest"},"schema":{"@context":"https:\/\/schema.org","@graph":[{"@type":"Article","@id":"https:\/\/resest.com\/ca\/blog\/jornada-portes-obertes-residencia-estudiantil\/#article","isPartOf":{"@id":"https:\/\/resest.com\/ca\/blog\/jornada-portes-obertes-residencia-estudiantil\/"},"author":{"name":"Resest","@id":"https:\/\/resest.com\/ca\/#\/schema\/person\/f66d2b5dae2cd0a989ab720dd211d2a9"},"headline":"Nova Jornada de Portes Obertes el Diumenge dos de Juny en Resest","datePublished":"2013-05-30T16:03:57+00:00","dateModified":"2018-08-23T08:51:57+00:00","mainEntityOfPage":{"@id":"https:\/\/resest.com\/ca\/blog\/jornada-portes-obertes-residencia-estudiantil\/"},"wordCount":90,"publisher":{"@id":"https:\/\/resest.com\/ca\/#organization"},"articleSection":["Blog"],"inLanguage":"ca-ES"},{"@type":"WebPage","@id":"https:\/\/resest.com\/ca\/blog\/jornada-portes-obertes-residencia-estudiantil\/","url":"https:\/\/resest.com\/ca\/blog\/jornada-portes-obertes-residencia-estudiantil\/","name":"Vine a visitar la nostra resid\u00e8ncia estudiantil en la jornada de portes obertes - Resest","isPartOf":{"@id":"https:\/\/resest.com\/ca\/#website"},"datePublished":"2013-05-30T16:03:57+00:00","dateModified":"2018-08-23T08:51:57+00:00","description":"La Resid\u00e8ncia d'Estudiants, prop de Barcelona realitza jornada de portes obertes perqu\u00e8 els futurs estudiants vegin la resid\u00e8ncia estudiantil.","breadcrumb":{"@id":"https:\/\/resest.com\/ca\/blog\/jornada-portes-obertes-residencia-estudiantil\/#breadcrumb"},"inLanguage":"ca-ES","potentialAction":[{"@type":"ReadAction","target":["https:\/\/resest.com\/ca\/blog\/jornada-portes-obertes-residencia-estudiantil\/"]}]},{"@type":"BreadcrumbList","@id":"https:\/\/resest.com\/ca\/blog\/jornada-portes-obertes-residencia-estudiantil\/#breadcrumb","itemListElement":[{"@type":"ListItem","position":1,"name":"Inici","item":"https:\/\/resest.com\/ca\/"},{"@type":"ListItem","position":2,"name":"Nova Jornada de Portes Obertes el Diumenge dos de Juny en Resest"}]},{"@type":"WebSite","@id":"https:\/\/resest.com\/ca\/#website","url":"https:\/\/resest.com\/ca\/","name":"Resid\u00e8ncia d&#039;Estudiants l&#039;Estaci\u00f3 de Sabadell | Resest","description":"Prop de l\u2019Universitat Aut\u00f2noma de Barcelona (UAB)","publisher":{"@id":"https:\/\/resest.com\/ca\/#organization"},"potentialAction":[{"@type":"SearchAction","target":{"@type":"EntryPoint","urlTemplate":"https:\/\/resest.com\/ca\/?s={search_term_string}"},"query-input":{"@type":"PropertyValueSpecification","valueRequired":true,"valueName":"search_term_string"}}],"inLanguage":"ca-ES"},{"@type":"Organization","@id":"https:\/\/resest.com\/ca\/#organization","name":"Resid\u00e8ncia d&#039;Estudiants l&#039;Estaci\u00f3 de Sabadell | Resest","url":"https:\/\/resest.com\/ca\/","logo":{"@type":"ImageObject","inLanguage":"ca-ES","@id":"https:\/\/resest.com\/ca\/#\/schema\/logo\/image\/","url":"https:\/\/resest.com\/wp-content\/uploads\/2024\/03\/Facana-1.jpg","contentUrl":"https:\/\/resest.com\/wp-content\/uploads\/2024\/03\/Facana-1.jpg","width":1200,"height":1009,"caption":"Resid\u00e8ncia d&#039;Estudiants l&#039;Estaci\u00f3 de Sabadell | Resest"},"image":{"@id":"https:\/\/resest.com\/ca\/#\/schema\/logo\/image\/"}},{"@type":"Person","@id":"https:\/\/resest.com\/ca\/#\/schema\/person\/f66d2b5dae2cd0a989ab720dd211d2a9","name":"Resest","image":{"@type":"ImageObject","inLanguage":"ca-ES","@id":"https:\/\/resest.com\/ca\/#\/schema\/person\/image\/","url":"https:\/\/secure.gravatar.com\/avatar\/a5d542eca874617a8a62a45c724821a615f770cf5bde5e61a93a7a2562faba7a?s=96&d=mm&r=g","contentUrl":"https:\/\/secure.gravatar.com\/avatar\/a5d542eca874617a8a62a45c724821a615f770cf5bde5e61a93a7a2562faba7a?s=96&d=mm&r=g","caption":"Resest"},"url":"https:\/\/resest.com\/ca\/author\/resest\/"}]}},"_links":{"self":[{"href":"https:\/\/resest.com\/ca\/wp-json\/wp\/v2\/posts\/1234","targetHints":{"allow":["GET"]}}],"collection":[{"href":"https:\/\/resest.com\/ca\/wp-json\/wp\/v2\/posts"}],"about":[{"href":"https:\/\/resest.com\/ca\/wp-json\/wp\/v2\/types\/post"}],"author":[{"embeddable":true,"href":"https:\/\/resest.com\/ca\/wp-json\/wp\/v2\/users\/3"}],"replies":[{"embeddable":true,"href":"https:\/\/resest.com\/ca\/wp-json\/wp\/v2\/comments?post=1234"}],"version-history":[{"count":0,"href":"https:\/\/resest.com\/ca\/wp-json\/wp\/v2\/posts\/1234\/revisions"}],"wp:attachment":[{"href":"https:\/\/resest.com\/ca\/wp-json\/wp\/v2\/media?parent=1234"}],"wp:term":[{"taxonomy":"category","embeddable":true,"href":"https:\/\/resest.com\/ca\/wp-json\/wp\/v2\/categories?post=1234"},{"taxonomy":"post_tag","embeddable":true,"href":"https:\/\/resest.com\/ca\/wp-json\/wp\/v2\/tags?post=1234"}],"curies":[{"name":"wp","href":"https:\/\/api.w.org\/{rel}","templated":true}]}}