{"id":12320,"date":"2026-01-13T13:59:57","date_gmt":"2026-01-13T12:59:57","guid":{"rendered":"https:\/\/resest.com\/?p=12320"},"modified":"2026-03-11T14:02:01","modified_gmt":"2026-03-11T13:02:01","slug":"esdeveniments-sabadell-2026","status":"publish","type":"post","link":"https:\/\/resest.com\/ca\/activitats-i-oci\/esdeveniments-sabadell-2026\/","title":{"rendered":"Els principals esdeveniments a Sabadell que no et pots perdre si ets estudiant (2026)"},"content":{"rendered":"\n<p>Si estudies a Sabadell (o hi vius mentre vas a la UAB o Barcelona), tens un avantatge clar: <strong>sempre hi ha plans a prop<\/strong>. Cultura, m\u00fasica, activitats joves, esport i festes de ciutat\u2026 moltes gratu\u00eftes o amb preus assequibles.<\/p>\n\n\n\n<p>Aquesta guia recull els <strong>esdeveniments m\u00e9s t\u00edpics de Sabadell<\/strong> i t\u2019informa de les dates exactes &nbsp;perqu\u00e8 et puguis organitzar el curs amb antelaci\u00f3.<\/p>\n\n\n\n<h2 class=\"wp-block-heading\">1) Festival Embassa\u2019t 2026: 14, 15, 16 i 17 de maig (Parc Catalunya)<\/h2>\n\n\n\n<p>Si t\u2019agrada la m\u00fasica en directe, aquesta \u00e9s una de les cites m\u00e9s potents de la primavera a Sabadell. El <a href=\"https:\/\/www.embassat.com\/\"><strong>Festival Embassa\u2019t 2026<\/strong><\/a> se celebra <strong>del 14 al 17 de maig de 2026<\/strong> al <strong>Parc Catalunya<\/strong>, amb noms ja confirmats com <strong>La Ludwig Band<\/strong>, <strong>Al\u00b7l\u00e8rgiques al Pol\u00b7len<\/strong>, <strong>\u00c1ngeles Toledano<\/strong>, <strong>Cora Novoa<\/strong>, <strong>Dan Peralbo i El Comboi<\/strong>, <strong>Alosa<\/strong>, <strong>Greta<\/strong>, <strong>Lechuga Zafiro<\/strong> i el set <strong>Mad Miran b2b Oma Totem<\/strong>.<\/p>\n\n\n\n<p><strong>Per qu\u00e8 t\u2019interessa com a estudiant:<\/strong> \u00e9s un pla perfecte per venir amb colla, fer \u201ctarda completa\u201d i tornar sense complicacions.<\/p>\n\n\n\n<h2 class=\"wp-block-heading\">2) Festa Major de Sabadell 2026: del 3 al 6 de setembre + dilluns 7 (festiu local)<\/h2>\n\n\n\n<p>La <strong>Festa Major<\/strong> \u00e9s el gran cl\u00e0ssic per viure Sabadell al carrer: concerts, activitats i ambient a diferents espais de la ciutat.<\/p>\n\n\n\n<p>El 2026, els dies centrals s\u00f3n <strong>del dijous 3 al diumenge 6 de setembre<\/strong>, i el <strong>dilluns 7 de setembre<\/strong> \u00e9s el <strong>festiu local<\/strong> associat a la Festa Major.<\/p>\n\n\n\n<p><strong>Com aprofitar-la b\u00e9 (mode estudiant):<\/strong><\/p>\n\n\n\n<ul class=\"wp-block-list\">\n<li>Tria 2\u20133 activitats (concert + cultura popular + alguna cosa \u201cde dia\u201d)<\/li>\n\n\n\n<li>Si arribes nou a la ciutat, \u00e9s el millor moment per <strong>con\u00e8ixer gent<\/strong> de manera f\u00e1cil i r\u00e0pida<\/li>\n<\/ul>\n\n\n\n<h2 class=\"wp-block-heading\">3) Teatre i espectacles: programaci\u00f3 que canvia (i val la pena seguir)<\/h2>\n\n\n\n<p>Sabadell t\u00e9 oferta estable d\u2019espectacles (teatre, m\u00fasica, dansa). Aqu\u00ed no podem donar-te &nbsp;\u201cdates exactes\u201d perqu\u00e8 depenen de la programaci\u00f3 de temporada i van variant.<\/p>\n\n\n\n<p>Per no perdre\u2019t res et recomanem <strong>seguir l\u2019agenda oficial<\/strong> i mirar-la un cop per setmana o cada quinze dies.<\/p>\n\n\n\n<p><strong>Espais on acostumen a programar espectacles a Sabadell:<\/strong><\/p>\n\n\n\n<ul class=\"wp-block-list\">\n<li><strong>Teatre La Far\u00e0ndula<\/strong><\/li>\n\n\n\n<li><strong>Teatre Principal<\/strong><\/li>\n\n\n\n<li><strong>L\u2019Estruch<\/strong> (arts en viu \/ creaci\u00f3 contempor\u00e0nia)<\/li>\n\n\n\n<li><strong>LaSala<\/strong> (programaci\u00f3 familiar i arts esc\u00e8niques)<\/li>\n<\/ul>\n\n\n\n<h2 class=\"wp-block-heading\">4) Agenda cultural, agenda jove i activitats de barri: el teu \u201ccalendari central\u201d<\/h2>\n\n\n\n<p>M\u00e9s enll\u00e0 dels grans esdeveniments, hi ha activitats cont\u00ednues (tallers, exposicions, xerrades, esport\u2026) que s\u00f3n ideals si vols plans <strong>econ\u00f2mics<\/strong> i f\u00e0cils d\u2019encaixar amb classes i estudi.<\/p>\n\n\n\n<p><strong>Recomanaci\u00f3:<\/strong> guarda\u2019t l\u2019agenda oficial i fes servir el criteri \u201c1 pla social + 1 pla cultural\u201d per setmana.<\/p>\n\n\n\n<h2 class=\"wp-block-heading\">Viure a Resest i moure\u2019t per Sabadell: el combo pr\u00e0ctic per tenir vida d\u2019estudiant<\/h2>\n\n\n\n<p>Una cosa \u00e9s que hi hagi esdeveniments; una altra \u00e9s poder-hi anar sense perdre temps. Viure en una resid\u00e8ncia ben connectada facilita molt que, despr\u00e9s de classe i d\u2019estudiar, <strong>encara tinguis marge per fer plans<\/strong>.<\/p>\n","protected":false},"excerpt":{"rendered":"<p>Si estudies a Sabadell (o hi vius mentre vas a la UAB o Barcelona), tens un avantatge clar: sempre hi ha plans a prop. Cultura, m\u00fasica, activitats joves, esport i festes de ciutat\u2026 moltes gratu\u00eftes o amb preus assequibles. Aquesta guia recull els esdeveniments m\u00e9s t\u00edpics de Sabadell i t\u2019informa de les dates exactes &nbsp;perqu\u00e8&hellip;<\/p>\n","protected":false},"author":1,"featured_media":12321,"comment_status":"open","ping_status":"open","sticky":false,"template":"","format":"standard","meta":{"footnotes":""},"categories":[51],"tags":[],"class_list":["post-12320","post","type-post","status-publish","format-standard","has-post-thumbnail","hentry","category-activitats-i-oci","entry","has-media"],"yoast_head":"<!-- This site is optimized with the Yoast SEO plugin v26.4 - https:\/\/yoast.com\/wordpress\/plugins\/seo\/ -->\n<title>Esdeveniments a Sabadell 2026 per a estudiants - RESEST<\/title>\n<meta name=\"description\" content=\"Descobreix els principals esdeveniments a Sabadell el 2026 (Embassa\u2019t, Aplec i Festa Major) amb dates exactes i idees de plans\" \/>\n<meta name=\"robots\" content=\"index, follow, max-snippet:-1, max-image-preview:large, max-video-preview:-1\" \/>\n<link rel=\"canonical\" href=\"https:\/\/resest.com\/ca\/activitats-i-oci\/esdeveniments-sabadell-2026\/\" \/>\n<meta property=\"og:locale\" content=\"ca_ES\" \/>\n<meta property=\"og:type\" content=\"article\" \/>\n<meta property=\"og:title\" content=\"Esdeveniments a Sabadell 2026 per a estudiants - RESEST\" \/>\n<meta property=\"og:description\" content=\"Descobreix els principals esdeveniments a Sabadell el 2026 (Embassa\u2019t, Aplec i Festa Major) amb dates exactes i idees de plans\" \/>\n<meta property=\"og:url\" content=\"https:\/\/resest.com\/ca\/activitats-i-oci\/esdeveniments-sabadell-2026\/\" \/>\n<meta property=\"og:site_name\" content=\"Resid\u00e8ncia d&#039;Estudiants l&#039;Estaci\u00f3 de Sabadell | Resest\" \/>\n<meta property=\"article:published_time\" content=\"2026-01-13T12:59:57+00:00\" \/>\n<meta property=\"article:modified_time\" content=\"2026-03-11T13:02:01+00:00\" \/>\n<meta property=\"og:image\" content=\"https:\/\/resest.com\/wp-content\/uploads\/2026\/03\/s1.1.jpg\" \/>\n\t<meta property=\"og:image:width\" content=\"1200\" \/>\n\t<meta property=\"og:image:height\" content=\"800\" \/>\n\t<meta property=\"og:image:type\" content=\"image\/jpeg\" \/>\n<meta name=\"author\" content=\"Resest\" \/>\n<meta name=\"twitter:label1\" content=\"Written by\" \/>\n\t<meta name=\"twitter:data1\" content=\"Resest\" \/>\n\t<meta name=\"twitter:label2\" content=\"Est. reading time\" \/>\n\t<meta name=\"twitter:data2\" content=\"3 minutes\" \/>\n<script type=\"application\/ld+json\" class=\"yoast-schema-graph\">{\"@context\":\"https:\/\/schema.org\",\"@graph\":[{\"@type\":\"Article\",\"@id\":\"https:\/\/resest.com\/ca\/activitats-i-oci\/esdeveniments-sabadell-2026\/#article\",\"isPartOf\":{\"@id\":\"https:\/\/resest.com\/ca\/activitats-i-oci\/esdeveniments-sabadell-2026\/\"},\"author\":{\"name\":\"Resest\",\"@id\":\"https:\/\/resest.com\/ca\/#\/schema\/person\/d9965768ae08730dafc3a7c835fcc47c\"},\"headline\":\"Els principals esdeveniments a Sabadell que no et pots perdre si ets estudiant (2026)\",\"datePublished\":\"2026-01-13T12:59:57+00:00\",\"dateModified\":\"2026-03-11T13:02:01+00:00\",\"mainEntityOfPage\":{\"@id\":\"https:\/\/resest.com\/ca\/activitats-i-oci\/esdeveniments-sabadell-2026\/\"},\"wordCount\":483,\"commentCount\":0,\"publisher\":{\"@id\":\"https:\/\/resest.com\/ca\/#organization\"},\"image\":{\"@id\":\"https:\/\/resest.com\/ca\/activitats-i-oci\/esdeveniments-sabadell-2026\/#primaryimage\"},\"thumbnailUrl\":\"https:\/\/resest.com\/wp-content\/uploads\/2026\/03\/s1.1.jpg\",\"articleSection\":[\"Qu\u00e8 fer a Sabadell i Barcelona\"],\"inLanguage\":\"ca-ES\",\"potentialAction\":[{\"@type\":\"CommentAction\",\"name\":\"Comment\",\"target\":[\"https:\/\/resest.com\/ca\/activitats-i-oci\/esdeveniments-sabadell-2026\/#respond\"]}]},{\"@type\":\"WebPage\",\"@id\":\"https:\/\/resest.com\/ca\/activitats-i-oci\/esdeveniments-sabadell-2026\/\",\"url\":\"https:\/\/resest.com\/ca\/activitats-i-oci\/esdeveniments-sabadell-2026\/\",\"name\":\"Esdeveniments a Sabadell 2026 per a estudiants - RESEST\",\"isPartOf\":{\"@id\":\"https:\/\/resest.com\/ca\/#website\"},\"primaryImageOfPage\":{\"@id\":\"https:\/\/resest.com\/ca\/activitats-i-oci\/esdeveniments-sabadell-2026\/#primaryimage\"},\"image\":{\"@id\":\"https:\/\/resest.com\/ca\/activitats-i-oci\/esdeveniments-sabadell-2026\/#primaryimage\"},\"thumbnailUrl\":\"https:\/\/resest.com\/wp-content\/uploads\/2026\/03\/s1.1.jpg\",\"datePublished\":\"2026-01-13T12:59:57+00:00\",\"dateModified\":\"2026-03-11T13:02:01+00:00\",\"description\":\"Descobreix els principals esdeveniments a Sabadell el 2026 (Embassa\u2019t, Aplec i Festa Major) amb dates exactes i idees de plans\",\"breadcrumb\":{\"@id\":\"https:\/\/resest.com\/ca\/activitats-i-oci\/esdeveniments-sabadell-2026\/#breadcrumb\"},\"inLanguage\":\"ca-ES\",\"potentialAction\":[{\"@type\":\"ReadAction\",\"target\":[\"https:\/\/resest.com\/ca\/activitats-i-oci\/esdeveniments-sabadell-2026\/\"]}]},{\"@type\":\"ImageObject\",\"inLanguage\":\"ca-ES\",\"@id\":\"https:\/\/resest.com\/ca\/activitats-i-oci\/esdeveniments-sabadell-2026\/#primaryimage\",\"url\":\"https:\/\/resest.com\/wp-content\/uploads\/2026\/03\/s1.1.jpg\",\"contentUrl\":\"https:\/\/resest.com\/wp-content\/uploads\/2026\/03\/s1.1.jpg\",\"width\":1200,\"height\":800,\"caption\":\"esdeveniments a sabadell 2026\"},{\"@type\":\"BreadcrumbList\",\"@id\":\"https:\/\/resest.com\/ca\/activitats-i-oci\/esdeveniments-sabadell-2026\/#breadcrumb\",\"itemListElement\":[{\"@type\":\"ListItem\",\"position\":1,\"name\":\"Inici\",\"item\":\"https:\/\/resest.com\/ca\/\"},{\"@type\":\"ListItem\",\"position\":2,\"name\":\"Els principals esdeveniments a Sabadell que no et pots perdre si ets estudiant (2026)\"}]},{\"@type\":\"WebSite\",\"@id\":\"https:\/\/resest.com\/ca\/#website\",\"url\":\"https:\/\/resest.com\/ca\/\",\"name\":\"Resid\u00e8ncia d&#039;Estudiants l&#039;Estaci\u00f3 de Sabadell | Resest\",\"description\":\"Prop de l\u2019Universitat Aut\u00f2noma de Barcelona (UAB)\",\"publisher\":{\"@id\":\"https:\/\/resest.com\/ca\/#organization\"},\"potentialAction\":[{\"@type\":\"SearchAction\",\"target\":{\"@type\":\"EntryPoint\",\"urlTemplate\":\"https:\/\/resest.com\/ca\/?s={search_term_string}\"},\"query-input\":{\"@type\":\"PropertyValueSpecification\",\"valueRequired\":true,\"valueName\":\"search_term_string\"}}],\"inLanguage\":\"ca-ES\"},{\"@type\":\"Organization\",\"@id\":\"https:\/\/resest.com\/ca\/#organization\",\"name\":\"Resid\u00e8ncia d&#039;Estudiants l&#039;Estaci\u00f3 de Sabadell | Resest\",\"url\":\"https:\/\/resest.com\/ca\/\",\"logo\":{\"@type\":\"ImageObject\",\"inLanguage\":\"ca-ES\",\"@id\":\"https:\/\/resest.com\/ca\/#\/schema\/logo\/image\/\",\"url\":\"https:\/\/resest.com\/wp-content\/uploads\/2024\/03\/Facana-1.jpg\",\"contentUrl\":\"https:\/\/resest.com\/wp-content\/uploads\/2024\/03\/Facana-1.jpg\",\"width\":1200,\"height\":1009,\"caption\":\"Resid\u00e8ncia d&#039;Estudiants l&#039;Estaci\u00f3 de Sabadell | Resest\"},\"image\":{\"@id\":\"https:\/\/resest.com\/ca\/#\/schema\/logo\/image\/\"}},{\"@type\":\"Person\",\"@id\":\"https:\/\/resest.com\/ca\/#\/schema\/person\/d9965768ae08730dafc3a7c835fcc47c\",\"name\":\"Resest\",\"image\":{\"@type\":\"ImageObject\",\"inLanguage\":\"ca-ES\",\"@id\":\"https:\/\/resest.com\/ca\/#\/schema\/person\/image\/\",\"url\":\"https:\/\/secure.gravatar.com\/avatar\/0c7509c85c836ff68bc43efa415976254ed1463e7bbc3edf38a658092e29e5b4?s=96&d=mm&r=g\",\"contentUrl\":\"https:\/\/secure.gravatar.com\/avatar\/0c7509c85c836ff68bc43efa415976254ed1463e7bbc3edf38a658092e29e5b4?s=96&d=mm&r=g\",\"caption\":\"Resest\"},\"url\":\"https:\/\/resest.com\/ca\/author\/jordi\/\"}]}<\/script>\n<!-- \/ Yoast SEO plugin. -->","yoast_head_json":{"title":"Esdeveniments a Sabadell 2026 per a estudiants - RESEST","description":"Descobreix els principals esdeveniments a Sabadell el 2026 (Embassa\u2019t, Aplec i Festa Major) amb dates exactes i idees de plans","robots":{"index":"index","follow":"follow","max-snippet":"max-snippet:-1","max-image-preview":"max-image-preview:large","max-video-preview":"max-video-preview:-1"},"canonical":"https:\/\/resest.com\/ca\/activitats-i-oci\/esdeveniments-sabadell-2026\/","og_locale":"ca_ES","og_type":"article","og_title":"Esdeveniments a Sabadell 2026 per a estudiants - RESEST","og_description":"Descobreix els principals esdeveniments a Sabadell el 2026 (Embassa\u2019t, Aplec i Festa Major) amb dates exactes i idees de plans","og_url":"https:\/\/resest.com\/ca\/activitats-i-oci\/esdeveniments-sabadell-2026\/","og_site_name":"Resid\u00e8ncia d&#039;Estudiants l&#039;Estaci\u00f3 de Sabadell | Resest","article_published_time":"2026-01-13T12:59:57+00:00","article_modified_time":"2026-03-11T13:02:01+00:00","og_image":[{"width":1200,"height":800,"url":"https:\/\/resest.com\/wp-content\/uploads\/2026\/03\/s1.1.jpg","type":"image\/jpeg"}],"author":"Resest","twitter_misc":{"Written by":"Resest","Est. reading time":"3 minutes"},"schema":{"@context":"https:\/\/schema.org","@graph":[{"@type":"Article","@id":"https:\/\/resest.com\/ca\/activitats-i-oci\/esdeveniments-sabadell-2026\/#article","isPartOf":{"@id":"https:\/\/resest.com\/ca\/activitats-i-oci\/esdeveniments-sabadell-2026\/"},"author":{"name":"Resest","@id":"https:\/\/resest.com\/ca\/#\/schema\/person\/d9965768ae08730dafc3a7c835fcc47c"},"headline":"Els principals esdeveniments a Sabadell que no et pots perdre si ets estudiant (2026)","datePublished":"2026-01-13T12:59:57+00:00","dateModified":"2026-03-11T13:02:01+00:00","mainEntityOfPage":{"@id":"https:\/\/resest.com\/ca\/activitats-i-oci\/esdeveniments-sabadell-2026\/"},"wordCount":483,"commentCount":0,"publisher":{"@id":"https:\/\/resest.com\/ca\/#organization"},"image":{"@id":"https:\/\/resest.com\/ca\/activitats-i-oci\/esdeveniments-sabadell-2026\/#primaryimage"},"thumbnailUrl":"https:\/\/resest.com\/wp-content\/uploads\/2026\/03\/s1.1.jpg","articleSection":["Qu\u00e8 fer a Sabadell i Barcelona"],"inLanguage":"ca-ES","potentialAction":[{"@type":"CommentAction","name":"Comment","target":["https:\/\/resest.com\/ca\/activitats-i-oci\/esdeveniments-sabadell-2026\/#respond"]}]},{"@type":"WebPage","@id":"https:\/\/resest.com\/ca\/activitats-i-oci\/esdeveniments-sabadell-2026\/","url":"https:\/\/resest.com\/ca\/activitats-i-oci\/esdeveniments-sabadell-2026\/","name":"Esdeveniments a Sabadell 2026 per a estudiants - RESEST","isPartOf":{"@id":"https:\/\/resest.com\/ca\/#website"},"primaryImageOfPage":{"@id":"https:\/\/resest.com\/ca\/activitats-i-oci\/esdeveniments-sabadell-2026\/#primaryimage"},"image":{"@id":"https:\/\/resest.com\/ca\/activitats-i-oci\/esdeveniments-sabadell-2026\/#primaryimage"},"thumbnailUrl":"https:\/\/resest.com\/wp-content\/uploads\/2026\/03\/s1.1.jpg","datePublished":"2026-01-13T12:59:57+00:00","dateModified":"2026-03-11T13:02:01+00:00","description":"Descobreix els principals esdeveniments a Sabadell el 2026 (Embassa\u2019t, Aplec i Festa Major) amb dates exactes i idees de plans","breadcrumb":{"@id":"https:\/\/resest.com\/ca\/activitats-i-oci\/esdeveniments-sabadell-2026\/#breadcrumb"},"inLanguage":"ca-ES","potentialAction":[{"@type":"ReadAction","target":["https:\/\/resest.com\/ca\/activitats-i-oci\/esdeveniments-sabadell-2026\/"]}]},{"@type":"ImageObject","inLanguage":"ca-ES","@id":"https:\/\/resest.com\/ca\/activitats-i-oci\/esdeveniments-sabadell-2026\/#primaryimage","url":"https:\/\/resest.com\/wp-content\/uploads\/2026\/03\/s1.1.jpg","contentUrl":"https:\/\/resest.com\/wp-content\/uploads\/2026\/03\/s1.1.jpg","width":1200,"height":800,"caption":"esdeveniments a sabadell 2026"},{"@type":"BreadcrumbList","@id":"https:\/\/resest.com\/ca\/activitats-i-oci\/esdeveniments-sabadell-2026\/#breadcrumb","itemListElement":[{"@type":"ListItem","position":1,"name":"Inici","item":"https:\/\/resest.com\/ca\/"},{"@type":"ListItem","position":2,"name":"Els principals esdeveniments a Sabadell que no et pots perdre si ets estudiant (2026)"}]},{"@type":"WebSite","@id":"https:\/\/resest.com\/ca\/#website","url":"https:\/\/resest.com\/ca\/","name":"Resid\u00e8ncia d&#039;Estudiants l&#039;Estaci\u00f3 de Sabadell | Resest","description":"Prop de l\u2019Universitat Aut\u00f2noma de Barcelona (UAB)","publisher":{"@id":"https:\/\/resest.com\/ca\/#organization"},"potentialAction":[{"@type":"SearchAction","target":{"@type":"EntryPoint","urlTemplate":"https:\/\/resest.com\/ca\/?s={search_term_string}"},"query-input":{"@type":"PropertyValueSpecification","valueRequired":true,"valueName":"search_term_string"}}],"inLanguage":"ca-ES"},{"@type":"Organization","@id":"https:\/\/resest.com\/ca\/#organization","name":"Resid\u00e8ncia d&#039;Estudiants l&#039;Estaci\u00f3 de Sabadell | Resest","url":"https:\/\/resest.com\/ca\/","logo":{"@type":"ImageObject","inLanguage":"ca-ES","@id":"https:\/\/resest.com\/ca\/#\/schema\/logo\/image\/","url":"https:\/\/resest.com\/wp-content\/uploads\/2024\/03\/Facana-1.jpg","contentUrl":"https:\/\/resest.com\/wp-content\/uploads\/2024\/03\/Facana-1.jpg","width":1200,"height":1009,"caption":"Resid\u00e8ncia d&#039;Estudiants l&#039;Estaci\u00f3 de Sabadell | Resest"},"image":{"@id":"https:\/\/resest.com\/ca\/#\/schema\/logo\/image\/"}},{"@type":"Person","@id":"https:\/\/resest.com\/ca\/#\/schema\/person\/d9965768ae08730dafc3a7c835fcc47c","name":"Resest","image":{"@type":"ImageObject","inLanguage":"ca-ES","@id":"https:\/\/resest.com\/ca\/#\/schema\/person\/image\/","url":"https:\/\/secure.gravatar.com\/avatar\/0c7509c85c836ff68bc43efa415976254ed1463e7bbc3edf38a658092e29e5b4?s=96&d=mm&r=g","contentUrl":"https:\/\/secure.gravatar.com\/avatar\/0c7509c85c836ff68bc43efa415976254ed1463e7bbc3edf38a658092e29e5b4?s=96&d=mm&r=g","caption":"Resest"},"url":"https:\/\/resest.com\/ca\/author\/jordi\/"}]}},"_links":{"self":[{"href":"https:\/\/resest.com\/ca\/wp-json\/wp\/v2\/posts\/12320","targetHints":{"allow":["GET"]}}],"collection":[{"href":"https:\/\/resest.com\/ca\/wp-json\/wp\/v2\/posts"}],"about":[{"href":"https:\/\/resest.com\/ca\/wp-json\/wp\/v2\/types\/post"}],"author":[{"embeddable":true,"href":"https:\/\/resest.com\/ca\/wp-json\/wp\/v2\/users\/1"}],"replies":[{"embeddable":true,"href":"https:\/\/resest.com\/ca\/wp-json\/wp\/v2\/comments?post=12320"}],"version-history":[{"count":1,"href":"https:\/\/resest.com\/ca\/wp-json\/wp\/v2\/posts\/12320\/revisions"}],"predecessor-version":[{"id":12323,"href":"https:\/\/resest.com\/ca\/wp-json\/wp\/v2\/posts\/12320\/revisions\/12323"}],"wp:featuredmedia":[{"embeddable":true,"href":"https:\/\/resest.com\/ca\/wp-json\/wp\/v2\/media\/12321"}],"wp:attachment":[{"href":"https:\/\/resest.com\/ca\/wp-json\/wp\/v2\/media?parent=12320"}],"wp:term":[{"taxonomy":"category","embeddable":true,"href":"https:\/\/resest.com\/ca\/wp-json\/wp\/v2\/categories?post=12320"},{"taxonomy":"post_tag","embeddable":true,"href":"https:\/\/resest.com\/ca\/wp-json\/wp\/v2\/tags?post=12320"}],"curies":[{"name":"wp","href":"https:\/\/api.w.org\/{rel}","templated":true}]}}