{"id":12290,"date":"2025-12-18T12:43:24","date_gmt":"2025-12-18T11:43:24","guid":{"rendered":"https:\/\/resest.com\/?p=12290"},"modified":"2026-01-08T12:45:02","modified_gmt":"2026-01-08T11:45:02","slug":"nadal-sabadell","status":"publish","type":"post","link":"https:\/\/resest.com\/ca\/activitats-i-oci\/nadal-sabadell\/","title":{"rendered":"Qu\u00e8 fer aquest Nadal a Sabadell: plans i activitats per a estudiants"},"content":{"rendered":"\n<p>Si passes les festes a la resid\u00e8ncia, no et preocupis: hi ha molt per fer aquest <strong>Nadal a Sabadell<\/strong>. La ciutat s\u2019omple de llums, mercats, activitats culturals i espais per desconnectar entre ex\u00e0mens o simplement gaudir amb amics. Aqu\u00ed tens una guia pr\u00e0ctica amb plans assequibles, perfectes per a estudiants.<\/p>\n\n\n\n<h2 class=\"wp-block-heading\">Passejar per les llums de Nadal del centre<\/h2>\n\n\n\n<p>Els <strong>carrers del centre s\u2019il\u00b7luminen cada any<\/strong>, i \u00e9s un pla perfecte (i gratu\u00eft) per fer fotos o caminar amb companys. A m\u00e9s de La Rambla, El Passeig i la pla\u00e7a del Doctor Robert, aquest any val molt la pena visitar la <strong>pla\u00e7a Sant Roc<\/strong>:<\/p>\n\n\n\n<p>Hi trobar\u00e0s el <strong>Pessebre gegant<\/strong>, una de les tradicions m\u00e9s estimades de la ciutat.<\/p>\n\n\n\n<p>A la fa\u00e7ana de l\u2019Ajuntament hi ha arbres on pots penjar missatges de desitjos, una activitat senzilla i molt bonica per compartir amb amics.<\/p>\n\n\n\n<h2 class=\"wp-block-heading\">Comprar detallets al Mercat de Nadal<\/h2>\n\n\n\n<p>Sabadell t\u00e9 diversos punts per trobar regals econ\u00f2mics o decoraci\u00f3 festiva per a l\u2019habitaci\u00f3.<\/p>\n\n\n\n<h3 class=\"wp-block-heading\">Fira de Santa Ll\u00facia \u2014 Pla\u00e7a del Doctor Robert<\/h3>\n\n\n\n<p>Horari habitual: matins i tardes (horaris municipals habituals de Fira de Nadal).<\/p>\n\n\n\n<p>Hi trobar\u00e0s:<\/p>\n\n\n\n<ul class=\"wp-block-list\">\n<li>Artesania local<\/li>\n\n\n\n<li>Decoraci\u00f3 handmade<\/li>\n\n\n\n<li>Regals low-cost<\/li>\n\n\n\n<li>Productes gastron\u00f2mics<\/li>\n<\/ul>\n\n\n\n<h3 class=\"wp-block-heading\">Fira Fansa \u2014 la m\u00e9s important d\u2019artesans<\/h3>\n\n\n\n<p>Lloc: Pla\u00e7a Imperial<\/p>\n\n\n\n<p>Dates: Del 12 de desembre de 2025 al 5 de gener de 2026<\/p>\n\n\n\n<p>\u00c9s el mercat perfecte per trobar peces \u00faniques i regals especials sense gastar massa.<\/p>\n\n\n\n<h2 class=\"wp-block-heading\">Patinar sobre gel (o fer plans actius)<\/h2>\n\n\n\n<p>A Sabadell s\u2019instal\u00b7la cada Nadal una pista de gel als Jardinets de l\u2019Espai Cultura Sabadell (carrer Escola Industrial, 29). \u00c9s un pla perfecte per anar-hi amb amics i fer una activitat diferent.<\/p>\n\n\n\n<p>Horaris i entrades:<\/p>\n\n\n\n<ul class=\"wp-block-list\">\n<li>Del 28 de novembre de 2025 al 7 de gener de 2026<\/li>\n\n\n\n<li>Horaris especials segons festius i vacances escolars<\/li>\n<\/ul>\n\n\n\n<p>Les sessions tenen una durada de 25 minuts i hi ha aforament limitat per garantir una bona experi\u00e8ncia.<\/p>\n\n\n\n<p>Les entrades es compren directament a la pista.<\/p>\n\n\n\n<p>\u00c9s obligatori l\u2019\u00fas de guants i es pot llogar casc per als m\u00e9s petits.<\/p>\n\n\n\n<p>Si prefereixes moure\u2019t a l\u2019aire lliure, tamb\u00e9 tens el Parc Catalunya per caminar, c\u00f3rrer o fer un volt pel llac.<\/p>\n\n\n\n<h2 class=\"wp-block-heading\">Fer una escapada r\u00e0pida des de Sabadell<\/h2>\n\n\n\n<p>Si vols sortir una mica per\u00f2 no vols gastar gaire, des de Sabadell tens connexions directes amb tren per visitar:<\/p>\n\n\n\n<ul class=\"wp-block-list\">\n<li><strong>Barcelona<\/strong> i les seves llums nadalenques<\/li>\n\n\n\n<li><strong>Terrassa<\/strong>, amb mercats i pessebres vius<\/li>\n\n\n\n<li><strong>Sant Cugat<\/strong>, amb un mercat nadalenc molt animat<\/li>\n<\/ul>\n\n\n\n<p>Un pla perfecte per un diumenge sense pressa.<\/p>\n\n\n\n<h2 class=\"wp-block-heading\">Activitats tranquiles per fer a RESEST durant el Nadal<\/h2>\n\n\n\n<p>Si et ve de gust quedar-te a la resid\u00e8ncia:<\/p>\n\n\n\n<ul class=\"wp-block-list\">\n<li>Tarda de pel\u00b7lis nadalenques al menjador<\/li>\n\n\n\n<li>Intercanvi de regals low-cost (<em>Amic Invisible<\/em>)<\/li>\n\n\n\n<li>Decorar els espais comuns amb llums i garlandes<\/li>\n\n\n\n<li>Cuinar galetes o torrons casolans amb companys<\/li>\n<\/ul>\n\n\n\n<p>S\u00f3n activitats que reforcen la comunitat i fan que la resid\u00e8ncia sigui encara m\u00e9s c\u00e0lida durant les festes.<\/p>\n\n\n\n<h2 class=\"wp-block-heading\">Aquest Nadal a Sabadell, viu la ciutat com un local<\/h2>\n\n\n\n<p>Sabadell \u00e9s una ciutat viva, accessible i plena d\u2019opcions per viure el Nadal de manera econ\u00f2mica i divertida. Tant si vols explorar la ciutat, com si prefereixes plans tranquils a la resid\u00e8ncia, sempre trobar\u00e0s alguna cosa per fer.<\/p>\n\n\n\n<p>A RESEST volem que t\u2019hi sentis com a casa, tamb\u00e9 durant les festes: descobreix, participa i viu el Nadal al teu ritme.<\/p>\n","protected":false},"excerpt":{"rendered":"<p>Si passes les festes a la resid\u00e8ncia, no et preocupis: hi ha molt per fer aquest Nadal a Sabadell. La ciutat s\u2019omple de llums, mercats, activitats culturals i espais per desconnectar entre ex\u00e0mens o simplement gaudir amb amics. Aqu\u00ed tens una guia pr\u00e0ctica amb plans assequibles, perfectes per a estudiants. Passejar per les llums de&hellip;<\/p>\n","protected":false},"author":1,"featured_media":12291,"comment_status":"open","ping_status":"open","sticky":false,"template":"","format":"standard","meta":{"footnotes":""},"categories":[51],"tags":[],"class_list":["post-12290","post","type-post","status-publish","format-standard","has-post-thumbnail","hentry","category-activitats-i-oci","entry","has-media"],"yoast_head":"<!-- This site is optimized with the Yoast SEO plugin v26.4 - https:\/\/yoast.com\/wordpress\/plugins\/seo\/ -->\n<title>Nadal a Sabadell: plans i activitats per a estudiants - RESEST<\/title>\n<meta name=\"description\" content=\"Descobreix qu\u00e8 fer aquest Nadal a Sabadell: plans, activitats i propostes low-cost perfectes per a estudiants que passen les festes a la ciutat.\" \/>\n<meta name=\"robots\" content=\"index, follow, max-snippet:-1, max-image-preview:large, max-video-preview:-1\" \/>\n<link rel=\"canonical\" href=\"https:\/\/resest.com\/ca\/activitats-i-oci\/nadal-sabadell\/\" \/>\n<meta property=\"og:locale\" content=\"ca_ES\" \/>\n<meta property=\"og:type\" content=\"article\" \/>\n<meta property=\"og:title\" content=\"Nadal a Sabadell: plans i activitats per a estudiants - RESEST\" \/>\n<meta property=\"og:description\" content=\"Descobreix qu\u00e8 fer aquest Nadal a Sabadell: plans, activitats i propostes low-cost perfectes per a estudiants que passen les festes a la ciutat.\" \/>\n<meta property=\"og:url\" content=\"https:\/\/resest.com\/ca\/activitats-i-oci\/nadal-sabadell\/\" \/>\n<meta property=\"og:site_name\" content=\"Resid\u00e8ncia d&#039;Estudiants l&#039;Estaci\u00f3 de Sabadell | Resest\" \/>\n<meta property=\"article:published_time\" content=\"2025-12-18T11:43:24+00:00\" \/>\n<meta property=\"article:modified_time\" content=\"2026-01-08T11:45:02+00:00\" \/>\n<meta property=\"og:image\" content=\"https:\/\/resest.com\/wp-content\/uploads\/2026\/01\/christmas-decoration-on-market-in-wroclaw-poland-2024-09-26-02-05-52-utc.jpg\" \/>\n\t<meta property=\"og:image:width\" content=\"1200\" \/>\n\t<meta property=\"og:image:height\" content=\"702\" \/>\n\t<meta property=\"og:image:type\" content=\"image\/jpeg\" \/>\n<meta name=\"author\" content=\"Resest\" \/>\n<meta name=\"twitter:label1\" content=\"Written by\" \/>\n\t<meta name=\"twitter:data1\" content=\"Resest\" \/>\n\t<meta name=\"twitter:label2\" content=\"Est. reading time\" \/>\n\t<meta name=\"twitter:data2\" content=\"4 minutes\" \/>\n<script type=\"application\/ld+json\" class=\"yoast-schema-graph\">{\"@context\":\"https:\/\/schema.org\",\"@graph\":[{\"@type\":\"Article\",\"@id\":\"https:\/\/resest.com\/ca\/activitats-i-oci\/nadal-sabadell\/#article\",\"isPartOf\":{\"@id\":\"https:\/\/resest.com\/ca\/activitats-i-oci\/nadal-sabadell\/\"},\"author\":{\"name\":\"Resest\",\"@id\":\"https:\/\/resest.com\/ca\/#\/schema\/person\/d9965768ae08730dafc3a7c835fcc47c\"},\"headline\":\"Qu\u00e8 fer aquest Nadal a Sabadell: plans i activitats per a estudiants\",\"datePublished\":\"2025-12-18T11:43:24+00:00\",\"dateModified\":\"2026-01-08T11:45:02+00:00\",\"mainEntityOfPage\":{\"@id\":\"https:\/\/resest.com\/ca\/activitats-i-oci\/nadal-sabadell\/\"},\"wordCount\":582,\"commentCount\":0,\"publisher\":{\"@id\":\"https:\/\/resest.com\/ca\/#organization\"},\"image\":{\"@id\":\"https:\/\/resest.com\/ca\/activitats-i-oci\/nadal-sabadell\/#primaryimage\"},\"thumbnailUrl\":\"https:\/\/resest.com\/wp-content\/uploads\/2026\/01\/christmas-decoration-on-market-in-wroclaw-poland-2024-09-26-02-05-52-utc.jpg\",\"articleSection\":[\"Qu\u00e8 fer a Sabadell i Barcelona\"],\"inLanguage\":\"ca-ES\",\"potentialAction\":[{\"@type\":\"CommentAction\",\"name\":\"Comment\",\"target\":[\"https:\/\/resest.com\/ca\/activitats-i-oci\/nadal-sabadell\/#respond\"]}]},{\"@type\":\"WebPage\",\"@id\":\"https:\/\/resest.com\/ca\/activitats-i-oci\/nadal-sabadell\/\",\"url\":\"https:\/\/resest.com\/ca\/activitats-i-oci\/nadal-sabadell\/\",\"name\":\"Nadal a Sabadell: plans i activitats per a estudiants - RESEST\",\"isPartOf\":{\"@id\":\"https:\/\/resest.com\/ca\/#website\"},\"primaryImageOfPage\":{\"@id\":\"https:\/\/resest.com\/ca\/activitats-i-oci\/nadal-sabadell\/#primaryimage\"},\"image\":{\"@id\":\"https:\/\/resest.com\/ca\/activitats-i-oci\/nadal-sabadell\/#primaryimage\"},\"thumbnailUrl\":\"https:\/\/resest.com\/wp-content\/uploads\/2026\/01\/christmas-decoration-on-market-in-wroclaw-poland-2024-09-26-02-05-52-utc.jpg\",\"datePublished\":\"2025-12-18T11:43:24+00:00\",\"dateModified\":\"2026-01-08T11:45:02+00:00\",\"description\":\"Descobreix qu\u00e8 fer aquest Nadal a Sabadell: plans, activitats i propostes low-cost perfectes per a estudiants que passen les festes a la ciutat.\",\"breadcrumb\":{\"@id\":\"https:\/\/resest.com\/ca\/activitats-i-oci\/nadal-sabadell\/#breadcrumb\"},\"inLanguage\":\"ca-ES\",\"potentialAction\":[{\"@type\":\"ReadAction\",\"target\":[\"https:\/\/resest.com\/ca\/activitats-i-oci\/nadal-sabadell\/\"]}]},{\"@type\":\"ImageObject\",\"inLanguage\":\"ca-ES\",\"@id\":\"https:\/\/resest.com\/ca\/activitats-i-oci\/nadal-sabadell\/#primaryimage\",\"url\":\"https:\/\/resest.com\/wp-content\/uploads\/2026\/01\/christmas-decoration-on-market-in-wroclaw-poland-2024-09-26-02-05-52-utc.jpg\",\"contentUrl\":\"https:\/\/resest.com\/wp-content\/uploads\/2026\/01\/christmas-decoration-on-market-in-wroclaw-poland-2024-09-26-02-05-52-utc.jpg\",\"width\":1200,\"height\":702,\"caption\":\"nadal Sabadell\"},{\"@type\":\"BreadcrumbList\",\"@id\":\"https:\/\/resest.com\/ca\/activitats-i-oci\/nadal-sabadell\/#breadcrumb\",\"itemListElement\":[{\"@type\":\"ListItem\",\"position\":1,\"name\":\"Inici\",\"item\":\"https:\/\/resest.com\/ca\/\"},{\"@type\":\"ListItem\",\"position\":2,\"name\":\"Qu\u00e8 fer aquest Nadal a Sabadell: plans i activitats per a estudiants\"}]},{\"@type\":\"WebSite\",\"@id\":\"https:\/\/resest.com\/ca\/#website\",\"url\":\"https:\/\/resest.com\/ca\/\",\"name\":\"Resid\u00e8ncia d&#039;Estudiants l&#039;Estaci\u00f3 de Sabadell | Resest\",\"description\":\"Prop de l\u2019Universitat Aut\u00f2noma de Barcelona (UAB)\",\"publisher\":{\"@id\":\"https:\/\/resest.com\/ca\/#organization\"},\"potentialAction\":[{\"@type\":\"SearchAction\",\"target\":{\"@type\":\"EntryPoint\",\"urlTemplate\":\"https:\/\/resest.com\/ca\/?s={search_term_string}\"},\"query-input\":{\"@type\":\"PropertyValueSpecification\",\"valueRequired\":true,\"valueName\":\"search_term_string\"}}],\"inLanguage\":\"ca-ES\"},{\"@type\":\"Organization\",\"@id\":\"https:\/\/resest.com\/ca\/#organization\",\"name\":\"Resid\u00e8ncia d&#039;Estudiants l&#039;Estaci\u00f3 de Sabadell | Resest\",\"url\":\"https:\/\/resest.com\/ca\/\",\"logo\":{\"@type\":\"ImageObject\",\"inLanguage\":\"ca-ES\",\"@id\":\"https:\/\/resest.com\/ca\/#\/schema\/logo\/image\/\",\"url\":\"https:\/\/resest.com\/wp-content\/uploads\/2024\/03\/Facana-1.jpg\",\"contentUrl\":\"https:\/\/resest.com\/wp-content\/uploads\/2024\/03\/Facana-1.jpg\",\"width\":1200,\"height\":1009,\"caption\":\"Resid\u00e8ncia d&#039;Estudiants l&#039;Estaci\u00f3 de Sabadell | Resest\"},\"image\":{\"@id\":\"https:\/\/resest.com\/ca\/#\/schema\/logo\/image\/\"}},{\"@type\":\"Person\",\"@id\":\"https:\/\/resest.com\/ca\/#\/schema\/person\/d9965768ae08730dafc3a7c835fcc47c\",\"name\":\"Resest\",\"image\":{\"@type\":\"ImageObject\",\"inLanguage\":\"ca-ES\",\"@id\":\"https:\/\/resest.com\/ca\/#\/schema\/person\/image\/\",\"url\":\"https:\/\/secure.gravatar.com\/avatar\/0c7509c85c836ff68bc43efa415976254ed1463e7bbc3edf38a658092e29e5b4?s=96&d=mm&r=g\",\"contentUrl\":\"https:\/\/secure.gravatar.com\/avatar\/0c7509c85c836ff68bc43efa415976254ed1463e7bbc3edf38a658092e29e5b4?s=96&d=mm&r=g\",\"caption\":\"Resest\"},\"url\":\"https:\/\/resest.com\/ca\/author\/jordi\/\"}]}<\/script>\n<!-- \/ Yoast SEO plugin. -->","yoast_head_json":{"title":"Nadal a Sabadell: plans i activitats per a estudiants - RESEST","description":"Descobreix qu\u00e8 fer aquest Nadal a Sabadell: plans, activitats i propostes low-cost perfectes per a estudiants que passen les festes a la ciutat.","robots":{"index":"index","follow":"follow","max-snippet":"max-snippet:-1","max-image-preview":"max-image-preview:large","max-video-preview":"max-video-preview:-1"},"canonical":"https:\/\/resest.com\/ca\/activitats-i-oci\/nadal-sabadell\/","og_locale":"ca_ES","og_type":"article","og_title":"Nadal a Sabadell: plans i activitats per a estudiants - RESEST","og_description":"Descobreix qu\u00e8 fer aquest Nadal a Sabadell: plans, activitats i propostes low-cost perfectes per a estudiants que passen les festes a la ciutat.","og_url":"https:\/\/resest.com\/ca\/activitats-i-oci\/nadal-sabadell\/","og_site_name":"Resid\u00e8ncia d&#039;Estudiants l&#039;Estaci\u00f3 de Sabadell | Resest","article_published_time":"2025-12-18T11:43:24+00:00","article_modified_time":"2026-01-08T11:45:02+00:00","og_image":[{"width":1200,"height":702,"url":"https:\/\/resest.com\/wp-content\/uploads\/2026\/01\/christmas-decoration-on-market-in-wroclaw-poland-2024-09-26-02-05-52-utc.jpg","type":"image\/jpeg"}],"author":"Resest","twitter_misc":{"Written by":"Resest","Est. reading time":"4 minutes"},"schema":{"@context":"https:\/\/schema.org","@graph":[{"@type":"Article","@id":"https:\/\/resest.com\/ca\/activitats-i-oci\/nadal-sabadell\/#article","isPartOf":{"@id":"https:\/\/resest.com\/ca\/activitats-i-oci\/nadal-sabadell\/"},"author":{"name":"Resest","@id":"https:\/\/resest.com\/ca\/#\/schema\/person\/d9965768ae08730dafc3a7c835fcc47c"},"headline":"Qu\u00e8 fer aquest Nadal a Sabadell: plans i activitats per a estudiants","datePublished":"2025-12-18T11:43:24+00:00","dateModified":"2026-01-08T11:45:02+00:00","mainEntityOfPage":{"@id":"https:\/\/resest.com\/ca\/activitats-i-oci\/nadal-sabadell\/"},"wordCount":582,"commentCount":0,"publisher":{"@id":"https:\/\/resest.com\/ca\/#organization"},"image":{"@id":"https:\/\/resest.com\/ca\/activitats-i-oci\/nadal-sabadell\/#primaryimage"},"thumbnailUrl":"https:\/\/resest.com\/wp-content\/uploads\/2026\/01\/christmas-decoration-on-market-in-wroclaw-poland-2024-09-26-02-05-52-utc.jpg","articleSection":["Qu\u00e8 fer a Sabadell i Barcelona"],"inLanguage":"ca-ES","potentialAction":[{"@type":"CommentAction","name":"Comment","target":["https:\/\/resest.com\/ca\/activitats-i-oci\/nadal-sabadell\/#respond"]}]},{"@type":"WebPage","@id":"https:\/\/resest.com\/ca\/activitats-i-oci\/nadal-sabadell\/","url":"https:\/\/resest.com\/ca\/activitats-i-oci\/nadal-sabadell\/","name":"Nadal a Sabadell: plans i activitats per a estudiants - RESEST","isPartOf":{"@id":"https:\/\/resest.com\/ca\/#website"},"primaryImageOfPage":{"@id":"https:\/\/resest.com\/ca\/activitats-i-oci\/nadal-sabadell\/#primaryimage"},"image":{"@id":"https:\/\/resest.com\/ca\/activitats-i-oci\/nadal-sabadell\/#primaryimage"},"thumbnailUrl":"https:\/\/resest.com\/wp-content\/uploads\/2026\/01\/christmas-decoration-on-market-in-wroclaw-poland-2024-09-26-02-05-52-utc.jpg","datePublished":"2025-12-18T11:43:24+00:00","dateModified":"2026-01-08T11:45:02+00:00","description":"Descobreix qu\u00e8 fer aquest Nadal a Sabadell: plans, activitats i propostes low-cost perfectes per a estudiants que passen les festes a la ciutat.","breadcrumb":{"@id":"https:\/\/resest.com\/ca\/activitats-i-oci\/nadal-sabadell\/#breadcrumb"},"inLanguage":"ca-ES","potentialAction":[{"@type":"ReadAction","target":["https:\/\/resest.com\/ca\/activitats-i-oci\/nadal-sabadell\/"]}]},{"@type":"ImageObject","inLanguage":"ca-ES","@id":"https:\/\/resest.com\/ca\/activitats-i-oci\/nadal-sabadell\/#primaryimage","url":"https:\/\/resest.com\/wp-content\/uploads\/2026\/01\/christmas-decoration-on-market-in-wroclaw-poland-2024-09-26-02-05-52-utc.jpg","contentUrl":"https:\/\/resest.com\/wp-content\/uploads\/2026\/01\/christmas-decoration-on-market-in-wroclaw-poland-2024-09-26-02-05-52-utc.jpg","width":1200,"height":702,"caption":"nadal Sabadell"},{"@type":"BreadcrumbList","@id":"https:\/\/resest.com\/ca\/activitats-i-oci\/nadal-sabadell\/#breadcrumb","itemListElement":[{"@type":"ListItem","position":1,"name":"Inici","item":"https:\/\/resest.com\/ca\/"},{"@type":"ListItem","position":2,"name":"Qu\u00e8 fer aquest Nadal a Sabadell: plans i activitats per a estudiants"}]},{"@type":"WebSite","@id":"https:\/\/resest.com\/ca\/#website","url":"https:\/\/resest.com\/ca\/","name":"Resid\u00e8ncia d&#039;Estudiants l&#039;Estaci\u00f3 de Sabadell | Resest","description":"Prop de l\u2019Universitat Aut\u00f2noma de Barcelona (UAB)","publisher":{"@id":"https:\/\/resest.com\/ca\/#organization"},"potentialAction":[{"@type":"SearchAction","target":{"@type":"EntryPoint","urlTemplate":"https:\/\/resest.com\/ca\/?s={search_term_string}"},"query-input":{"@type":"PropertyValueSpecification","valueRequired":true,"valueName":"search_term_string"}}],"inLanguage":"ca-ES"},{"@type":"Organization","@id":"https:\/\/resest.com\/ca\/#organization","name":"Resid\u00e8ncia d&#039;Estudiants l&#039;Estaci\u00f3 de Sabadell | Resest","url":"https:\/\/resest.com\/ca\/","logo":{"@type":"ImageObject","inLanguage":"ca-ES","@id":"https:\/\/resest.com\/ca\/#\/schema\/logo\/image\/","url":"https:\/\/resest.com\/wp-content\/uploads\/2024\/03\/Facana-1.jpg","contentUrl":"https:\/\/resest.com\/wp-content\/uploads\/2024\/03\/Facana-1.jpg","width":1200,"height":1009,"caption":"Resid\u00e8ncia d&#039;Estudiants l&#039;Estaci\u00f3 de Sabadell | Resest"},"image":{"@id":"https:\/\/resest.com\/ca\/#\/schema\/logo\/image\/"}},{"@type":"Person","@id":"https:\/\/resest.com\/ca\/#\/schema\/person\/d9965768ae08730dafc3a7c835fcc47c","name":"Resest","image":{"@type":"ImageObject","inLanguage":"ca-ES","@id":"https:\/\/resest.com\/ca\/#\/schema\/person\/image\/","url":"https:\/\/secure.gravatar.com\/avatar\/0c7509c85c836ff68bc43efa415976254ed1463e7bbc3edf38a658092e29e5b4?s=96&d=mm&r=g","contentUrl":"https:\/\/secure.gravatar.com\/avatar\/0c7509c85c836ff68bc43efa415976254ed1463e7bbc3edf38a658092e29e5b4?s=96&d=mm&r=g","caption":"Resest"},"url":"https:\/\/resest.com\/ca\/author\/jordi\/"}]}},"_links":{"self":[{"href":"https:\/\/resest.com\/ca\/wp-json\/wp\/v2\/posts\/12290","targetHints":{"allow":["GET"]}}],"collection":[{"href":"https:\/\/resest.com\/ca\/wp-json\/wp\/v2\/posts"}],"about":[{"href":"https:\/\/resest.com\/ca\/wp-json\/wp\/v2\/types\/post"}],"author":[{"embeddable":true,"href":"https:\/\/resest.com\/ca\/wp-json\/wp\/v2\/users\/1"}],"replies":[{"embeddable":true,"href":"https:\/\/resest.com\/ca\/wp-json\/wp\/v2\/comments?post=12290"}],"version-history":[{"count":1,"href":"https:\/\/resest.com\/ca\/wp-json\/wp\/v2\/posts\/12290\/revisions"}],"predecessor-version":[{"id":12292,"href":"https:\/\/resest.com\/ca\/wp-json\/wp\/v2\/posts\/12290\/revisions\/12292"}],"wp:featuredmedia":[{"embeddable":true,"href":"https:\/\/resest.com\/ca\/wp-json\/wp\/v2\/media\/12291"}],"wp:attachment":[{"href":"https:\/\/resest.com\/ca\/wp-json\/wp\/v2\/media?parent=12290"}],"wp:term":[{"taxonomy":"category","embeddable":true,"href":"https:\/\/resest.com\/ca\/wp-json\/wp\/v2\/categories?post=12290"},{"taxonomy":"post_tag","embeddable":true,"href":"https:\/\/resest.com\/ca\/wp-json\/wp\/v2\/tags?post=12290"}],"curies":[{"name":"wp","href":"https:\/\/api.w.org\/{rel}","templated":true}]}}