{"id":12194,"date":"2025-09-15T09:52:41","date_gmt":"2025-09-15T07:52:41","guid":{"rendered":"https:\/\/resest.com\/?p=12194"},"modified":"2025-09-15T10:06:44","modified_gmt":"2025-09-15T08:06:44","slug":"selectivitat-setembre","status":"publish","type":"post","link":"https:\/\/resest.com\/ca\/vida-de-lestudiant\/selectivitat-setembre\/","title":{"rendered":"Selectivitat de setembre: com preparar-te i trobar allotjament r\u00e0pidament"},"content":{"rendered":"\n<p>La <strong>selectivitat de setembre<\/strong> \u00e9s una segona oportunitat per accedir a la universitat, per\u00f2 tamb\u00e9 arriba amb reptes: menys temps de preparaci\u00f3 i la necessitat de trobar allotjament amb rapidesa. A <strong>RESEST<\/strong>, t\u2019oferim un entorn tranquil i ben connectat perqu\u00e8 puguis centrar-te en all\u00f2 m\u00e9s important: els teus ex\u00e0mens.<\/p>\n\n\n\n<h2 class=\"wp-block-heading\">Consells per preparar-te per la selectivitat de setembre<\/h2>\n\n\n\n<ul class=\"wp-block-list\">\n<li><strong>Organitza un pla d\u2019estudi curt i intensiu<\/strong>: fes esquemes i repassa preguntes d\u2019anys anteriors.<\/li>\n\n\n\n<li><strong>Prioritza descans i alimentaci\u00f3<\/strong>: sense hores de son, el rendiment baixa.<\/li>\n\n\n\n<li><strong>Crea un entorn de concentraci\u00f3<\/strong>: un lloc sense distraccions \u00e9s clau per estudiar b\u00e9.<\/li>\n<\/ul>\n\n\n\n<h2 class=\"wp-block-heading\">Troba allotjament r\u00e0pidament a Sabadell<\/h2>\n\n\n\n<p>Un dels punts cr\u00edtics \u00e9s tenir un lloc adequat on viure mentre prepares la <strong>selectivitat de setembre<\/strong>. La nostra <a href=\"https:\/\/resest.com\/ca\/ubicacio-residencia-estudiantil-a-sabadell-barcelona\/\">resid\u00e8ncia d\u2019estudiants a Sabadell<\/a> est\u00e0 a prop de<strong> la UAB, UPC Terrassa<\/strong>, <strong>ESDi<\/strong>, <strong>ESADE Sant Cugat<\/strong> i, entre d\u2019altres a Barcelona ciutat amb excel\u00b7lent connexi\u00f3 en transport p\u00fablic.<\/p>\n\n\n\n<h2 class=\"wp-block-heading\">Habitacions i comoditats pensades per estudiar<\/h2>\n\n\n\n<p>A <a href=\"https:\/\/resest.com\/ca\/habitacions-residencia-estudiantil-sabadell-barcelona\/\">RESEST<\/a> disposem d\u2019habitacions individuals i compartides, espais d\u2019estudi i zones comunes perqu\u00e8 puguis combinar concentraci\u00f3 i descans. Tot en un ambient universitari i proper.<\/p>\n\n\n\n<h2 class=\"wp-block-heading\">Tarifes flexibles per estudiants<\/h2>\n\n\n\n<p>Si necessites allotjament nom\u00e9s pel per\u00edode de la <strong>selectivitat de setembre<\/strong>, consulta les nostres <a href=\"https:\/\/resest.com\/ca\/tarifes-residencia-per-a-estudiants-a-barcelona-bellaterra\/\">tarifes<\/a>. Oferim opcions adaptades a estades curtes i amb preus competitius per fer que el proc\u00e9s sigui \u00e0gil i senzill.<\/p>\n\n\n\n<p>Amb RESEST tindr\u00e0s tot el que necessites: ubicaci\u00f3 estrat\u00e8gica, habitacions c\u00f2modes i tarifes flexibles per afrontar la <strong>selectivitat de setembre<\/strong> amb tranquil\u00b7litat.<\/p>\n\n\n\n<p><\/p>\n","protected":false},"excerpt":{"rendered":"<p>La selectivitat de setembre \u00e9s una segona oportunitat per accedir a la universitat, per\u00f2 tamb\u00e9 arriba amb reptes: menys temps de preparaci\u00f3 i la necessitat de trobar allotjament amb rapidesa. A RESEST, t\u2019oferim un entorn tranquil i ben connectat perqu\u00e8 puguis centrar-te en all\u00f2 m\u00e9s important: els teus ex\u00e0mens. Consells per preparar-te per la selectivitat&hellip;<\/p>\n","protected":false},"author":1,"featured_media":12195,"comment_status":"open","ping_status":"open","sticky":false,"template":"","format":"standard","meta":{"footnotes":""},"categories":[50],"tags":[],"class_list":["post-12194","post","type-post","status-publish","format-standard","has-post-thumbnail","hentry","category-vida-de-lestudiant","entry","has-media"],"yoast_head":"<!-- This site is optimized with the Yoast SEO plugin v26.4 - https:\/\/yoast.com\/wordpress\/plugins\/seo\/ -->\n<title>Selectivitat setembre: allotjament i consells per estudiar - RESEST<\/title>\n<meta name=\"description\" content=\"Prepara la selectivitat de setembre amb \u00e8xit. Troba allotjament a RESEST a Sabadell, amb habitacions i tarifes flexibles. Reserva ara la teva pla\u00e7a!\" \/>\n<meta name=\"robots\" content=\"index, follow, max-snippet:-1, max-image-preview:large, max-video-preview:-1\" \/>\n<link rel=\"canonical\" href=\"https:\/\/resest.com\/ca\/vida-de-lestudiant\/selectivitat-setembre\/\" \/>\n<meta property=\"og:locale\" content=\"ca_ES\" \/>\n<meta property=\"og:type\" content=\"article\" \/>\n<meta property=\"og:title\" content=\"Selectivitat setembre: allotjament i consells per estudiar - RESEST\" \/>\n<meta property=\"og:description\" content=\"Prepara la selectivitat de setembre amb \u00e8xit. Troba allotjament a RESEST a Sabadell, amb habitacions i tarifes flexibles. Reserva ara la teva pla\u00e7a!\" \/>\n<meta property=\"og:url\" content=\"https:\/\/resest.com\/ca\/vida-de-lestudiant\/selectivitat-setembre\/\" \/>\n<meta property=\"og:site_name\" content=\"Resid\u00e8ncia d&#039;Estudiants l&#039;Estaci\u00f3 de Sabadell | Resest\" \/>\n<meta property=\"article:published_time\" content=\"2025-09-15T07:52:41+00:00\" \/>\n<meta property=\"article:modified_time\" content=\"2025-09-15T08:06:44+00:00\" \/>\n<meta property=\"og:image\" content=\"https:\/\/resest.com\/wp-content\/uploads\/2025\/09\/ResiEstudiants-12.jpg\" \/>\n\t<meta property=\"og:image:width\" content=\"1200\" \/>\n\t<meta property=\"og:image:height\" content=\"804\" \/>\n\t<meta property=\"og:image:type\" content=\"image\/jpeg\" \/>\n<meta name=\"author\" content=\"Resest\" \/>\n<meta name=\"twitter:label1\" content=\"Written by\" \/>\n\t<meta name=\"twitter:data1\" content=\"Resest\" \/>\n\t<meta name=\"twitter:label2\" content=\"Est. reading time\" \/>\n\t<meta name=\"twitter:data2\" content=\"2 minutes\" \/>\n<script type=\"application\/ld+json\" class=\"yoast-schema-graph\">{\"@context\":\"https:\/\/schema.org\",\"@graph\":[{\"@type\":\"Article\",\"@id\":\"https:\/\/resest.com\/ca\/vida-de-lestudiant\/selectivitat-setembre\/#article\",\"isPartOf\":{\"@id\":\"https:\/\/resest.com\/ca\/vida-de-lestudiant\/selectivitat-setembre\/\"},\"author\":{\"name\":\"Resest\",\"@id\":\"https:\/\/resest.com\/ca\/#\/schema\/person\/d9965768ae08730dafc3a7c835fcc47c\"},\"headline\":\"Selectivitat de setembre: com preparar-te i trobar allotjament r\u00e0pidament\",\"datePublished\":\"2025-09-15T07:52:41+00:00\",\"dateModified\":\"2025-09-15T08:06:44+00:00\",\"mainEntityOfPage\":{\"@id\":\"https:\/\/resest.com\/ca\/vida-de-lestudiant\/selectivitat-setembre\/\"},\"wordCount\":270,\"commentCount\":0,\"publisher\":{\"@id\":\"https:\/\/resest.com\/ca\/#organization\"},\"image\":{\"@id\":\"https:\/\/resest.com\/ca\/vida-de-lestudiant\/selectivitat-setembre\/#primaryimage\"},\"thumbnailUrl\":\"https:\/\/resest.com\/wp-content\/uploads\/2025\/09\/ResiEstudiants-12.jpg\",\"articleSection\":[\"Consells per a estudiants universitaris\"],\"inLanguage\":\"ca-ES\",\"potentialAction\":[{\"@type\":\"CommentAction\",\"name\":\"Comment\",\"target\":[\"https:\/\/resest.com\/ca\/vida-de-lestudiant\/selectivitat-setembre\/#respond\"]}]},{\"@type\":\"WebPage\",\"@id\":\"https:\/\/resest.com\/ca\/vida-de-lestudiant\/selectivitat-setembre\/\",\"url\":\"https:\/\/resest.com\/ca\/vida-de-lestudiant\/selectivitat-setembre\/\",\"name\":\"Selectivitat setembre: allotjament i consells per estudiar - RESEST\",\"isPartOf\":{\"@id\":\"https:\/\/resest.com\/ca\/#website\"},\"primaryImageOfPage\":{\"@id\":\"https:\/\/resest.com\/ca\/vida-de-lestudiant\/selectivitat-setembre\/#primaryimage\"},\"image\":{\"@id\":\"https:\/\/resest.com\/ca\/vida-de-lestudiant\/selectivitat-setembre\/#primaryimage\"},\"thumbnailUrl\":\"https:\/\/resest.com\/wp-content\/uploads\/2025\/09\/ResiEstudiants-12.jpg\",\"datePublished\":\"2025-09-15T07:52:41+00:00\",\"dateModified\":\"2025-09-15T08:06:44+00:00\",\"description\":\"Prepara la selectivitat de setembre amb \u00e8xit. Troba allotjament a RESEST a Sabadell, amb habitacions i tarifes flexibles. Reserva ara la teva pla\u00e7a!\",\"breadcrumb\":{\"@id\":\"https:\/\/resest.com\/ca\/vida-de-lestudiant\/selectivitat-setembre\/#breadcrumb\"},\"inLanguage\":\"ca-ES\",\"potentialAction\":[{\"@type\":\"ReadAction\",\"target\":[\"https:\/\/resest.com\/ca\/vida-de-lestudiant\/selectivitat-setembre\/\"]}]},{\"@type\":\"ImageObject\",\"inLanguage\":\"ca-ES\",\"@id\":\"https:\/\/resest.com\/ca\/vida-de-lestudiant\/selectivitat-setembre\/#primaryimage\",\"url\":\"https:\/\/resest.com\/wp-content\/uploads\/2025\/09\/ResiEstudiants-12.jpg\",\"contentUrl\":\"https:\/\/resest.com\/wp-content\/uploads\/2025\/09\/ResiEstudiants-12.jpg\",\"width\":1200,\"height\":804,\"caption\":\"selectividad septiembre\"},{\"@type\":\"BreadcrumbList\",\"@id\":\"https:\/\/resest.com\/ca\/vida-de-lestudiant\/selectivitat-setembre\/#breadcrumb\",\"itemListElement\":[{\"@type\":\"ListItem\",\"position\":1,\"name\":\"Inici\",\"item\":\"https:\/\/resest.com\/ca\/\"},{\"@type\":\"ListItem\",\"position\":2,\"name\":\"Selectivitat de setembre: com preparar-te i trobar allotjament r\u00e0pidament\"}]},{\"@type\":\"WebSite\",\"@id\":\"https:\/\/resest.com\/ca\/#website\",\"url\":\"https:\/\/resest.com\/ca\/\",\"name\":\"Resid\u00e8ncia d&#039;Estudiants l&#039;Estaci\u00f3 de Sabadell | Resest\",\"description\":\"Prop de l\u2019Universitat Aut\u00f2noma de Barcelona (UAB)\",\"publisher\":{\"@id\":\"https:\/\/resest.com\/ca\/#organization\"},\"potentialAction\":[{\"@type\":\"SearchAction\",\"target\":{\"@type\":\"EntryPoint\",\"urlTemplate\":\"https:\/\/resest.com\/ca\/?s={search_term_string}\"},\"query-input\":{\"@type\":\"PropertyValueSpecification\",\"valueRequired\":true,\"valueName\":\"search_term_string\"}}],\"inLanguage\":\"ca-ES\"},{\"@type\":\"Organization\",\"@id\":\"https:\/\/resest.com\/ca\/#organization\",\"name\":\"Resid\u00e8ncia d&#039;Estudiants l&#039;Estaci\u00f3 de Sabadell | Resest\",\"url\":\"https:\/\/resest.com\/ca\/\",\"logo\":{\"@type\":\"ImageObject\",\"inLanguage\":\"ca-ES\",\"@id\":\"https:\/\/resest.com\/ca\/#\/schema\/logo\/image\/\",\"url\":\"https:\/\/resest.com\/wp-content\/uploads\/2024\/03\/Facana-1.jpg\",\"contentUrl\":\"https:\/\/resest.com\/wp-content\/uploads\/2024\/03\/Facana-1.jpg\",\"width\":1200,\"height\":1009,\"caption\":\"Resid\u00e8ncia d&#039;Estudiants l&#039;Estaci\u00f3 de Sabadell | Resest\"},\"image\":{\"@id\":\"https:\/\/resest.com\/ca\/#\/schema\/logo\/image\/\"}},{\"@type\":\"Person\",\"@id\":\"https:\/\/resest.com\/ca\/#\/schema\/person\/d9965768ae08730dafc3a7c835fcc47c\",\"name\":\"Resest\",\"image\":{\"@type\":\"ImageObject\",\"inLanguage\":\"ca-ES\",\"@id\":\"https:\/\/resest.com\/ca\/#\/schema\/person\/image\/\",\"url\":\"https:\/\/secure.gravatar.com\/avatar\/0c7509c85c836ff68bc43efa415976254ed1463e7bbc3edf38a658092e29e5b4?s=96&d=mm&r=g\",\"contentUrl\":\"https:\/\/secure.gravatar.com\/avatar\/0c7509c85c836ff68bc43efa415976254ed1463e7bbc3edf38a658092e29e5b4?s=96&d=mm&r=g\",\"caption\":\"Resest\"},\"url\":\"https:\/\/resest.com\/ca\/author\/jordi\/\"}]}<\/script>\n<!-- \/ Yoast SEO plugin. -->","yoast_head_json":{"title":"Selectivitat setembre: allotjament i consells per estudiar - RESEST","description":"Prepara la selectivitat de setembre amb \u00e8xit. Troba allotjament a RESEST a Sabadell, amb habitacions i tarifes flexibles. Reserva ara la teva pla\u00e7a!","robots":{"index":"index","follow":"follow","max-snippet":"max-snippet:-1","max-image-preview":"max-image-preview:large","max-video-preview":"max-video-preview:-1"},"canonical":"https:\/\/resest.com\/ca\/vida-de-lestudiant\/selectivitat-setembre\/","og_locale":"ca_ES","og_type":"article","og_title":"Selectivitat setembre: allotjament i consells per estudiar - RESEST","og_description":"Prepara la selectivitat de setembre amb \u00e8xit. Troba allotjament a RESEST a Sabadell, amb habitacions i tarifes flexibles. Reserva ara la teva pla\u00e7a!","og_url":"https:\/\/resest.com\/ca\/vida-de-lestudiant\/selectivitat-setembre\/","og_site_name":"Resid\u00e8ncia d&#039;Estudiants l&#039;Estaci\u00f3 de Sabadell | Resest","article_published_time":"2025-09-15T07:52:41+00:00","article_modified_time":"2025-09-15T08:06:44+00:00","og_image":[{"width":1200,"height":804,"url":"https:\/\/resest.com\/wp-content\/uploads\/2025\/09\/ResiEstudiants-12.jpg","type":"image\/jpeg"}],"author":"Resest","twitter_misc":{"Written by":"Resest","Est. reading time":"2 minutes"},"schema":{"@context":"https:\/\/schema.org","@graph":[{"@type":"Article","@id":"https:\/\/resest.com\/ca\/vida-de-lestudiant\/selectivitat-setembre\/#article","isPartOf":{"@id":"https:\/\/resest.com\/ca\/vida-de-lestudiant\/selectivitat-setembre\/"},"author":{"name":"Resest","@id":"https:\/\/resest.com\/ca\/#\/schema\/person\/d9965768ae08730dafc3a7c835fcc47c"},"headline":"Selectivitat de setembre: com preparar-te i trobar allotjament r\u00e0pidament","datePublished":"2025-09-15T07:52:41+00:00","dateModified":"2025-09-15T08:06:44+00:00","mainEntityOfPage":{"@id":"https:\/\/resest.com\/ca\/vida-de-lestudiant\/selectivitat-setembre\/"},"wordCount":270,"commentCount":0,"publisher":{"@id":"https:\/\/resest.com\/ca\/#organization"},"image":{"@id":"https:\/\/resest.com\/ca\/vida-de-lestudiant\/selectivitat-setembre\/#primaryimage"},"thumbnailUrl":"https:\/\/resest.com\/wp-content\/uploads\/2025\/09\/ResiEstudiants-12.jpg","articleSection":["Consells per a estudiants universitaris"],"inLanguage":"ca-ES","potentialAction":[{"@type":"CommentAction","name":"Comment","target":["https:\/\/resest.com\/ca\/vida-de-lestudiant\/selectivitat-setembre\/#respond"]}]},{"@type":"WebPage","@id":"https:\/\/resest.com\/ca\/vida-de-lestudiant\/selectivitat-setembre\/","url":"https:\/\/resest.com\/ca\/vida-de-lestudiant\/selectivitat-setembre\/","name":"Selectivitat setembre: allotjament i consells per estudiar - RESEST","isPartOf":{"@id":"https:\/\/resest.com\/ca\/#website"},"primaryImageOfPage":{"@id":"https:\/\/resest.com\/ca\/vida-de-lestudiant\/selectivitat-setembre\/#primaryimage"},"image":{"@id":"https:\/\/resest.com\/ca\/vida-de-lestudiant\/selectivitat-setembre\/#primaryimage"},"thumbnailUrl":"https:\/\/resest.com\/wp-content\/uploads\/2025\/09\/ResiEstudiants-12.jpg","datePublished":"2025-09-15T07:52:41+00:00","dateModified":"2025-09-15T08:06:44+00:00","description":"Prepara la selectivitat de setembre amb \u00e8xit. Troba allotjament a RESEST a Sabadell, amb habitacions i tarifes flexibles. Reserva ara la teva pla\u00e7a!","breadcrumb":{"@id":"https:\/\/resest.com\/ca\/vida-de-lestudiant\/selectivitat-setembre\/#breadcrumb"},"inLanguage":"ca-ES","potentialAction":[{"@type":"ReadAction","target":["https:\/\/resest.com\/ca\/vida-de-lestudiant\/selectivitat-setembre\/"]}]},{"@type":"ImageObject","inLanguage":"ca-ES","@id":"https:\/\/resest.com\/ca\/vida-de-lestudiant\/selectivitat-setembre\/#primaryimage","url":"https:\/\/resest.com\/wp-content\/uploads\/2025\/09\/ResiEstudiants-12.jpg","contentUrl":"https:\/\/resest.com\/wp-content\/uploads\/2025\/09\/ResiEstudiants-12.jpg","width":1200,"height":804,"caption":"selectividad septiembre"},{"@type":"BreadcrumbList","@id":"https:\/\/resest.com\/ca\/vida-de-lestudiant\/selectivitat-setembre\/#breadcrumb","itemListElement":[{"@type":"ListItem","position":1,"name":"Inici","item":"https:\/\/resest.com\/ca\/"},{"@type":"ListItem","position":2,"name":"Selectivitat de setembre: com preparar-te i trobar allotjament r\u00e0pidament"}]},{"@type":"WebSite","@id":"https:\/\/resest.com\/ca\/#website","url":"https:\/\/resest.com\/ca\/","name":"Resid\u00e8ncia d&#039;Estudiants l&#039;Estaci\u00f3 de Sabadell | Resest","description":"Prop de l\u2019Universitat Aut\u00f2noma de Barcelona (UAB)","publisher":{"@id":"https:\/\/resest.com\/ca\/#organization"},"potentialAction":[{"@type":"SearchAction","target":{"@type":"EntryPoint","urlTemplate":"https:\/\/resest.com\/ca\/?s={search_term_string}"},"query-input":{"@type":"PropertyValueSpecification","valueRequired":true,"valueName":"search_term_string"}}],"inLanguage":"ca-ES"},{"@type":"Organization","@id":"https:\/\/resest.com\/ca\/#organization","name":"Resid\u00e8ncia d&#039;Estudiants l&#039;Estaci\u00f3 de Sabadell | Resest","url":"https:\/\/resest.com\/ca\/","logo":{"@type":"ImageObject","inLanguage":"ca-ES","@id":"https:\/\/resest.com\/ca\/#\/schema\/logo\/image\/","url":"https:\/\/resest.com\/wp-content\/uploads\/2024\/03\/Facana-1.jpg","contentUrl":"https:\/\/resest.com\/wp-content\/uploads\/2024\/03\/Facana-1.jpg","width":1200,"height":1009,"caption":"Resid\u00e8ncia d&#039;Estudiants l&#039;Estaci\u00f3 de Sabadell | Resest"},"image":{"@id":"https:\/\/resest.com\/ca\/#\/schema\/logo\/image\/"}},{"@type":"Person","@id":"https:\/\/resest.com\/ca\/#\/schema\/person\/d9965768ae08730dafc3a7c835fcc47c","name":"Resest","image":{"@type":"ImageObject","inLanguage":"ca-ES","@id":"https:\/\/resest.com\/ca\/#\/schema\/person\/image\/","url":"https:\/\/secure.gravatar.com\/avatar\/0c7509c85c836ff68bc43efa415976254ed1463e7bbc3edf38a658092e29e5b4?s=96&d=mm&r=g","contentUrl":"https:\/\/secure.gravatar.com\/avatar\/0c7509c85c836ff68bc43efa415976254ed1463e7bbc3edf38a658092e29e5b4?s=96&d=mm&r=g","caption":"Resest"},"url":"https:\/\/resest.com\/ca\/author\/jordi\/"}]}},"_links":{"self":[{"href":"https:\/\/resest.com\/ca\/wp-json\/wp\/v2\/posts\/12194","targetHints":{"allow":["GET"]}}],"collection":[{"href":"https:\/\/resest.com\/ca\/wp-json\/wp\/v2\/posts"}],"about":[{"href":"https:\/\/resest.com\/ca\/wp-json\/wp\/v2\/types\/post"}],"author":[{"embeddable":true,"href":"https:\/\/resest.com\/ca\/wp-json\/wp\/v2\/users\/1"}],"replies":[{"embeddable":true,"href":"https:\/\/resest.com\/ca\/wp-json\/wp\/v2\/comments?post=12194"}],"version-history":[{"count":3,"href":"https:\/\/resest.com\/ca\/wp-json\/wp\/v2\/posts\/12194\/revisions"}],"predecessor-version":[{"id":12206,"href":"https:\/\/resest.com\/ca\/wp-json\/wp\/v2\/posts\/12194\/revisions\/12206"}],"wp:featuredmedia":[{"embeddable":true,"href":"https:\/\/resest.com\/ca\/wp-json\/wp\/v2\/media\/12195"}],"wp:attachment":[{"href":"https:\/\/resest.com\/ca\/wp-json\/wp\/v2\/media?parent=12194"}],"wp:term":[{"taxonomy":"category","embeddable":true,"href":"https:\/\/resest.com\/ca\/wp-json\/wp\/v2\/categories?post=12194"},{"taxonomy":"post_tag","embeddable":true,"href":"https:\/\/resest.com\/ca\/wp-json\/wp\/v2\/tags?post=12194"}],"curies":[{"name":"wp","href":"https:\/\/api.w.org\/{rel}","templated":true}]}}