{"id":12142,"date":"2025-07-14T13:44:25","date_gmt":"2025-07-14T11:44:25","guid":{"rendered":"https:\/\/resest.com\/?p=12142"},"modified":"2025-07-31T13:46:13","modified_gmt":"2025-07-31T11:46:13","slug":"notes-de-tall-catalunya-2025","status":"publish","type":"post","link":"https:\/\/resest.com\/ca\/noticies-per-a-universitaris\/notes-de-tall-catalunya-2025\/","title":{"rendered":"On consultar les notes de tall Catalunya 2025"},"content":{"rendered":"\n<p>Vols saber si tens prou nota per entrar al grau universitari que t\u2019interessa? Les <strong>notes de tall<\/strong> s\u00f3n una refer\u00e8ncia clau per orientar-te durant la preinscripci\u00f3 universit\u00e0ria. En aquest article t\u2019expliquem <strong>on consultar les notes de tall a Catalunya per al curs 2025<\/strong>, com interpretar-les, i quines carreres tenen les puntuacions m\u00e9s altes aquest any.<\/p>\n\n\n\n<h2 class=\"wp-block-heading\">On trobar les notes de tall oficials 2025<\/h2>\n\n\n\n<p>Les <strong>notes de tall Catalunya 2025<\/strong> es poden consultar de forma oficial al web de Canal Universitats de la Generalitat de Catalunya. Aquestes notes es publiquen despr\u00e9s de la primera assignaci\u00f3 de places (11 de juliol) i s\u2019actualitzen amb la segona (24 de juliol).<\/p>\n\n\n\n<p>&nbsp;<strong>Web oficial<\/strong>: <a href=\"https:\/\/universitats.gencat.cat\/ca\/inici\">universitats.gencat.cat<\/a><\/p>\n\n\n\n<p>All\u00e0 hi trobar\u00e0s:<\/p>\n\n\n\n<ul class=\"wp-block-list\">\n<li>PDF complet amb totes les notes de tall per grau i universitat.<\/li>\n\n\n\n<li>Cercador interactiu per filtrar per universitat, branca, poblaci\u00f3 o nota m\u00ednima.<\/li>\n<\/ul>\n\n\n\n<p>Altres portals com notasdecorte.es o Betev\u00e9.cat tamb\u00e9 ofereixen resums \u00fatils.<\/p>\n\n\n\n<h2 class=\"wp-block-heading\">Com interpretar la nota de tall?<\/h2>\n\n\n\n<p>La <strong>nota de tall<\/strong> \u00e9s la nota m\u00e9s baixa amb la qual un estudiant ha accedit a un grau en la darrera assignaci\u00f3 de places. No \u00e9s una nota fixa, sin\u00f3 que dep\u00e8n de:<\/p>\n\n\n\n<ul class=\"wp-block-list\">\n<li>L\u2019oferta de places del grau.<\/li>\n\n\n\n<li>El nombre de sol\u00b7licituds rebudes.<\/li>\n\n\n\n<li>Les notes dels estudiants que hi han accedit.<\/li>\n<\/ul>\n\n\n\n<p>\u00c9s important saber que si la demanda d\u2019un grau \u00e9s molt alta, la nota de tall puja. I si no s\u2019omplen les places, pot baixar.<\/p>\n\n\n\n<h2 class=\"wp-block-heading\">Per qu\u00e8 les notes no han baixat tot i la nova selectivitat?<\/h2>\n\n\n\n<p>Encara que la <strong>nova PAU 2025<\/strong> ha canviat el model d\u2019examen, les notes de tall continuen sent altes. Els motius:<\/p>\n\n\n\n<ul class=\"wp-block-list\">\n<li><strong>Alta demanda<\/strong>: 62.238 estudiants han fet la preinscripci\u00f3, per\u00f2 nom\u00e9s hi ha 41.866 places disponibles.<\/li>\n\n\n\n<li><strong>Oferta limitada<\/strong> en molts graus sol\u00b7licitats.<\/li>\n\n\n\n<li><strong>Notes PAU lleugerament m\u00e9s baixes<\/strong>, per\u00f2 no prou per fer baixar les notes de tall, a causa de la compet\u00e8ncia.<\/li>\n<\/ul>\n\n\n\n<p>Aix\u00f2 genera un <strong>desajust estructural<\/strong> entre oferta i demanda que fa que les notes segueixin per sobre del 12 en molts graus.<\/p>\n\n\n\n<h2 class=\"wp-block-heading\">Recomanacions per orientar-te<\/h2>\n\n\n\n<ul class=\"wp-block-list\">\n<li>Consulta tant la <strong>primera com la segona assignaci\u00f3<\/strong> (11 i 24 de juliol).<\/li>\n\n\n\n<li>Fes servir <strong>simuladors de nota<\/strong> com el del 3cat:<br>\ud83d\udc49 <a href=\"https:\/\/www.3cat.cat\/324\/calculadora-de-la-nota-de-tall-2025-el-simulador-per-saber-que-has-de-treure-a-la-selectivitat\/noticia\/3354261\/\">Simulador de nota de tall 2025 \u2013 3cat.cat<\/a><\/li>\n\n\n\n<li><strong>Ordena b\u00e9 les prefer\u00e8ncies<\/strong> a la preinscripci\u00f3: posa en primer lloc el grau que vols, encara que tingui una nota molt alta.<\/li>\n\n\n\n<li>Tingues un <strong>pla B<\/strong> amb opcions alternatives amb notes m\u00e9s assequibles.<\/li>\n<\/ul>\n\n\n\n<h2 class=\"wp-block-heading\">Preguntes freq\u00fcents<\/h2>\n\n\n\n<ul class=\"wp-block-list\">\n<li><strong>Quan es publiquen les notes de tall Catalunya 2025?<\/strong><br>\u2013 La primera assignaci\u00f3 es fa p\u00fablica l\u201911 de juliol; la segona, el 24 de juliol.<\/li>\n\n\n\n<li><strong>Les notes s\u00f3n definitives?<\/strong><br>\u2013 No. Poden variar lleugerament entre assignacions i en reassignacions posteriors.<\/li>\n\n\n\n<li><strong>Com s\u00e9 si tinc opcions d\u2019entrar?<\/strong><br>\u2013 Compara la teva nota amb la nota de tall de l\u2019any anterior i usa el simulador per fer estimacions.<\/li>\n\n\n\n<li><strong>Hi ha graus sense nota de tall?<\/strong><br>\u2013 S\u00ed, alguns estudis amb baixa demanda no tenen nota de tall o tenen acc\u00e9s lliure.<\/li>\n<\/ul>\n","protected":false},"excerpt":{"rendered":"<p>Vols saber si tens prou nota per entrar al grau universitari que t\u2019interessa? Les notes de tall s\u00f3n una refer\u00e8ncia clau per orientar-te durant la preinscripci\u00f3 universit\u00e0ria. En aquest article t\u2019expliquem on consultar les notes de tall a Catalunya per al curs 2025, com interpretar-les, i quines carreres tenen les puntuacions m\u00e9s altes aquest any.&hellip;<\/p>\n","protected":false},"author":1,"featured_media":12143,"comment_status":"open","ping_status":"open","sticky":false,"template":"","format":"standard","meta":{"footnotes":""},"categories":[96],"tags":[],"class_list":["post-12142","post","type-post","status-publish","format-standard","has-post-thumbnail","hentry","category-noticies-per-a-universitaris","entry","has-media"],"yoast_head":"<!-- This site is optimized with the Yoast SEO plugin v26.4 - https:\/\/yoast.com\/wordpress\/plugins\/seo\/ -->\n<title>Consulta de notes de tall 2025 - RESEST<\/title>\n<meta name=\"description\" content=\"Consulta les notes de tall 2025 per graus i universitats p\u00fabliques de Catalunya. Descobreix les quals han pujat, baixat o mantingut. Accedeix a PDF i cercadors oficials.\" \/>\n<meta name=\"robots\" content=\"index, follow, max-snippet:-1, max-image-preview:large, max-video-preview:-1\" \/>\n<link rel=\"canonical\" href=\"https:\/\/resest.com\/ca\/noticies-per-a-universitaris\/notes-de-tall-catalunya-2025\/\" \/>\n<meta property=\"og:locale\" content=\"ca_ES\" \/>\n<meta property=\"og:type\" content=\"article\" \/>\n<meta property=\"og:title\" content=\"Consulta de notes de tall 2025 - RESEST\" \/>\n<meta property=\"og:description\" content=\"Consulta les notes de tall 2025 per graus i universitats p\u00fabliques de Catalunya. Descobreix les quals han pujat, baixat o mantingut. Accedeix a PDF i cercadors oficials.\" \/>\n<meta property=\"og:url\" content=\"https:\/\/resest.com\/ca\/noticies-per-a-universitaris\/notes-de-tall-catalunya-2025\/\" \/>\n<meta property=\"og:site_name\" content=\"Resid\u00e8ncia d&#039;Estudiants l&#039;Estaci\u00f3 de Sabadell | Resest\" \/>\n<meta property=\"article:published_time\" content=\"2025-07-14T11:44:25+00:00\" \/>\n<meta property=\"article:modified_time\" content=\"2025-07-31T11:46:13+00:00\" \/>\n<meta property=\"og:image\" content=\"https:\/\/resest.com\/wp-content\/uploads\/2025\/07\/group-of-unrecognizable-university-students-sittin-2024-10-18-17-48-23-utc.jpg\" \/>\n\t<meta property=\"og:image:width\" content=\"1200\" \/>\n\t<meta property=\"og:image:height\" content=\"801\" \/>\n\t<meta property=\"og:image:type\" content=\"image\/jpeg\" \/>\n<meta name=\"author\" content=\"Resest\" \/>\n<meta name=\"twitter:label1\" content=\"Written by\" \/>\n\t<meta name=\"twitter:data1\" content=\"Resest\" \/>\n\t<meta name=\"twitter:label2\" content=\"Est. reading time\" \/>\n\t<meta name=\"twitter:data2\" content=\"3 minutes\" \/>\n<script type=\"application\/ld+json\" class=\"yoast-schema-graph\">{\"@context\":\"https:\/\/schema.org\",\"@graph\":[{\"@type\":\"Article\",\"@id\":\"https:\/\/resest.com\/ca\/noticies-per-a-universitaris\/notes-de-tall-catalunya-2025\/#article\",\"isPartOf\":{\"@id\":\"https:\/\/resest.com\/ca\/noticies-per-a-universitaris\/notes-de-tall-catalunya-2025\/\"},\"author\":{\"name\":\"Resest\",\"@id\":\"https:\/\/resest.com\/ca\/#\/schema\/person\/d9965768ae08730dafc3a7c835fcc47c\"},\"headline\":\"On consultar les notes de tall Catalunya 2025\",\"datePublished\":\"2025-07-14T11:44:25+00:00\",\"dateModified\":\"2025-07-31T11:46:13+00:00\",\"mainEntityOfPage\":{\"@id\":\"https:\/\/resest.com\/ca\/noticies-per-a-universitaris\/notes-de-tall-catalunya-2025\/\"},\"wordCount\":504,\"commentCount\":0,\"publisher\":{\"@id\":\"https:\/\/resest.com\/ca\/#organization\"},\"image\":{\"@id\":\"https:\/\/resest.com\/ca\/noticies-per-a-universitaris\/notes-de-tall-catalunya-2025\/#primaryimage\"},\"thumbnailUrl\":\"https:\/\/resest.com\/wp-content\/uploads\/2025\/07\/group-of-unrecognizable-university-students-sittin-2024-10-18-17-48-23-utc.jpg\",\"articleSection\":[\"Not\u00edcies per a universitaris\"],\"inLanguage\":\"ca-ES\",\"potentialAction\":[{\"@type\":\"CommentAction\",\"name\":\"Comment\",\"target\":[\"https:\/\/resest.com\/ca\/noticies-per-a-universitaris\/notes-de-tall-catalunya-2025\/#respond\"]}]},{\"@type\":\"WebPage\",\"@id\":\"https:\/\/resest.com\/ca\/noticies-per-a-universitaris\/notes-de-tall-catalunya-2025\/\",\"url\":\"https:\/\/resest.com\/ca\/noticies-per-a-universitaris\/notes-de-tall-catalunya-2025\/\",\"name\":\"Consulta de notes de tall 2025 - RESEST\",\"isPartOf\":{\"@id\":\"https:\/\/resest.com\/ca\/#website\"},\"primaryImageOfPage\":{\"@id\":\"https:\/\/resest.com\/ca\/noticies-per-a-universitaris\/notes-de-tall-catalunya-2025\/#primaryimage\"},\"image\":{\"@id\":\"https:\/\/resest.com\/ca\/noticies-per-a-universitaris\/notes-de-tall-catalunya-2025\/#primaryimage\"},\"thumbnailUrl\":\"https:\/\/resest.com\/wp-content\/uploads\/2025\/07\/group-of-unrecognizable-university-students-sittin-2024-10-18-17-48-23-utc.jpg\",\"datePublished\":\"2025-07-14T11:44:25+00:00\",\"dateModified\":\"2025-07-31T11:46:13+00:00\",\"description\":\"Consulta les notes de tall 2025 per graus i universitats p\u00fabliques de Catalunya. Descobreix les quals han pujat, baixat o mantingut. Accedeix a PDF i cercadors oficials.\",\"breadcrumb\":{\"@id\":\"https:\/\/resest.com\/ca\/noticies-per-a-universitaris\/notes-de-tall-catalunya-2025\/#breadcrumb\"},\"inLanguage\":\"ca-ES\",\"potentialAction\":[{\"@type\":\"ReadAction\",\"target\":[\"https:\/\/resest.com\/ca\/noticies-per-a-universitaris\/notes-de-tall-catalunya-2025\/\"]}]},{\"@type\":\"ImageObject\",\"inLanguage\":\"ca-ES\",\"@id\":\"https:\/\/resest.com\/ca\/noticies-per-a-universitaris\/notes-de-tall-catalunya-2025\/#primaryimage\",\"url\":\"https:\/\/resest.com\/wp-content\/uploads\/2025\/07\/group-of-unrecognizable-university-students-sittin-2024-10-18-17-48-23-utc.jpg\",\"contentUrl\":\"https:\/\/resest.com\/wp-content\/uploads\/2025\/07\/group-of-unrecognizable-university-students-sittin-2024-10-18-17-48-23-utc.jpg\",\"width\":1200,\"height\":801,\"caption\":\"notas de corte catalu\u00f1a 2025\"},{\"@type\":\"BreadcrumbList\",\"@id\":\"https:\/\/resest.com\/ca\/noticies-per-a-universitaris\/notes-de-tall-catalunya-2025\/#breadcrumb\",\"itemListElement\":[{\"@type\":\"ListItem\",\"position\":1,\"name\":\"Inici\",\"item\":\"https:\/\/resest.com\/ca\/\"},{\"@type\":\"ListItem\",\"position\":2,\"name\":\"On consultar les notes de tall Catalunya 2025\"}]},{\"@type\":\"WebSite\",\"@id\":\"https:\/\/resest.com\/ca\/#website\",\"url\":\"https:\/\/resest.com\/ca\/\",\"name\":\"Resid\u00e8ncia d&#039;Estudiants l&#039;Estaci\u00f3 de Sabadell | Resest\",\"description\":\"Prop de l\u2019Universitat Aut\u00f2noma de Barcelona (UAB)\",\"publisher\":{\"@id\":\"https:\/\/resest.com\/ca\/#organization\"},\"potentialAction\":[{\"@type\":\"SearchAction\",\"target\":{\"@type\":\"EntryPoint\",\"urlTemplate\":\"https:\/\/resest.com\/ca\/?s={search_term_string}\"},\"query-input\":{\"@type\":\"PropertyValueSpecification\",\"valueRequired\":true,\"valueName\":\"search_term_string\"}}],\"inLanguage\":\"ca-ES\"},{\"@type\":\"Organization\",\"@id\":\"https:\/\/resest.com\/ca\/#organization\",\"name\":\"Resid\u00e8ncia d&#039;Estudiants l&#039;Estaci\u00f3 de Sabadell | Resest\",\"url\":\"https:\/\/resest.com\/ca\/\",\"logo\":{\"@type\":\"ImageObject\",\"inLanguage\":\"ca-ES\",\"@id\":\"https:\/\/resest.com\/ca\/#\/schema\/logo\/image\/\",\"url\":\"https:\/\/resest.com\/wp-content\/uploads\/2024\/03\/Facana-1.jpg\",\"contentUrl\":\"https:\/\/resest.com\/wp-content\/uploads\/2024\/03\/Facana-1.jpg\",\"width\":1200,\"height\":1009,\"caption\":\"Resid\u00e8ncia d&#039;Estudiants l&#039;Estaci\u00f3 de Sabadell | Resest\"},\"image\":{\"@id\":\"https:\/\/resest.com\/ca\/#\/schema\/logo\/image\/\"}},{\"@type\":\"Person\",\"@id\":\"https:\/\/resest.com\/ca\/#\/schema\/person\/d9965768ae08730dafc3a7c835fcc47c\",\"name\":\"Resest\",\"image\":{\"@type\":\"ImageObject\",\"inLanguage\":\"ca-ES\",\"@id\":\"https:\/\/resest.com\/ca\/#\/schema\/person\/image\/\",\"url\":\"https:\/\/secure.gravatar.com\/avatar\/0c7509c85c836ff68bc43efa415976254ed1463e7bbc3edf38a658092e29e5b4?s=96&d=mm&r=g\",\"contentUrl\":\"https:\/\/secure.gravatar.com\/avatar\/0c7509c85c836ff68bc43efa415976254ed1463e7bbc3edf38a658092e29e5b4?s=96&d=mm&r=g\",\"caption\":\"Resest\"},\"url\":\"https:\/\/resest.com\/ca\/author\/jordi\/\"}]}<\/script>\n<!-- \/ Yoast SEO plugin. -->","yoast_head_json":{"title":"Consulta de notes de tall 2025 - RESEST","description":"Consulta les notes de tall 2025 per graus i universitats p\u00fabliques de Catalunya. Descobreix les quals han pujat, baixat o mantingut. Accedeix a PDF i cercadors oficials.","robots":{"index":"index","follow":"follow","max-snippet":"max-snippet:-1","max-image-preview":"max-image-preview:large","max-video-preview":"max-video-preview:-1"},"canonical":"https:\/\/resest.com\/ca\/noticies-per-a-universitaris\/notes-de-tall-catalunya-2025\/","og_locale":"ca_ES","og_type":"article","og_title":"Consulta de notes de tall 2025 - RESEST","og_description":"Consulta les notes de tall 2025 per graus i universitats p\u00fabliques de Catalunya. Descobreix les quals han pujat, baixat o mantingut. Accedeix a PDF i cercadors oficials.","og_url":"https:\/\/resest.com\/ca\/noticies-per-a-universitaris\/notes-de-tall-catalunya-2025\/","og_site_name":"Resid\u00e8ncia d&#039;Estudiants l&#039;Estaci\u00f3 de Sabadell | Resest","article_published_time":"2025-07-14T11:44:25+00:00","article_modified_time":"2025-07-31T11:46:13+00:00","og_image":[{"width":1200,"height":801,"url":"https:\/\/resest.com\/wp-content\/uploads\/2025\/07\/group-of-unrecognizable-university-students-sittin-2024-10-18-17-48-23-utc.jpg","type":"image\/jpeg"}],"author":"Resest","twitter_misc":{"Written by":"Resest","Est. reading time":"3 minutes"},"schema":{"@context":"https:\/\/schema.org","@graph":[{"@type":"Article","@id":"https:\/\/resest.com\/ca\/noticies-per-a-universitaris\/notes-de-tall-catalunya-2025\/#article","isPartOf":{"@id":"https:\/\/resest.com\/ca\/noticies-per-a-universitaris\/notes-de-tall-catalunya-2025\/"},"author":{"name":"Resest","@id":"https:\/\/resest.com\/ca\/#\/schema\/person\/d9965768ae08730dafc3a7c835fcc47c"},"headline":"On consultar les notes de tall Catalunya 2025","datePublished":"2025-07-14T11:44:25+00:00","dateModified":"2025-07-31T11:46:13+00:00","mainEntityOfPage":{"@id":"https:\/\/resest.com\/ca\/noticies-per-a-universitaris\/notes-de-tall-catalunya-2025\/"},"wordCount":504,"commentCount":0,"publisher":{"@id":"https:\/\/resest.com\/ca\/#organization"},"image":{"@id":"https:\/\/resest.com\/ca\/noticies-per-a-universitaris\/notes-de-tall-catalunya-2025\/#primaryimage"},"thumbnailUrl":"https:\/\/resest.com\/wp-content\/uploads\/2025\/07\/group-of-unrecognizable-university-students-sittin-2024-10-18-17-48-23-utc.jpg","articleSection":["Not\u00edcies per a universitaris"],"inLanguage":"ca-ES","potentialAction":[{"@type":"CommentAction","name":"Comment","target":["https:\/\/resest.com\/ca\/noticies-per-a-universitaris\/notes-de-tall-catalunya-2025\/#respond"]}]},{"@type":"WebPage","@id":"https:\/\/resest.com\/ca\/noticies-per-a-universitaris\/notes-de-tall-catalunya-2025\/","url":"https:\/\/resest.com\/ca\/noticies-per-a-universitaris\/notes-de-tall-catalunya-2025\/","name":"Consulta de notes de tall 2025 - RESEST","isPartOf":{"@id":"https:\/\/resest.com\/ca\/#website"},"primaryImageOfPage":{"@id":"https:\/\/resest.com\/ca\/noticies-per-a-universitaris\/notes-de-tall-catalunya-2025\/#primaryimage"},"image":{"@id":"https:\/\/resest.com\/ca\/noticies-per-a-universitaris\/notes-de-tall-catalunya-2025\/#primaryimage"},"thumbnailUrl":"https:\/\/resest.com\/wp-content\/uploads\/2025\/07\/group-of-unrecognizable-university-students-sittin-2024-10-18-17-48-23-utc.jpg","datePublished":"2025-07-14T11:44:25+00:00","dateModified":"2025-07-31T11:46:13+00:00","description":"Consulta les notes de tall 2025 per graus i universitats p\u00fabliques de Catalunya. Descobreix les quals han pujat, baixat o mantingut. Accedeix a PDF i cercadors oficials.","breadcrumb":{"@id":"https:\/\/resest.com\/ca\/noticies-per-a-universitaris\/notes-de-tall-catalunya-2025\/#breadcrumb"},"inLanguage":"ca-ES","potentialAction":[{"@type":"ReadAction","target":["https:\/\/resest.com\/ca\/noticies-per-a-universitaris\/notes-de-tall-catalunya-2025\/"]}]},{"@type":"ImageObject","inLanguage":"ca-ES","@id":"https:\/\/resest.com\/ca\/noticies-per-a-universitaris\/notes-de-tall-catalunya-2025\/#primaryimage","url":"https:\/\/resest.com\/wp-content\/uploads\/2025\/07\/group-of-unrecognizable-university-students-sittin-2024-10-18-17-48-23-utc.jpg","contentUrl":"https:\/\/resest.com\/wp-content\/uploads\/2025\/07\/group-of-unrecognizable-university-students-sittin-2024-10-18-17-48-23-utc.jpg","width":1200,"height":801,"caption":"notas de corte catalu\u00f1a 2025"},{"@type":"BreadcrumbList","@id":"https:\/\/resest.com\/ca\/noticies-per-a-universitaris\/notes-de-tall-catalunya-2025\/#breadcrumb","itemListElement":[{"@type":"ListItem","position":1,"name":"Inici","item":"https:\/\/resest.com\/ca\/"},{"@type":"ListItem","position":2,"name":"On consultar les notes de tall Catalunya 2025"}]},{"@type":"WebSite","@id":"https:\/\/resest.com\/ca\/#website","url":"https:\/\/resest.com\/ca\/","name":"Resid\u00e8ncia d&#039;Estudiants l&#039;Estaci\u00f3 de Sabadell | Resest","description":"Prop de l\u2019Universitat Aut\u00f2noma de Barcelona (UAB)","publisher":{"@id":"https:\/\/resest.com\/ca\/#organization"},"potentialAction":[{"@type":"SearchAction","target":{"@type":"EntryPoint","urlTemplate":"https:\/\/resest.com\/ca\/?s={search_term_string}"},"query-input":{"@type":"PropertyValueSpecification","valueRequired":true,"valueName":"search_term_string"}}],"inLanguage":"ca-ES"},{"@type":"Organization","@id":"https:\/\/resest.com\/ca\/#organization","name":"Resid\u00e8ncia d&#039;Estudiants l&#039;Estaci\u00f3 de Sabadell | Resest","url":"https:\/\/resest.com\/ca\/","logo":{"@type":"ImageObject","inLanguage":"ca-ES","@id":"https:\/\/resest.com\/ca\/#\/schema\/logo\/image\/","url":"https:\/\/resest.com\/wp-content\/uploads\/2024\/03\/Facana-1.jpg","contentUrl":"https:\/\/resest.com\/wp-content\/uploads\/2024\/03\/Facana-1.jpg","width":1200,"height":1009,"caption":"Resid\u00e8ncia d&#039;Estudiants l&#039;Estaci\u00f3 de Sabadell | Resest"},"image":{"@id":"https:\/\/resest.com\/ca\/#\/schema\/logo\/image\/"}},{"@type":"Person","@id":"https:\/\/resest.com\/ca\/#\/schema\/person\/d9965768ae08730dafc3a7c835fcc47c","name":"Resest","image":{"@type":"ImageObject","inLanguage":"ca-ES","@id":"https:\/\/resest.com\/ca\/#\/schema\/person\/image\/","url":"https:\/\/secure.gravatar.com\/avatar\/0c7509c85c836ff68bc43efa415976254ed1463e7bbc3edf38a658092e29e5b4?s=96&d=mm&r=g","contentUrl":"https:\/\/secure.gravatar.com\/avatar\/0c7509c85c836ff68bc43efa415976254ed1463e7bbc3edf38a658092e29e5b4?s=96&d=mm&r=g","caption":"Resest"},"url":"https:\/\/resest.com\/ca\/author\/jordi\/"}]}},"_links":{"self":[{"href":"https:\/\/resest.com\/ca\/wp-json\/wp\/v2\/posts\/12142","targetHints":{"allow":["GET"]}}],"collection":[{"href":"https:\/\/resest.com\/ca\/wp-json\/wp\/v2\/posts"}],"about":[{"href":"https:\/\/resest.com\/ca\/wp-json\/wp\/v2\/types\/post"}],"author":[{"embeddable":true,"href":"https:\/\/resest.com\/ca\/wp-json\/wp\/v2\/users\/1"}],"replies":[{"embeddable":true,"href":"https:\/\/resest.com\/ca\/wp-json\/wp\/v2\/comments?post=12142"}],"version-history":[{"count":1,"href":"https:\/\/resest.com\/ca\/wp-json\/wp\/v2\/posts\/12142\/revisions"}],"predecessor-version":[{"id":12147,"href":"https:\/\/resest.com\/ca\/wp-json\/wp\/v2\/posts\/12142\/revisions\/12147"}],"wp:featuredmedia":[{"embeddable":true,"href":"https:\/\/resest.com\/ca\/wp-json\/wp\/v2\/media\/12143"}],"wp:attachment":[{"href":"https:\/\/resest.com\/ca\/wp-json\/wp\/v2\/media?parent=12142"}],"wp:term":[{"taxonomy":"category","embeddable":true,"href":"https:\/\/resest.com\/ca\/wp-json\/wp\/v2\/categories?post=12142"},{"taxonomy":"post_tag","embeddable":true,"href":"https:\/\/resest.com\/ca\/wp-json\/wp\/v2\/tags?post=12142"}],"curies":[{"name":"wp","href":"https:\/\/api.w.org\/{rel}","templated":true}]}}