{"id":11978,"date":"2025-02-11T13:23:18","date_gmt":"2025-02-11T12:23:18","guid":{"rendered":"https:\/\/resest.com\/?p=11978"},"modified":"2025-05-21T12:50:31","modified_gmt":"2025-05-21T10:50:31","slug":"barcelona-flight-school","status":"publish","type":"post","link":"https:\/\/resest.com\/ca\/noticies-per-a-universitaris\/barcelona-flight-school\/","title":{"rendered":"Barcelona Flight School i l&#8217; Aeroport de Sabadell: Un Centre de Formaci\u00f3 de Refer\u00e8ncia Mundial"},"content":{"rendered":"\n<p>L <strong>&#8216;Aeroport de Sabadell<\/strong> s&#8217;ha consolidat com un referent mundial en la <strong>formaci\u00f3 de pilots<\/strong> gr\u00e0cies a la <strong>Barcelona Flight School<\/strong>, una de les escoles d&#8217;aviaci\u00f3 m\u00e9s prestigioses d&#8217;Europa. El seu reconeixement internacional i el seu creixement han convertit Sabadell en un epicentre per a estudiants d&#8217;aviaci\u00f3 de tot el m\u00f3n.<\/p>\n\n\n\n<p>Si ets estudiant de la <strong>Barcelona Flight School<\/strong> i busques una resid\u00e8ncia c\u00f2moda, ben ubicada i amb tots els serveis, <strong>Resest<\/strong> \u00e9s una excel\u00b7lent opci\u00f3. Ens trobem <strong>molt a prop de l&#8217;aeroport de Sabadell<\/strong>, oferint allotjament de qualitat en un entorn ideal per a estudiants.<\/p>\n\n\n\n<h2 class=\"wp-block-heading\"><strong>Barcelona Flight School: Formaci\u00f3 de Pilots a Sabadell<\/strong><\/h2>\n\n\n\n<p>Des de fa anys, la <strong>Barcelona Flight School<\/strong> ha estat un pilar en la formaci\u00f3 de pilots comercials i privats, oferint programes d&#8217;alt nivell amb simuladors d&#8217;\u00faltima generaci\u00f3 i aeronaus modernes.<\/p>\n\n\n\n<p>L <strong>&#8216; Aeroport de Sabadell<\/strong> \u00e9s l&#8217; \u00fanic de Catalunya dedicat exclusivament a l <strong>&#8216; aviaci\u00f3 general i esportiva<\/strong>, la qual cosa el converteix en el lloc perfecte per a la formaci\u00f3 aeron\u00e0utica. El 2023, va registrar m\u00e9s de <strong>70.000 operacions<\/strong>, consolidant-se com un dels aeroports amb m\u00e9s activitat en aquest sector.<\/p>\n\n\n\n<h2 class=\"wp-block-heading\"><strong>Resest: La Resid\u00e8ncia Ideal per a Estudiants de Barcelona Flight School<\/strong><\/h2>\n\n\n\n<p>Molts estudiants de <strong>Barcelona Flight School<\/strong> elegeixen Sabadell com a lloc de resid\u00e8ncia durant la seva formaci\u00f3. A <strong>Resest<\/strong>, oferim un ambient c\u00f2mode i tranquil, perfecte per als qui busquen un espai on descansar i concentrar-se en els seus estudis.<\/p>\n\n\n\n<h2 class=\"wp-block-heading\"><strong>Ubicaci\u00f3 Estrat\u00e8gica i Connexi\u00f3 amb l&#8217; Aeroport<\/strong><\/h2>\n\n\n\n<p>Ens trobem al costat de la parada de <strong>Can Feu &#8211; Gr\u00e0cia de FGC<\/strong>, la qual cosa facilita l&#8217;acc\u00e9s a qualsevol punt de la ciutat. A m\u00e9s, la nostra ubicaci\u00f3 \u00e9s ideal per a estudiants de la <strong>Universitat Aut\u00f2noma de Barcelona (UAB)<\/strong>, ja que estem a nom\u00e9s <strong>dues parades de tren<\/strong> del seu campus.<\/p>\n\n\n\n<h2 class=\"wp-block-heading\"><strong>Serveis i Comoditats per a Estudiants d&#8217; Aviaci\u00f3<\/strong><\/h2>\n\n\n\n<p>A <strong>Resest<\/strong>, entenem les necessitats dels estudiants de <strong>Barcelona Flight School<\/strong> i oferim una varietat de serveis dissenyats per a la seva comoditat i benestar:<\/p>\n\n\n\n<ul class=\"wp-block-list\">\n<li><a href=\"https:\/\/resest.com\/ca\/habitacions-residencia-estudiantil-sabadell-barcelona\/\"><strong>Habitacions c\u00f2modes i equipades<\/strong><\/a><\/li>\n\n\n\n<li><a href=\"https:\/\/resest.com\/ca\/serveis-residencia-estudiantil-barcelona-bellaterra\/\"><strong>Serveis de menjador i cuina<\/strong><\/a><\/li>\n\n\n\n<li><a href=\"https:\/\/resest.com\/ca\/installacions-residencia-estudiants-barcelona\/\"><strong>Espais d&#8217; estudi tranquils<\/strong><\/a><\/li>\n\n\n\n<li><a href=\"https:\/\/resest.com\/ca\/ubicacio-residencia-estudiantil-a-sabadell-barcelona\/\"><strong>Connexi\u00f3 r\u00e0pida amb l&#8217; aeroport i el centre de Barcelona<\/strong><\/a><\/li>\n\n\n\n<li><a href=\"https:\/\/resest.com\/ca\/tarifes-residencia-per-a-estudiants-a-barcelona-bellaterra\/\"><strong>Tarifes adaptades per a estudiants<\/strong><\/a><\/li>\n<\/ul>\n\n\n\n<h2 class=\"wp-block-heading\"><strong>Viu a Sabadell mentre Estudies a Barcelona Flight School<\/strong><\/h2>\n\n\n\n<p>Si busques una resid\u00e8ncia c\u00f2moda, ben ubicada i amb totes les comoditats mentre estudies a la <strong>Barcelona Flight School<\/strong>, <strong>Resest<\/strong> \u00e9s la teva millor opci\u00f3. Gaudeix d&#8217;un entorn ideal per a estudiants, amb una comunitat internacional i un acc\u00e9s r\u00e0pid tant a l <strong>&#8216;Aeroport de Sabadell<\/strong> com a altres punts clau de la ciutat.<\/p>\n\n\n\n<p><strong>\u00bfLlest per comen\u00e7ar la teva formaci\u00f3 com a pilot?<\/strong> Descobreix m\u00e9s sobre la nostra resid\u00e8ncia i reserva la teva pla\u00e7a avui mateix.<\/p>\n","protected":false},"excerpt":{"rendered":"<p>L &#8216;Aeroport de Sabadell s&#8217;ha consolidat com un referent mundial en la formaci\u00f3 de pilots gr\u00e0cies a la Barcelona Flight School, una de les escoles d&#8217;aviaci\u00f3 m\u00e9s prestigioses d&#8217;Europa. El seu reconeixement internacional i el seu creixement han convertit Sabadell en un epicentre per a estudiants d&#8217;aviaci\u00f3 de tot el m\u00f3n. Si ets estudiant de&hellip;<\/p>\n","protected":false},"author":1,"featured_media":11954,"comment_status":"open","ping_status":"open","sticky":false,"template":"","format":"standard","meta":{"footnotes":""},"categories":[96],"tags":[],"class_list":["post-11978","post","type-post","status-publish","format-standard","has-post-thumbnail","hentry","category-noticies-per-a-universitaris","entry","has-media"],"yoast_head":"<!-- This site is optimized with the Yoast SEO plugin v26.4 - https:\/\/yoast.com\/wordpress\/plugins\/seo\/ -->\n<title>Barcelona Flight School: Resid\u00e8ncia a Sabadell Estudiants - Resest<\/title>\n<meta name=\"description\" content=\"Estudia a Barcelona Flight School i viu en una resid\u00e8ncia a prop de l&#039;aeroport de Sabadell. Confort, ubicaci\u00f3 i tarifes per a estudiants. Desc\u00fabreu-ho aqu\u00ed!\" \/>\n<meta name=\"robots\" content=\"index, follow, max-snippet:-1, max-image-preview:large, max-video-preview:-1\" \/>\n<link rel=\"canonical\" href=\"https:\/\/resest.com\/ca\/noticies-per-a-universitaris\/barcelona-flight-school\/\" \/>\n<meta property=\"og:locale\" content=\"ca_ES\" \/>\n<meta property=\"og:type\" content=\"article\" \/>\n<meta property=\"og:title\" content=\"Barcelona Flight School: Resid\u00e8ncia a Sabadell Estudiants - Resest\" \/>\n<meta property=\"og:description\" content=\"Estudia a Barcelona Flight School i viu en una resid\u00e8ncia a prop de l&#039;aeroport de Sabadell. Confort, ubicaci\u00f3 i tarifes per a estudiants. Desc\u00fabreu-ho aqu\u00ed!\" \/>\n<meta property=\"og:url\" content=\"https:\/\/resest.com\/ca\/noticies-per-a-universitaris\/barcelona-flight-school\/\" \/>\n<meta property=\"og:site_name\" content=\"Resid\u00e8ncia d&#039;Estudiants l&#039;Estaci\u00f3 de Sabadell | Resest\" \/>\n<meta property=\"article:published_time\" content=\"2025-02-11T12:23:18+00:00\" \/>\n<meta property=\"article:modified_time\" content=\"2025-05-21T10:50:31+00:00\" \/>\n<meta property=\"og:image\" content=\"https:\/\/resest.com\/wp-content\/uploads\/2025\/04\/Captura-de-pantalla-2025-04-08-131939-1.png\" \/>\n\t<meta property=\"og:image:width\" content=\"1037\" \/>\n\t<meta property=\"og:image:height\" content=\"692\" \/>\n\t<meta property=\"og:image:type\" content=\"image\/png\" \/>\n<meta name=\"author\" content=\"Resest\" \/>\n<meta name=\"twitter:label1\" content=\"Written by\" \/>\n\t<meta name=\"twitter:data1\" content=\"Resest\" \/>\n\t<meta name=\"twitter:label2\" content=\"Est. reading time\" \/>\n\t<meta name=\"twitter:data2\" content=\"3 minutes\" \/>\n<script type=\"application\/ld+json\" class=\"yoast-schema-graph\">{\"@context\":\"https:\/\/schema.org\",\"@graph\":[{\"@type\":\"Article\",\"@id\":\"https:\/\/resest.com\/ca\/noticies-per-a-universitaris\/barcelona-flight-school\/#article\",\"isPartOf\":{\"@id\":\"https:\/\/resest.com\/ca\/noticies-per-a-universitaris\/barcelona-flight-school\/\"},\"author\":{\"name\":\"Resest\",\"@id\":\"https:\/\/resest.com\/ca\/#\/schema\/person\/d9965768ae08730dafc3a7c835fcc47c\"},\"headline\":\"Barcelona Flight School i l&#8217; Aeroport de Sabadell: Un Centre de Formaci\u00f3 de Refer\u00e8ncia Mundial\",\"datePublished\":\"2025-02-11T12:23:18+00:00\",\"dateModified\":\"2025-05-21T10:50:31+00:00\",\"mainEntityOfPage\":{\"@id\":\"https:\/\/resest.com\/ca\/noticies-per-a-universitaris\/barcelona-flight-school\/\"},\"wordCount\":494,\"commentCount\":0,\"publisher\":{\"@id\":\"https:\/\/resest.com\/ca\/#organization\"},\"image\":{\"@id\":\"https:\/\/resest.com\/ca\/noticies-per-a-universitaris\/barcelona-flight-school\/#primaryimage\"},\"thumbnailUrl\":\"https:\/\/resest.com\/wp-content\/uploads\/2025\/04\/Captura-de-pantalla-2025-04-08-131939-1.png\",\"articleSection\":[\"Not\u00edcies per a universitaris\"],\"inLanguage\":\"ca-ES\",\"potentialAction\":[{\"@type\":\"CommentAction\",\"name\":\"Comment\",\"target\":[\"https:\/\/resest.com\/ca\/noticies-per-a-universitaris\/barcelona-flight-school\/#respond\"]}]},{\"@type\":\"WebPage\",\"@id\":\"https:\/\/resest.com\/ca\/noticies-per-a-universitaris\/barcelona-flight-school\/\",\"url\":\"https:\/\/resest.com\/ca\/noticies-per-a-universitaris\/barcelona-flight-school\/\",\"name\":\"Barcelona Flight School: Resid\u00e8ncia a Sabadell Estudiants - Resest\",\"isPartOf\":{\"@id\":\"https:\/\/resest.com\/ca\/#website\"},\"primaryImageOfPage\":{\"@id\":\"https:\/\/resest.com\/ca\/noticies-per-a-universitaris\/barcelona-flight-school\/#primaryimage\"},\"image\":{\"@id\":\"https:\/\/resest.com\/ca\/noticies-per-a-universitaris\/barcelona-flight-school\/#primaryimage\"},\"thumbnailUrl\":\"https:\/\/resest.com\/wp-content\/uploads\/2025\/04\/Captura-de-pantalla-2025-04-08-131939-1.png\",\"datePublished\":\"2025-02-11T12:23:18+00:00\",\"dateModified\":\"2025-05-21T10:50:31+00:00\",\"description\":\"Estudia a Barcelona Flight School i viu en una resid\u00e8ncia a prop de l'aeroport de Sabadell. Confort, ubicaci\u00f3 i tarifes per a estudiants. Desc\u00fabreu-ho aqu\u00ed!\",\"breadcrumb\":{\"@id\":\"https:\/\/resest.com\/ca\/noticies-per-a-universitaris\/barcelona-flight-school\/#breadcrumb\"},\"inLanguage\":\"ca-ES\",\"potentialAction\":[{\"@type\":\"ReadAction\",\"target\":[\"https:\/\/resest.com\/ca\/noticies-per-a-universitaris\/barcelona-flight-school\/\"]}]},{\"@type\":\"ImageObject\",\"inLanguage\":\"ca-ES\",\"@id\":\"https:\/\/resest.com\/ca\/noticies-per-a-universitaris\/barcelona-flight-school\/#primaryimage\",\"url\":\"https:\/\/resest.com\/wp-content\/uploads\/2025\/04\/Captura-de-pantalla-2025-04-08-131939-1.png\",\"contentUrl\":\"https:\/\/resest.com\/wp-content\/uploads\/2025\/04\/Captura-de-pantalla-2025-04-08-131939-1.png\",\"width\":1037,\"height\":692,\"caption\":\"Barcelona flight school\"},{\"@type\":\"BreadcrumbList\",\"@id\":\"https:\/\/resest.com\/ca\/noticies-per-a-universitaris\/barcelona-flight-school\/#breadcrumb\",\"itemListElement\":[{\"@type\":\"ListItem\",\"position\":1,\"name\":\"Inici\",\"item\":\"https:\/\/resest.com\/ca\/\"},{\"@type\":\"ListItem\",\"position\":2,\"name\":\"Barcelona Flight School i l&#8217; Aeroport de Sabadell: Un Centre de Formaci\u00f3 de Refer\u00e8ncia Mundial\"}]},{\"@type\":\"WebSite\",\"@id\":\"https:\/\/resest.com\/ca\/#website\",\"url\":\"https:\/\/resest.com\/ca\/\",\"name\":\"Resid\u00e8ncia d&#039;Estudiants l&#039;Estaci\u00f3 de Sabadell | Resest\",\"description\":\"Prop de l\u2019Universitat Aut\u00f2noma de Barcelona (UAB)\",\"publisher\":{\"@id\":\"https:\/\/resest.com\/ca\/#organization\"},\"potentialAction\":[{\"@type\":\"SearchAction\",\"target\":{\"@type\":\"EntryPoint\",\"urlTemplate\":\"https:\/\/resest.com\/ca\/?s={search_term_string}\"},\"query-input\":{\"@type\":\"PropertyValueSpecification\",\"valueRequired\":true,\"valueName\":\"search_term_string\"}}],\"inLanguage\":\"ca-ES\"},{\"@type\":\"Organization\",\"@id\":\"https:\/\/resest.com\/ca\/#organization\",\"name\":\"Resid\u00e8ncia d&#039;Estudiants l&#039;Estaci\u00f3 de Sabadell | Resest\",\"url\":\"https:\/\/resest.com\/ca\/\",\"logo\":{\"@type\":\"ImageObject\",\"inLanguage\":\"ca-ES\",\"@id\":\"https:\/\/resest.com\/ca\/#\/schema\/logo\/image\/\",\"url\":\"https:\/\/resest.com\/wp-content\/uploads\/2024\/03\/Facana-1.jpg\",\"contentUrl\":\"https:\/\/resest.com\/wp-content\/uploads\/2024\/03\/Facana-1.jpg\",\"width\":1200,\"height\":1009,\"caption\":\"Resid\u00e8ncia d&#039;Estudiants l&#039;Estaci\u00f3 de Sabadell | Resest\"},\"image\":{\"@id\":\"https:\/\/resest.com\/ca\/#\/schema\/logo\/image\/\"}},{\"@type\":\"Person\",\"@id\":\"https:\/\/resest.com\/ca\/#\/schema\/person\/d9965768ae08730dafc3a7c835fcc47c\",\"name\":\"Resest\",\"image\":{\"@type\":\"ImageObject\",\"inLanguage\":\"ca-ES\",\"@id\":\"https:\/\/resest.com\/ca\/#\/schema\/person\/image\/\",\"url\":\"https:\/\/secure.gravatar.com\/avatar\/0c7509c85c836ff68bc43efa415976254ed1463e7bbc3edf38a658092e29e5b4?s=96&d=mm&r=g\",\"contentUrl\":\"https:\/\/secure.gravatar.com\/avatar\/0c7509c85c836ff68bc43efa415976254ed1463e7bbc3edf38a658092e29e5b4?s=96&d=mm&r=g\",\"caption\":\"Resest\"},\"url\":\"https:\/\/resest.com\/ca\/author\/jordi\/\"}]}<\/script>\n<!-- \/ Yoast SEO plugin. -->","yoast_head_json":{"title":"Barcelona Flight School: Resid\u00e8ncia a Sabadell Estudiants - Resest","description":"Estudia a Barcelona Flight School i viu en una resid\u00e8ncia a prop de l'aeroport de Sabadell. Confort, ubicaci\u00f3 i tarifes per a estudiants. Desc\u00fabreu-ho aqu\u00ed!","robots":{"index":"index","follow":"follow","max-snippet":"max-snippet:-1","max-image-preview":"max-image-preview:large","max-video-preview":"max-video-preview:-1"},"canonical":"https:\/\/resest.com\/ca\/noticies-per-a-universitaris\/barcelona-flight-school\/","og_locale":"ca_ES","og_type":"article","og_title":"Barcelona Flight School: Resid\u00e8ncia a Sabadell Estudiants - Resest","og_description":"Estudia a Barcelona Flight School i viu en una resid\u00e8ncia a prop de l'aeroport de Sabadell. Confort, ubicaci\u00f3 i tarifes per a estudiants. Desc\u00fabreu-ho aqu\u00ed!","og_url":"https:\/\/resest.com\/ca\/noticies-per-a-universitaris\/barcelona-flight-school\/","og_site_name":"Resid\u00e8ncia d&#039;Estudiants l&#039;Estaci\u00f3 de Sabadell | Resest","article_published_time":"2025-02-11T12:23:18+00:00","article_modified_time":"2025-05-21T10:50:31+00:00","og_image":[{"width":1037,"height":692,"url":"https:\/\/resest.com\/wp-content\/uploads\/2025\/04\/Captura-de-pantalla-2025-04-08-131939-1.png","type":"image\/png"}],"author":"Resest","twitter_misc":{"Written by":"Resest","Est. reading time":"3 minutes"},"schema":{"@context":"https:\/\/schema.org","@graph":[{"@type":"Article","@id":"https:\/\/resest.com\/ca\/noticies-per-a-universitaris\/barcelona-flight-school\/#article","isPartOf":{"@id":"https:\/\/resest.com\/ca\/noticies-per-a-universitaris\/barcelona-flight-school\/"},"author":{"name":"Resest","@id":"https:\/\/resest.com\/ca\/#\/schema\/person\/d9965768ae08730dafc3a7c835fcc47c"},"headline":"Barcelona Flight School i l&#8217; Aeroport de Sabadell: Un Centre de Formaci\u00f3 de Refer\u00e8ncia Mundial","datePublished":"2025-02-11T12:23:18+00:00","dateModified":"2025-05-21T10:50:31+00:00","mainEntityOfPage":{"@id":"https:\/\/resest.com\/ca\/noticies-per-a-universitaris\/barcelona-flight-school\/"},"wordCount":494,"commentCount":0,"publisher":{"@id":"https:\/\/resest.com\/ca\/#organization"},"image":{"@id":"https:\/\/resest.com\/ca\/noticies-per-a-universitaris\/barcelona-flight-school\/#primaryimage"},"thumbnailUrl":"https:\/\/resest.com\/wp-content\/uploads\/2025\/04\/Captura-de-pantalla-2025-04-08-131939-1.png","articleSection":["Not\u00edcies per a universitaris"],"inLanguage":"ca-ES","potentialAction":[{"@type":"CommentAction","name":"Comment","target":["https:\/\/resest.com\/ca\/noticies-per-a-universitaris\/barcelona-flight-school\/#respond"]}]},{"@type":"WebPage","@id":"https:\/\/resest.com\/ca\/noticies-per-a-universitaris\/barcelona-flight-school\/","url":"https:\/\/resest.com\/ca\/noticies-per-a-universitaris\/barcelona-flight-school\/","name":"Barcelona Flight School: Resid\u00e8ncia a Sabadell Estudiants - Resest","isPartOf":{"@id":"https:\/\/resest.com\/ca\/#website"},"primaryImageOfPage":{"@id":"https:\/\/resest.com\/ca\/noticies-per-a-universitaris\/barcelona-flight-school\/#primaryimage"},"image":{"@id":"https:\/\/resest.com\/ca\/noticies-per-a-universitaris\/barcelona-flight-school\/#primaryimage"},"thumbnailUrl":"https:\/\/resest.com\/wp-content\/uploads\/2025\/04\/Captura-de-pantalla-2025-04-08-131939-1.png","datePublished":"2025-02-11T12:23:18+00:00","dateModified":"2025-05-21T10:50:31+00:00","description":"Estudia a Barcelona Flight School i viu en una resid\u00e8ncia a prop de l'aeroport de Sabadell. Confort, ubicaci\u00f3 i tarifes per a estudiants. Desc\u00fabreu-ho aqu\u00ed!","breadcrumb":{"@id":"https:\/\/resest.com\/ca\/noticies-per-a-universitaris\/barcelona-flight-school\/#breadcrumb"},"inLanguage":"ca-ES","potentialAction":[{"@type":"ReadAction","target":["https:\/\/resest.com\/ca\/noticies-per-a-universitaris\/barcelona-flight-school\/"]}]},{"@type":"ImageObject","inLanguage":"ca-ES","@id":"https:\/\/resest.com\/ca\/noticies-per-a-universitaris\/barcelona-flight-school\/#primaryimage","url":"https:\/\/resest.com\/wp-content\/uploads\/2025\/04\/Captura-de-pantalla-2025-04-08-131939-1.png","contentUrl":"https:\/\/resest.com\/wp-content\/uploads\/2025\/04\/Captura-de-pantalla-2025-04-08-131939-1.png","width":1037,"height":692,"caption":"Barcelona flight school"},{"@type":"BreadcrumbList","@id":"https:\/\/resest.com\/ca\/noticies-per-a-universitaris\/barcelona-flight-school\/#breadcrumb","itemListElement":[{"@type":"ListItem","position":1,"name":"Inici","item":"https:\/\/resest.com\/ca\/"},{"@type":"ListItem","position":2,"name":"Barcelona Flight School i l&#8217; Aeroport de Sabadell: Un Centre de Formaci\u00f3 de Refer\u00e8ncia Mundial"}]},{"@type":"WebSite","@id":"https:\/\/resest.com\/ca\/#website","url":"https:\/\/resest.com\/ca\/","name":"Resid\u00e8ncia d&#039;Estudiants l&#039;Estaci\u00f3 de Sabadell | Resest","description":"Prop de l\u2019Universitat Aut\u00f2noma de Barcelona (UAB)","publisher":{"@id":"https:\/\/resest.com\/ca\/#organization"},"potentialAction":[{"@type":"SearchAction","target":{"@type":"EntryPoint","urlTemplate":"https:\/\/resest.com\/ca\/?s={search_term_string}"},"query-input":{"@type":"PropertyValueSpecification","valueRequired":true,"valueName":"search_term_string"}}],"inLanguage":"ca-ES"},{"@type":"Organization","@id":"https:\/\/resest.com\/ca\/#organization","name":"Resid\u00e8ncia d&#039;Estudiants l&#039;Estaci\u00f3 de Sabadell | Resest","url":"https:\/\/resest.com\/ca\/","logo":{"@type":"ImageObject","inLanguage":"ca-ES","@id":"https:\/\/resest.com\/ca\/#\/schema\/logo\/image\/","url":"https:\/\/resest.com\/wp-content\/uploads\/2024\/03\/Facana-1.jpg","contentUrl":"https:\/\/resest.com\/wp-content\/uploads\/2024\/03\/Facana-1.jpg","width":1200,"height":1009,"caption":"Resid\u00e8ncia d&#039;Estudiants l&#039;Estaci\u00f3 de Sabadell | Resest"},"image":{"@id":"https:\/\/resest.com\/ca\/#\/schema\/logo\/image\/"}},{"@type":"Person","@id":"https:\/\/resest.com\/ca\/#\/schema\/person\/d9965768ae08730dafc3a7c835fcc47c","name":"Resest","image":{"@type":"ImageObject","inLanguage":"ca-ES","@id":"https:\/\/resest.com\/ca\/#\/schema\/person\/image\/","url":"https:\/\/secure.gravatar.com\/avatar\/0c7509c85c836ff68bc43efa415976254ed1463e7bbc3edf38a658092e29e5b4?s=96&d=mm&r=g","contentUrl":"https:\/\/secure.gravatar.com\/avatar\/0c7509c85c836ff68bc43efa415976254ed1463e7bbc3edf38a658092e29e5b4?s=96&d=mm&r=g","caption":"Resest"},"url":"https:\/\/resest.com\/ca\/author\/jordi\/"}]}},"_links":{"self":[{"href":"https:\/\/resest.com\/ca\/wp-json\/wp\/v2\/posts\/11978","targetHints":{"allow":["GET"]}}],"collection":[{"href":"https:\/\/resest.com\/ca\/wp-json\/wp\/v2\/posts"}],"about":[{"href":"https:\/\/resest.com\/ca\/wp-json\/wp\/v2\/types\/post"}],"author":[{"embeddable":true,"href":"https:\/\/resest.com\/ca\/wp-json\/wp\/v2\/users\/1"}],"replies":[{"embeddable":true,"href":"https:\/\/resest.com\/ca\/wp-json\/wp\/v2\/comments?post=11978"}],"version-history":[{"count":0,"href":"https:\/\/resest.com\/ca\/wp-json\/wp\/v2\/posts\/11978\/revisions"}],"wp:featuredmedia":[{"embeddable":true,"href":"https:\/\/resest.com\/ca\/wp-json\/wp\/v2\/media\/11954"}],"wp:attachment":[{"href":"https:\/\/resest.com\/ca\/wp-json\/wp\/v2\/media?parent=11978"}],"wp:term":[{"taxonomy":"category","embeddable":true,"href":"https:\/\/resest.com\/ca\/wp-json\/wp\/v2\/categories?post=11978"},{"taxonomy":"post_tag","embeddable":true,"href":"https:\/\/resest.com\/ca\/wp-json\/wp\/v2\/tags?post=11978"}],"curies":[{"name":"wp","href":"https:\/\/api.w.org\/{rel}","templated":true}]}}