{"id":11845,"date":"2024-10-31T12:28:53","date_gmt":"2024-10-31T11:28:53","guid":{"rendered":"https:\/\/resest.com\/?p=11845"},"modified":"2024-11-07T12:34:09","modified_gmt":"2024-11-07T11:34:09","slug":"castanyada-barcelona","status":"publish","type":"post","link":"https:\/\/resest.com\/ca\/vida-a-la-residencia\/castanyada-barcelona\/","title":{"rendered":"La Castanyada i Halloween a la Resid\u00e8ncia d&#8217;Estudiants a l&#8217;Estaci\u00f3 de Sabadell"},"content":{"rendered":"\n<p>Quan es tracta de triar on viure durant els teus anys universitaris, \u00e9s essencial trobar una resid\u00e8ncia que no nom\u00e9s ofereixi comoditat i bons serveis, sin\u00f3 que tamb\u00e9 et permeti gaudir de la millor experi\u00e8ncia universit\u00e0ria. A la <a href=\"https:\/\/resest.com\/ca\/ubicacio-residencia-estudiantil-a-sabadell-barcelona\/\">Resid\u00e8ncia d&#8217;Estudiants a l&#8217;Estaci\u00f3 de Sabadell<\/a>, no nom\u00e9s et donem la benvinguda amb totes les comoditats que necessites per concentrar-te en els teus estudis, sin\u00f3 que tamb\u00e9 et submergim en una vida social i cultural activa. Aquesta tardor, et convidem a celebrar amb nosaltres dues festivitats molt especials: La Castanyada i Halloween.<\/p>\n\n\n\n<h2 class=\"wp-block-heading\"><strong>La Castanyada: Una Tradici\u00f3 Catalana<\/strong><\/h2>\n\n\n\n<p>La Castanyada \u00e9s una diada <strong>tradicional a Catalunya<\/strong> que se celebra al voltant de l&#8217;1 de novembre, coincidint amb el Dia de Tots Sants. Durant aquesta \u00e8poca, les <strong>fam\u00edlies i amics es reuneixen<\/strong> per compartir <strong>castanyes assenyades, boniatos i panellets<\/strong>, uns dol\u00e7os t\u00edpics d&#8217;ametlla que representen el millor de la rebosteria catalana. Tot i que molts pensen en la <strong>Castanyada a Barcelona<\/strong>, a Sabadell la tradici\u00f3 es viu amb el <strong>mateix entusiasme<\/strong>, i la nostra resid\u00e8ncia t&#8217;ofereix l&#8217;oportunitat d&#8217;experimentar-la en un entorn acollidor i familiar.<\/p>\n\n\n\n<p>A la Resid\u00e8ncia d&#8217;Estudiants a Sabadell, organitzem una <strong>celebraci\u00f3 de la Castanyada<\/strong> que reuneix els nostres estudiants per gaudir d&#8217;aquestes tradicions en un ambient c\u00e0lid i amigable. \u00c9s una <strong>ocasi\u00f3 ideal<\/strong> per con\u00e8ixer m\u00e9s sobre els <strong>costums locals<\/strong>, mentre comparteixes un bon moment amb altres residents i reforces els lla\u00e7os que fan de la nostra resid\u00e8ncia un lloc especial.<\/p>\n\n\n\n<h2 class=\"wp-block-heading\"><strong>Halloween: Diversi\u00f3 Internacional<\/strong><\/h2>\n\n\n\n<p>A m\u00e9s de la Castanyada, tamb\u00e9 celebrem Halloween, una <strong>festivitat internacional<\/strong> que ha conquerit joves d&#8217;arreu del m\u00f3n. A la nostra resid\u00e8ncia, <strong>combinem les tradicions locals amb aquesta divertida festa global<\/strong>.<\/p>\n\n\n\n<p>La barreja d&#8217;ambdues festivitats et permet viure una <strong>experi\u00e8ncia cultural \u00fanica<\/strong>, on pots gaudir tant de les <strong>tradicions catalanes<\/strong> com de la <strong>diversi\u00f3 i l&#8217;esperit de Halloween.<\/strong><\/p>\n\n\n\n<h2 class=\"wp-block-heading\"><strong>Per qu\u00e8 triar Resest?<\/strong><\/h2>\n\n\n\n<p>Si busques una resid\u00e8ncia que t&#8217;ofereixi m\u00e9s que nom\u00e9s un lloc on dormir, la <a href=\"https:\/\/resest.com\/ca\/la-residencia-estudiants-sabadell-barcelona-bellaterra\/\">Resid\u00e8ncia d&#8217;Estudiants a<\/a> l&#8217;Estaci\u00f3 de Sabadell \u00e9s l&#8217; <strong>opci\u00f3 ideal<\/strong>. Aqu\u00ed, no nom\u00e9s gaudir\u00e0s de <a href=\"https:\/\/resest.com\/ca\/installacions-residencia-estudiants-barcelona\/\"><strong>modernes instal\u00b7lacions<\/strong><\/a> i una <strong>ubicaci\u00f3 privilegiada<\/strong>, sin\u00f3 tamb\u00e9 d&#8217;una vibrant comunitat estudiantil. Sabadell, amb la seva <strong>excel\u00b7lent connexi\u00f3 a Barcelona<\/strong>, et brinda la tranquil\u00b7litat d&#8217;una ciutat m\u00e9s petita i accessible, per\u00f2 amb totes les oportunitats i serveis que necessites per viure una vida universit\u00e0ria plena.<\/p>\n\n\n\n<p>La nostra resid\u00e8ncia est\u00e0 pensada perqu\u00e8 els estudiants se sentin com a casa, amb <strong>esdeveniments socials <\/strong>i un <strong>ambient inclusiu i divers<\/strong>. Tant si ets local com si v\u00e9ns de fora, a Resest t&#8217; <strong>oferim una experi\u00e8ncia completa<\/strong> que va m\u00e9s enll\u00e0 de l&#8217;acad\u00e8mic.<\/p>\n\n\n\n<h2 class=\"wp-block-heading\"><strong>Viu la millor experi\u00e8ncia universit\u00e0ria<\/strong><\/h2>\n\n\n\n<p>Viure a la Resid\u00e8ncia d&#8217;Estudiants a l&#8217;Estaci\u00f3 de Sabadell et dona l&#8217;oportunitat d&#8217;experimentar el millor de la vida universit\u00e0ria, des de l<strong>&#8216;ambient d&#8217;estudi ideal<\/strong> fins&nbsp; a <strong>esdeveniments socials<\/strong> que t&#8217;ajudaran a fer nous amics i con\u00e8ixer noves cultures. La celebraci\u00f3 de la Castanyada i Halloween s\u00f3n nom\u00e9s exemples de <strong>com promovem la integraci\u00f3<\/strong> i el <strong>benestar dels nostres estudiants<\/strong>. Si busques una experi\u00e8ncia aut\u00e8ntica de la <strong>Castanyada a prop de Barcelona<\/strong>, la nostra resid\u00e8ncia \u00e9s el lloc perfecte per viure-la.<\/p>\n","protected":false},"excerpt":{"rendered":"<p>Quan es tracta de triar on viure durant els teus anys universitaris, \u00e9s essencial trobar una resid\u00e8ncia que no nom\u00e9s ofereixi comoditat i bons serveis, sin\u00f3 que tamb\u00e9 et permeti gaudir de la millor experi\u00e8ncia universit\u00e0ria. A la Resid\u00e8ncia d&#8217;Estudiants a l&#8217;Estaci\u00f3 de Sabadell, no nom\u00e9s et donem la benvinguda amb totes les comoditats que&hellip;<\/p>\n","protected":false},"author":1,"featured_media":11842,"comment_status":"open","ping_status":"open","sticky":false,"template":"","format":"standard","meta":{"footnotes":""},"categories":[49],"tags":[],"class_list":["post-11845","post","type-post","status-publish","format-standard","has-post-thumbnail","hentry","category-vida-a-la-residencia","entry","has-media"],"yoast_head":"<!-- This site is optimized with the Yoast SEO plugin v26.4 - https:\/\/yoast.com\/wordpress\/plugins\/seo\/ -->\n<title>La Castanyada i Halloween a Resest \u2013 Resid\u00e8ncia d&#039;Estudiants<\/title>\n<meta name=\"description\" content=\"Descobreix per qu\u00e8 la Resid\u00e8ncia d&#039;Estudiants a Sabadell \u00e9s el lloc perfecte per viure la Castanyada i Halloween.\" \/>\n<meta name=\"robots\" content=\"index, follow, max-snippet:-1, max-image-preview:large, max-video-preview:-1\" \/>\n<link rel=\"canonical\" href=\"https:\/\/resest.com\/ca\/vida-a-la-residencia\/castanyada-barcelona\/\" \/>\n<meta property=\"og:locale\" content=\"ca_ES\" \/>\n<meta property=\"og:type\" content=\"article\" \/>\n<meta property=\"og:title\" content=\"La Castanyada i Halloween a Resest \u2013 Resid\u00e8ncia d&#039;Estudiants\" \/>\n<meta property=\"og:description\" content=\"Descobreix per qu\u00e8 la Resid\u00e8ncia d&#039;Estudiants a Sabadell \u00e9s el lloc perfecte per viure la Castanyada i Halloween.\" \/>\n<meta property=\"og:url\" content=\"https:\/\/resest.com\/ca\/vida-a-la-residencia\/castanyada-barcelona\/\" \/>\n<meta property=\"og:site_name\" content=\"Resid\u00e8ncia d&#039;Estudiants l&#039;Estaci\u00f3 de Sabadell | Resest\" \/>\n<meta property=\"article:published_time\" content=\"2024-10-31T11:28:53+00:00\" \/>\n<meta property=\"article:modified_time\" content=\"2024-11-07T11:34:09+00:00\" \/>\n<meta property=\"og:image\" content=\"https:\/\/resest.com\/wp-content\/uploads\/2024\/10\/Captura-de-pantalla-2024-11-07-122803.png\" \/>\n\t<meta property=\"og:image:width\" content=\"520\" \/>\n\t<meta property=\"og:image:height\" content=\"701\" \/>\n\t<meta property=\"og:image:type\" content=\"image\/png\" \/>\n<meta name=\"author\" content=\"Resest\" \/>\n<meta name=\"twitter:label1\" content=\"Written by\" \/>\n\t<meta name=\"twitter:data1\" content=\"Resest\" \/>\n\t<meta name=\"twitter:label2\" content=\"Est. reading time\" \/>\n\t<meta name=\"twitter:data2\" content=\"3 minutes\" \/>\n<script type=\"application\/ld+json\" class=\"yoast-schema-graph\">{\"@context\":\"https:\/\/schema.org\",\"@graph\":[{\"@type\":\"Article\",\"@id\":\"https:\/\/resest.com\/ca\/vida-a-la-residencia\/castanyada-barcelona\/#article\",\"isPartOf\":{\"@id\":\"https:\/\/resest.com\/ca\/vida-a-la-residencia\/castanyada-barcelona\/\"},\"author\":{\"name\":\"Resest\",\"@id\":\"https:\/\/resest.com\/ca\/#\/schema\/person\/d9965768ae08730dafc3a7c835fcc47c\"},\"headline\":\"La Castanyada i Halloween a la Resid\u00e8ncia d&#8217;Estudiants a l&#8217;Estaci\u00f3 de Sabadell\",\"datePublished\":\"2024-10-31T11:28:53+00:00\",\"dateModified\":\"2024-11-07T11:34:09+00:00\",\"mainEntityOfPage\":{\"@id\":\"https:\/\/resest.com\/ca\/vida-a-la-residencia\/castanyada-barcelona\/\"},\"wordCount\":593,\"commentCount\":0,\"publisher\":{\"@id\":\"https:\/\/resest.com\/ca\/#organization\"},\"image\":{\"@id\":\"https:\/\/resest.com\/ca\/vida-a-la-residencia\/castanyada-barcelona\/#primaryimage\"},\"thumbnailUrl\":\"https:\/\/resest.com\/wp-content\/uploads\/2024\/10\/Captura-de-pantalla-2024-11-07-122803.png\",\"articleSection\":[\"Vida a la Resid\u00e8ncia\"],\"inLanguage\":\"ca-ES\",\"potentialAction\":[{\"@type\":\"CommentAction\",\"name\":\"Comment\",\"target\":[\"https:\/\/resest.com\/ca\/vida-a-la-residencia\/castanyada-barcelona\/#respond\"]}]},{\"@type\":\"WebPage\",\"@id\":\"https:\/\/resest.com\/ca\/vida-a-la-residencia\/castanyada-barcelona\/\",\"url\":\"https:\/\/resest.com\/ca\/vida-a-la-residencia\/castanyada-barcelona\/\",\"name\":\"La Castanyada i Halloween a Resest \u2013 Resid\u00e8ncia d'Estudiants\",\"isPartOf\":{\"@id\":\"https:\/\/resest.com\/ca\/#website\"},\"primaryImageOfPage\":{\"@id\":\"https:\/\/resest.com\/ca\/vida-a-la-residencia\/castanyada-barcelona\/#primaryimage\"},\"image\":{\"@id\":\"https:\/\/resest.com\/ca\/vida-a-la-residencia\/castanyada-barcelona\/#primaryimage\"},\"thumbnailUrl\":\"https:\/\/resest.com\/wp-content\/uploads\/2024\/10\/Captura-de-pantalla-2024-11-07-122803.png\",\"datePublished\":\"2024-10-31T11:28:53+00:00\",\"dateModified\":\"2024-11-07T11:34:09+00:00\",\"description\":\"Descobreix per qu\u00e8 la Resid\u00e8ncia d'Estudiants a Sabadell \u00e9s el lloc perfecte per viure la Castanyada i Halloween.\",\"breadcrumb\":{\"@id\":\"https:\/\/resest.com\/ca\/vida-a-la-residencia\/castanyada-barcelona\/#breadcrumb\"},\"inLanguage\":\"ca-ES\",\"potentialAction\":[{\"@type\":\"ReadAction\",\"target\":[\"https:\/\/resest.com\/ca\/vida-a-la-residencia\/castanyada-barcelona\/\"]}]},{\"@type\":\"ImageObject\",\"inLanguage\":\"ca-ES\",\"@id\":\"https:\/\/resest.com\/ca\/vida-a-la-residencia\/castanyada-barcelona\/#primaryimage\",\"url\":\"https:\/\/resest.com\/wp-content\/uploads\/2024\/10\/Captura-de-pantalla-2024-11-07-122803.png\",\"contentUrl\":\"https:\/\/resest.com\/wp-content\/uploads\/2024\/10\/Captura-de-pantalla-2024-11-07-122803.png\",\"width\":520,\"height\":701,\"caption\":\"casta\u00f1ada barcelona\"},{\"@type\":\"BreadcrumbList\",\"@id\":\"https:\/\/resest.com\/ca\/vida-a-la-residencia\/castanyada-barcelona\/#breadcrumb\",\"itemListElement\":[{\"@type\":\"ListItem\",\"position\":1,\"name\":\"Inici\",\"item\":\"https:\/\/resest.com\/ca\/\"},{\"@type\":\"ListItem\",\"position\":2,\"name\":\"La Castanyada i Halloween a la Resid\u00e8ncia d&#8217;Estudiants a l&#8217;Estaci\u00f3 de Sabadell\"}]},{\"@type\":\"WebSite\",\"@id\":\"https:\/\/resest.com\/ca\/#website\",\"url\":\"https:\/\/resest.com\/ca\/\",\"name\":\"Resid\u00e8ncia d&#039;Estudiants l&#039;Estaci\u00f3 de Sabadell | Resest\",\"description\":\"Prop de l\u2019Universitat Aut\u00f2noma de Barcelona (UAB)\",\"publisher\":{\"@id\":\"https:\/\/resest.com\/ca\/#organization\"},\"potentialAction\":[{\"@type\":\"SearchAction\",\"target\":{\"@type\":\"EntryPoint\",\"urlTemplate\":\"https:\/\/resest.com\/ca\/?s={search_term_string}\"},\"query-input\":{\"@type\":\"PropertyValueSpecification\",\"valueRequired\":true,\"valueName\":\"search_term_string\"}}],\"inLanguage\":\"ca-ES\"},{\"@type\":\"Organization\",\"@id\":\"https:\/\/resest.com\/ca\/#organization\",\"name\":\"Resid\u00e8ncia d&#039;Estudiants l&#039;Estaci\u00f3 de Sabadell | Resest\",\"url\":\"https:\/\/resest.com\/ca\/\",\"logo\":{\"@type\":\"ImageObject\",\"inLanguage\":\"ca-ES\",\"@id\":\"https:\/\/resest.com\/ca\/#\/schema\/logo\/image\/\",\"url\":\"https:\/\/resest.com\/wp-content\/uploads\/2024\/03\/Facana-1.jpg\",\"contentUrl\":\"https:\/\/resest.com\/wp-content\/uploads\/2024\/03\/Facana-1.jpg\",\"width\":1200,\"height\":1009,\"caption\":\"Resid\u00e8ncia d&#039;Estudiants l&#039;Estaci\u00f3 de Sabadell | Resest\"},\"image\":{\"@id\":\"https:\/\/resest.com\/ca\/#\/schema\/logo\/image\/\"}},{\"@type\":\"Person\",\"@id\":\"https:\/\/resest.com\/ca\/#\/schema\/person\/d9965768ae08730dafc3a7c835fcc47c\",\"name\":\"Resest\",\"image\":{\"@type\":\"ImageObject\",\"inLanguage\":\"ca-ES\",\"@id\":\"https:\/\/resest.com\/ca\/#\/schema\/person\/image\/\",\"url\":\"https:\/\/secure.gravatar.com\/avatar\/0c7509c85c836ff68bc43efa415976254ed1463e7bbc3edf38a658092e29e5b4?s=96&d=mm&r=g\",\"contentUrl\":\"https:\/\/secure.gravatar.com\/avatar\/0c7509c85c836ff68bc43efa415976254ed1463e7bbc3edf38a658092e29e5b4?s=96&d=mm&r=g\",\"caption\":\"Resest\"},\"url\":\"https:\/\/resest.com\/ca\/author\/jordi\/\"}]}<\/script>\n<!-- \/ Yoast SEO plugin. -->","yoast_head_json":{"title":"La Castanyada i Halloween a Resest \u2013 Resid\u00e8ncia d'Estudiants","description":"Descobreix per qu\u00e8 la Resid\u00e8ncia d'Estudiants a Sabadell \u00e9s el lloc perfecte per viure la Castanyada i Halloween.","robots":{"index":"index","follow":"follow","max-snippet":"max-snippet:-1","max-image-preview":"max-image-preview:large","max-video-preview":"max-video-preview:-1"},"canonical":"https:\/\/resest.com\/ca\/vida-a-la-residencia\/castanyada-barcelona\/","og_locale":"ca_ES","og_type":"article","og_title":"La Castanyada i Halloween a Resest \u2013 Resid\u00e8ncia d'Estudiants","og_description":"Descobreix per qu\u00e8 la Resid\u00e8ncia d'Estudiants a Sabadell \u00e9s el lloc perfecte per viure la Castanyada i Halloween.","og_url":"https:\/\/resest.com\/ca\/vida-a-la-residencia\/castanyada-barcelona\/","og_site_name":"Resid\u00e8ncia d&#039;Estudiants l&#039;Estaci\u00f3 de Sabadell | Resest","article_published_time":"2024-10-31T11:28:53+00:00","article_modified_time":"2024-11-07T11:34:09+00:00","og_image":[{"width":520,"height":701,"url":"https:\/\/resest.com\/wp-content\/uploads\/2024\/10\/Captura-de-pantalla-2024-11-07-122803.png","type":"image\/png"}],"author":"Resest","twitter_misc":{"Written by":"Resest","Est. reading time":"3 minutes"},"schema":{"@context":"https:\/\/schema.org","@graph":[{"@type":"Article","@id":"https:\/\/resest.com\/ca\/vida-a-la-residencia\/castanyada-barcelona\/#article","isPartOf":{"@id":"https:\/\/resest.com\/ca\/vida-a-la-residencia\/castanyada-barcelona\/"},"author":{"name":"Resest","@id":"https:\/\/resest.com\/ca\/#\/schema\/person\/d9965768ae08730dafc3a7c835fcc47c"},"headline":"La Castanyada i Halloween a la Resid\u00e8ncia d&#8217;Estudiants a l&#8217;Estaci\u00f3 de Sabadell","datePublished":"2024-10-31T11:28:53+00:00","dateModified":"2024-11-07T11:34:09+00:00","mainEntityOfPage":{"@id":"https:\/\/resest.com\/ca\/vida-a-la-residencia\/castanyada-barcelona\/"},"wordCount":593,"commentCount":0,"publisher":{"@id":"https:\/\/resest.com\/ca\/#organization"},"image":{"@id":"https:\/\/resest.com\/ca\/vida-a-la-residencia\/castanyada-barcelona\/#primaryimage"},"thumbnailUrl":"https:\/\/resest.com\/wp-content\/uploads\/2024\/10\/Captura-de-pantalla-2024-11-07-122803.png","articleSection":["Vida a la Resid\u00e8ncia"],"inLanguage":"ca-ES","potentialAction":[{"@type":"CommentAction","name":"Comment","target":["https:\/\/resest.com\/ca\/vida-a-la-residencia\/castanyada-barcelona\/#respond"]}]},{"@type":"WebPage","@id":"https:\/\/resest.com\/ca\/vida-a-la-residencia\/castanyada-barcelona\/","url":"https:\/\/resest.com\/ca\/vida-a-la-residencia\/castanyada-barcelona\/","name":"La Castanyada i Halloween a Resest \u2013 Resid\u00e8ncia d'Estudiants","isPartOf":{"@id":"https:\/\/resest.com\/ca\/#website"},"primaryImageOfPage":{"@id":"https:\/\/resest.com\/ca\/vida-a-la-residencia\/castanyada-barcelona\/#primaryimage"},"image":{"@id":"https:\/\/resest.com\/ca\/vida-a-la-residencia\/castanyada-barcelona\/#primaryimage"},"thumbnailUrl":"https:\/\/resest.com\/wp-content\/uploads\/2024\/10\/Captura-de-pantalla-2024-11-07-122803.png","datePublished":"2024-10-31T11:28:53+00:00","dateModified":"2024-11-07T11:34:09+00:00","description":"Descobreix per qu\u00e8 la Resid\u00e8ncia d'Estudiants a Sabadell \u00e9s el lloc perfecte per viure la Castanyada i Halloween.","breadcrumb":{"@id":"https:\/\/resest.com\/ca\/vida-a-la-residencia\/castanyada-barcelona\/#breadcrumb"},"inLanguage":"ca-ES","potentialAction":[{"@type":"ReadAction","target":["https:\/\/resest.com\/ca\/vida-a-la-residencia\/castanyada-barcelona\/"]}]},{"@type":"ImageObject","inLanguage":"ca-ES","@id":"https:\/\/resest.com\/ca\/vida-a-la-residencia\/castanyada-barcelona\/#primaryimage","url":"https:\/\/resest.com\/wp-content\/uploads\/2024\/10\/Captura-de-pantalla-2024-11-07-122803.png","contentUrl":"https:\/\/resest.com\/wp-content\/uploads\/2024\/10\/Captura-de-pantalla-2024-11-07-122803.png","width":520,"height":701,"caption":"casta\u00f1ada barcelona"},{"@type":"BreadcrumbList","@id":"https:\/\/resest.com\/ca\/vida-a-la-residencia\/castanyada-barcelona\/#breadcrumb","itemListElement":[{"@type":"ListItem","position":1,"name":"Inici","item":"https:\/\/resest.com\/ca\/"},{"@type":"ListItem","position":2,"name":"La Castanyada i Halloween a la Resid\u00e8ncia d&#8217;Estudiants a l&#8217;Estaci\u00f3 de Sabadell"}]},{"@type":"WebSite","@id":"https:\/\/resest.com\/ca\/#website","url":"https:\/\/resest.com\/ca\/","name":"Resid\u00e8ncia d&#039;Estudiants l&#039;Estaci\u00f3 de Sabadell | Resest","description":"Prop de l\u2019Universitat Aut\u00f2noma de Barcelona (UAB)","publisher":{"@id":"https:\/\/resest.com\/ca\/#organization"},"potentialAction":[{"@type":"SearchAction","target":{"@type":"EntryPoint","urlTemplate":"https:\/\/resest.com\/ca\/?s={search_term_string}"},"query-input":{"@type":"PropertyValueSpecification","valueRequired":true,"valueName":"search_term_string"}}],"inLanguage":"ca-ES"},{"@type":"Organization","@id":"https:\/\/resest.com\/ca\/#organization","name":"Resid\u00e8ncia d&#039;Estudiants l&#039;Estaci\u00f3 de Sabadell | Resest","url":"https:\/\/resest.com\/ca\/","logo":{"@type":"ImageObject","inLanguage":"ca-ES","@id":"https:\/\/resest.com\/ca\/#\/schema\/logo\/image\/","url":"https:\/\/resest.com\/wp-content\/uploads\/2024\/03\/Facana-1.jpg","contentUrl":"https:\/\/resest.com\/wp-content\/uploads\/2024\/03\/Facana-1.jpg","width":1200,"height":1009,"caption":"Resid\u00e8ncia d&#039;Estudiants l&#039;Estaci\u00f3 de Sabadell | Resest"},"image":{"@id":"https:\/\/resest.com\/ca\/#\/schema\/logo\/image\/"}},{"@type":"Person","@id":"https:\/\/resest.com\/ca\/#\/schema\/person\/d9965768ae08730dafc3a7c835fcc47c","name":"Resest","image":{"@type":"ImageObject","inLanguage":"ca-ES","@id":"https:\/\/resest.com\/ca\/#\/schema\/person\/image\/","url":"https:\/\/secure.gravatar.com\/avatar\/0c7509c85c836ff68bc43efa415976254ed1463e7bbc3edf38a658092e29e5b4?s=96&d=mm&r=g","contentUrl":"https:\/\/secure.gravatar.com\/avatar\/0c7509c85c836ff68bc43efa415976254ed1463e7bbc3edf38a658092e29e5b4?s=96&d=mm&r=g","caption":"Resest"},"url":"https:\/\/resest.com\/ca\/author\/jordi\/"}]}},"_links":{"self":[{"href":"https:\/\/resest.com\/ca\/wp-json\/wp\/v2\/posts\/11845","targetHints":{"allow":["GET"]}}],"collection":[{"href":"https:\/\/resest.com\/ca\/wp-json\/wp\/v2\/posts"}],"about":[{"href":"https:\/\/resest.com\/ca\/wp-json\/wp\/v2\/types\/post"}],"author":[{"embeddable":true,"href":"https:\/\/resest.com\/ca\/wp-json\/wp\/v2\/users\/1"}],"replies":[{"embeddable":true,"href":"https:\/\/resest.com\/ca\/wp-json\/wp\/v2\/comments?post=11845"}],"version-history":[{"count":0,"href":"https:\/\/resest.com\/ca\/wp-json\/wp\/v2\/posts\/11845\/revisions"}],"wp:featuredmedia":[{"embeddable":true,"href":"https:\/\/resest.com\/ca\/wp-json\/wp\/v2\/media\/11842"}],"wp:attachment":[{"href":"https:\/\/resest.com\/ca\/wp-json\/wp\/v2\/media?parent=11845"}],"wp:term":[{"taxonomy":"category","embeddable":true,"href":"https:\/\/resest.com\/ca\/wp-json\/wp\/v2\/categories?post=11845"},{"taxonomy":"post_tag","embeddable":true,"href":"https:\/\/resest.com\/ca\/wp-json\/wp\/v2\/tags?post=11845"}],"curies":[{"name":"wp","href":"https:\/\/api.w.org\/{rel}","templated":true}]}}