{"id":11615,"date":"2024-07-22T19:32:22","date_gmt":"2024-07-22T17:32:22","guid":{"rendered":"https:\/\/resest.com\/?p=11615"},"modified":"2024-07-22T19:35:28","modified_gmt":"2024-07-22T17:35:28","slug":"com-fer-cv-sense-experiencia-laboral","status":"publish","type":"post","link":"https:\/\/resest.com\/ca\/vida-de-lestudiant\/com-fer-cv-sense-experiencia-laboral\/","title":{"rendered":"Guia Completa: Com Fer un CV sense Experi\u00e8ncia Laboral i Destacar"},"content":{"rendered":"\n<p>Crear un curr\u00edculum vitae (CV) pot ser un desafiament, especialment quan no es t\u00e9 experi\u00e8ncia laboral pr\u00e8via. Tanmateix, la manca d&#8217;experi\u00e8ncia no significa que no tinguis <strong>habilitats o fites que puguis destacar<\/strong>. A <a href=\"https:\/\/resest.com\/ca\/\">Resest<\/a> t&#8217;oferim una guia completa sobre <strong>com fer un CV sense experi\u00e8ncia laboral<\/strong> i destacar en el proc\u00e9s.<\/p>\n\n\n\n<h2 class=\"wp-block-heading\"><strong>Estructura B\u00e0sica d&#8217; un CV<\/strong><\/h2>\n\n\n\n<p>Encara que no tinguis experi\u00e8ncia laboral, el teu CV ha de seguir una estructura professional. Assegura&#8217; t d&#8217; incloure les seccions seg\u00fcents:<\/p>\n\n\n\n<ul class=\"wp-block-list\">\n<li><strong>Informaci\u00f3 Personal<\/strong>: Nom, adre\u00e7a, n\u00famero de tel\u00e8fon i correu electr\u00f2nic.<\/li>\n\n\n\n<li><strong>Perfil Professional<\/strong>: Un breu resum que destaqui les teves habilitats i objectius professionals.<\/li>\n\n\n\n<li><strong>Educaci\u00f3<\/strong>: Detalls de la teva formaci\u00f3 acad\u00e8mica.<\/li>\n\n\n\n<li><strong>Habilitats<\/strong>: Compet\u00e8ncies que has desenvolupat i que s\u00f3n rellevants per al lloc.<\/li>\n\n\n\n<li><strong>Experi\u00e8ncia Volunt\u00e0ria o Pr\u00e0ctiques<\/strong>: Qualsevol experi\u00e8ncia no remunerada que demostri la teva capacitat per treballar.<\/li>\n\n\n\n<li><strong>Activitats Extracurriculars<\/strong>: Participaci\u00f3 en clubs, esports, projectes escolars, etc.<\/li>\n<\/ul>\n\n\n\n<h2 class=\"wp-block-heading\"><strong>Escriu un Perfil Professional Impactant<\/strong><\/h2>\n\n\n\n<p>El perfil professional \u00e9s la teva oportunitat per captar l&#8217;atenci\u00f3 del reclutador des del principi. Explica <strong>qui <\/strong>ets, els teus objectius <strong>professionals<\/strong> i el que pots <strong>aportar a l&#8217;empresa<\/strong>. Encara que no tinguis experi\u00e8ncia laboral, pots enfocar-te en les teves <strong>habilitats<\/strong>, <strong>assoliments acad\u00e8mics<\/strong> i qualsevol experi\u00e8ncia rellevant.<\/p>\n\n\n\n<h2 class=\"wp-block-heading\"><strong>Detalla la teva Educaci\u00f3<\/strong><\/h2>\n\n\n\n<p>En abs\u00e8ncia d&#8217;experi\u00e8ncia laboral, la teva <strong>educaci\u00f3 pren un paper crucial<\/strong>. Inclou informaci\u00f3 detallada sobre els teus <strong>estudis<\/strong>, com el <strong>nom de la instituci\u00f3<\/strong>, el <strong>t\u00edtol obtingut<\/strong> i les <strong>dates d&#8217; assist\u00e8ncia<\/strong>. No oblidis esmentar qualsevol honor o distinci\u00f3 acad\u00e8mica que hagis rebut.<\/p>\n\n\n\n<h2 class=\"wp-block-heading\"><strong>Ressalta les teves Habilitats<\/strong><\/h2>\n\n\n\n<p>Fes una llista d&#8217;habilitats rellevants per al lloc al qual est\u00e0s aplicant. Aquestes poden incloure tant <strong>habilitats t\u00e8cniques com toves<\/strong>.<\/p>\n\n\n\n<h2 class=\"wp-block-heading\"><strong>Inclou Experi\u00e8ncia Volunt\u00e0ria o Pr\u00e0ctiques<\/strong><\/h2>\n\n\n\n<p>Encara que no tinguis experi\u00e8ncia laboral formal, pots incloure <strong>pr\u00e0ctiques<\/strong>, <strong>treballs voluntaris<\/strong> o <strong>projectes acad\u00e8mics<\/strong> que demostrin la teva capacitat per desenvolupar la feina.<\/p>\n\n\n\n<h2 class=\"wp-block-heading\"><strong>Esmenta Activitats Extracurriculars<\/strong><\/h2>\n\n\n\n<p>Les activitats extracurriculars poden <strong>proporcionar evid\u00e8ncia de les teves habilitats<\/strong> i <strong>car\u00e0cter<\/strong>. Participar en clubs, esports o qualsevol altra activitat demostra el teu comprom\u00eds i habilitats interpersonals.<\/p>\n\n\n\n<h2 class=\"wp-block-heading\"><strong>Redacta una Carta de Presentaci\u00f3<\/strong><\/h2>\n\n\n\n<p>Acompanya el teu CV amb una <strong>carta de presentaci\u00f3 personalitzada<\/strong>. Explica per qu\u00e8 est\u00e0s interessat en el lloc i com les teves <strong>habilitats i educaci\u00f3<\/strong> et fan un candidat ideal.<\/p>\n\n\n\n<h2 class=\"wp-block-heading\"><strong>Revisa i Edita<\/strong><\/h2>\n\n\n\n<p>Abans d&#8217;enviar el teu CV, assegura&#8217;t de revisar-lo acuradament. <strong>Corregeix errors ortogr\u00e0fics i gramaticals<\/strong> i assegura&#8217;t que la informaci\u00f3 sigui clara i concisa. Demana a un amic o <strong>mentor que revisi el teu CV<\/strong> i et doni la seva opini\u00f3.<\/p>\n\n\n\n<p>Saber <strong>com fer un CV sense experi\u00e8ncia laboral<\/strong> \u00e9s una <strong>habilitat valuosa<\/strong> que pot obrir-te moltes portes. En enfocar-te en les teves <strong>habilitats<\/strong>, <strong>educaci\u00f3<\/strong> i <strong>experi\u00e8ncies rellevants<\/strong>, pots crear un CV que et faci destacar i t&#8217;acosti a aconseguir la feina que desitges. No oblidis <a href=\"https:\/\/resest.com\/ca\/contactar-allotjament-estudiantil-bellaterra-barcelona\/\">contactar amb nosaltres<\/a> si a m\u00e9s d&#8217;una feina tamb\u00e9 busques una <a href=\"https:\/\/resest.com\/ca\/habitacions-residencia-estudiantil-sabadell-barcelona\/\">habitaci\u00f3<\/a>.<\/p>\n","protected":false},"excerpt":{"rendered":"<p>Crear un curr\u00edculum vitae (CV) pot ser un desafiament, especialment quan no es t\u00e9 experi\u00e8ncia laboral pr\u00e8via. Tanmateix, la manca d&#8217;experi\u00e8ncia no significa que no tinguis habilitats o fites que puguis destacar. A Resest t&#8217;oferim una guia completa sobre com fer un CV sense experi\u00e8ncia laboral i destacar en el proc\u00e9s. Estructura B\u00e0sica d&#8217; un&hellip;<\/p>\n","protected":false},"author":1,"featured_media":11611,"comment_status":"open","ping_status":"open","sticky":false,"template":"","format":"standard","meta":{"footnotes":""},"categories":[50],"tags":[],"class_list":["post-11615","post","type-post","status-publish","format-standard","has-post-thumbnail","hentry","category-vida-de-lestudiant","entry","has-media"],"yoast_head":"<!-- This site is optimized with the Yoast SEO plugin v26.4 - https:\/\/yoast.com\/wordpress\/plugins\/seo\/ -->\n<title>Com Fer un CV sense Experi\u00e8ncia Laboral - Resest<\/title>\n<meta name=\"description\" content=\"Apr\u00e8n com fer un CV sense experi\u00e8ncia laboral que destaqui. Descobreix consells i exemples per crear un curr\u00edculum impressionant sense tenir experi\u00e8ncia pr\u00e8via.\" \/>\n<meta name=\"robots\" content=\"index, follow, max-snippet:-1, max-image-preview:large, max-video-preview:-1\" \/>\n<link rel=\"canonical\" href=\"https:\/\/resest.com\/ca\/vida-de-lestudiant\/com-fer-cv-sense-experiencia-laboral\/\" \/>\n<meta property=\"og:locale\" content=\"ca_ES\" \/>\n<meta property=\"og:type\" content=\"article\" \/>\n<meta property=\"og:title\" content=\"Com Fer un CV sense Experi\u00e8ncia Laboral - Resest\" \/>\n<meta property=\"og:description\" content=\"Apr\u00e8n com fer un CV sense experi\u00e8ncia laboral que destaqui. Descobreix consells i exemples per crear un curr\u00edculum impressionant sense tenir experi\u00e8ncia pr\u00e8via.\" \/>\n<meta property=\"og:url\" content=\"https:\/\/resest.com\/ca\/vida-de-lestudiant\/com-fer-cv-sense-experiencia-laboral\/\" \/>\n<meta property=\"og:site_name\" content=\"Resid\u00e8ncia d&#039;Estudiants l&#039;Estaci\u00f3 de Sabadell | Resest\" \/>\n<meta property=\"article:published_time\" content=\"2024-07-22T17:32:22+00:00\" \/>\n<meta property=\"article:modified_time\" content=\"2024-07-22T17:35:28+00:00\" \/>\n<meta property=\"og:image\" content=\"https:\/\/resest.com\/wp-content\/uploads\/2024\/07\/Captura-de-pantalla-2024-07-22-193125.png\" \/>\n\t<meta property=\"og:image:width\" content=\"903\" \/>\n\t<meta property=\"og:image:height\" content=\"599\" \/>\n\t<meta property=\"og:image:type\" content=\"image\/png\" \/>\n<meta name=\"author\" content=\"Resest\" \/>\n<meta name=\"twitter:label1\" content=\"Written by\" \/>\n\t<meta name=\"twitter:data1\" content=\"Resest\" \/>\n\t<meta name=\"twitter:label2\" content=\"Est. reading time\" \/>\n\t<meta name=\"twitter:data2\" content=\"3 minutes\" \/>\n<script type=\"application\/ld+json\" class=\"yoast-schema-graph\">{\"@context\":\"https:\/\/schema.org\",\"@graph\":[{\"@type\":\"Article\",\"@id\":\"https:\/\/resest.com\/ca\/vida-de-lestudiant\/com-fer-cv-sense-experiencia-laboral\/#article\",\"isPartOf\":{\"@id\":\"https:\/\/resest.com\/ca\/vida-de-lestudiant\/com-fer-cv-sense-experiencia-laboral\/\"},\"author\":{\"name\":\"Resest\",\"@id\":\"https:\/\/resest.com\/ca\/#\/schema\/person\/d9965768ae08730dafc3a7c835fcc47c\"},\"headline\":\"Guia Completa: Com Fer un CV sense Experi\u00e8ncia Laboral i Destacar\",\"datePublished\":\"2024-07-22T17:32:22+00:00\",\"dateModified\":\"2024-07-22T17:35:28+00:00\",\"mainEntityOfPage\":{\"@id\":\"https:\/\/resest.com\/ca\/vida-de-lestudiant\/com-fer-cv-sense-experiencia-laboral\/\"},\"wordCount\":528,\"commentCount\":0,\"publisher\":{\"@id\":\"https:\/\/resest.com\/ca\/#organization\"},\"image\":{\"@id\":\"https:\/\/resest.com\/ca\/vida-de-lestudiant\/com-fer-cv-sense-experiencia-laboral\/#primaryimage\"},\"thumbnailUrl\":\"https:\/\/resest.com\/wp-content\/uploads\/2024\/07\/Captura-de-pantalla-2024-07-22-193125.png\",\"articleSection\":[\"Consells per a estudiants universitaris\"],\"inLanguage\":\"ca-ES\",\"potentialAction\":[{\"@type\":\"CommentAction\",\"name\":\"Comment\",\"target\":[\"https:\/\/resest.com\/ca\/vida-de-lestudiant\/com-fer-cv-sense-experiencia-laboral\/#respond\"]}]},{\"@type\":\"WebPage\",\"@id\":\"https:\/\/resest.com\/ca\/vida-de-lestudiant\/com-fer-cv-sense-experiencia-laboral\/\",\"url\":\"https:\/\/resest.com\/ca\/vida-de-lestudiant\/com-fer-cv-sense-experiencia-laboral\/\",\"name\":\"Com Fer un CV sense Experi\u00e8ncia Laboral - Resest\",\"isPartOf\":{\"@id\":\"https:\/\/resest.com\/ca\/#website\"},\"primaryImageOfPage\":{\"@id\":\"https:\/\/resest.com\/ca\/vida-de-lestudiant\/com-fer-cv-sense-experiencia-laboral\/#primaryimage\"},\"image\":{\"@id\":\"https:\/\/resest.com\/ca\/vida-de-lestudiant\/com-fer-cv-sense-experiencia-laboral\/#primaryimage\"},\"thumbnailUrl\":\"https:\/\/resest.com\/wp-content\/uploads\/2024\/07\/Captura-de-pantalla-2024-07-22-193125.png\",\"datePublished\":\"2024-07-22T17:32:22+00:00\",\"dateModified\":\"2024-07-22T17:35:28+00:00\",\"description\":\"Apr\u00e8n com fer un CV sense experi\u00e8ncia laboral que destaqui. Descobreix consells i exemples per crear un curr\u00edculum impressionant sense tenir experi\u00e8ncia pr\u00e8via.\",\"breadcrumb\":{\"@id\":\"https:\/\/resest.com\/ca\/vida-de-lestudiant\/com-fer-cv-sense-experiencia-laboral\/#breadcrumb\"},\"inLanguage\":\"ca-ES\",\"potentialAction\":[{\"@type\":\"ReadAction\",\"target\":[\"https:\/\/resest.com\/ca\/vida-de-lestudiant\/com-fer-cv-sense-experiencia-laboral\/\"]}]},{\"@type\":\"ImageObject\",\"inLanguage\":\"ca-ES\",\"@id\":\"https:\/\/resest.com\/ca\/vida-de-lestudiant\/com-fer-cv-sense-experiencia-laboral\/#primaryimage\",\"url\":\"https:\/\/resest.com\/wp-content\/uploads\/2024\/07\/Captura-de-pantalla-2024-07-22-193125.png\",\"contentUrl\":\"https:\/\/resest.com\/wp-content\/uploads\/2024\/07\/Captura-de-pantalla-2024-07-22-193125.png\",\"width\":903,\"height\":599,\"caption\":\"como hacer un cv sin experiencia laboral\"},{\"@type\":\"BreadcrumbList\",\"@id\":\"https:\/\/resest.com\/ca\/vida-de-lestudiant\/com-fer-cv-sense-experiencia-laboral\/#breadcrumb\",\"itemListElement\":[{\"@type\":\"ListItem\",\"position\":1,\"name\":\"Inici\",\"item\":\"https:\/\/resest.com\/ca\/\"},{\"@type\":\"ListItem\",\"position\":2,\"name\":\"Guia Completa: Com Fer un CV sense Experi\u00e8ncia Laboral i Destacar\"}]},{\"@type\":\"WebSite\",\"@id\":\"https:\/\/resest.com\/ca\/#website\",\"url\":\"https:\/\/resest.com\/ca\/\",\"name\":\"Resid\u00e8ncia d&#039;Estudiants l&#039;Estaci\u00f3 de Sabadell | Resest\",\"description\":\"Prop de l\u2019Universitat Aut\u00f2noma de Barcelona (UAB)\",\"publisher\":{\"@id\":\"https:\/\/resest.com\/ca\/#organization\"},\"potentialAction\":[{\"@type\":\"SearchAction\",\"target\":{\"@type\":\"EntryPoint\",\"urlTemplate\":\"https:\/\/resest.com\/ca\/?s={search_term_string}\"},\"query-input\":{\"@type\":\"PropertyValueSpecification\",\"valueRequired\":true,\"valueName\":\"search_term_string\"}}],\"inLanguage\":\"ca-ES\"},{\"@type\":\"Organization\",\"@id\":\"https:\/\/resest.com\/ca\/#organization\",\"name\":\"Resid\u00e8ncia d&#039;Estudiants l&#039;Estaci\u00f3 de Sabadell | Resest\",\"url\":\"https:\/\/resest.com\/ca\/\",\"logo\":{\"@type\":\"ImageObject\",\"inLanguage\":\"ca-ES\",\"@id\":\"https:\/\/resest.com\/ca\/#\/schema\/logo\/image\/\",\"url\":\"https:\/\/resest.com\/wp-content\/uploads\/2024\/03\/Facana-1.jpg\",\"contentUrl\":\"https:\/\/resest.com\/wp-content\/uploads\/2024\/03\/Facana-1.jpg\",\"width\":1200,\"height\":1009,\"caption\":\"Resid\u00e8ncia d&#039;Estudiants l&#039;Estaci\u00f3 de Sabadell | Resest\"},\"image\":{\"@id\":\"https:\/\/resest.com\/ca\/#\/schema\/logo\/image\/\"}},{\"@type\":\"Person\",\"@id\":\"https:\/\/resest.com\/ca\/#\/schema\/person\/d9965768ae08730dafc3a7c835fcc47c\",\"name\":\"Resest\",\"image\":{\"@type\":\"ImageObject\",\"inLanguage\":\"ca-ES\",\"@id\":\"https:\/\/resest.com\/ca\/#\/schema\/person\/image\/\",\"url\":\"https:\/\/secure.gravatar.com\/avatar\/0c7509c85c836ff68bc43efa415976254ed1463e7bbc3edf38a658092e29e5b4?s=96&d=mm&r=g\",\"contentUrl\":\"https:\/\/secure.gravatar.com\/avatar\/0c7509c85c836ff68bc43efa415976254ed1463e7bbc3edf38a658092e29e5b4?s=96&d=mm&r=g\",\"caption\":\"Resest\"},\"url\":\"https:\/\/resest.com\/ca\/author\/jordi\/\"}]}<\/script>\n<!-- \/ Yoast SEO plugin. -->","yoast_head_json":{"title":"Com Fer un CV sense Experi\u00e8ncia Laboral - Resest","description":"Apr\u00e8n com fer un CV sense experi\u00e8ncia laboral que destaqui. Descobreix consells i exemples per crear un curr\u00edculum impressionant sense tenir experi\u00e8ncia pr\u00e8via.","robots":{"index":"index","follow":"follow","max-snippet":"max-snippet:-1","max-image-preview":"max-image-preview:large","max-video-preview":"max-video-preview:-1"},"canonical":"https:\/\/resest.com\/ca\/vida-de-lestudiant\/com-fer-cv-sense-experiencia-laboral\/","og_locale":"ca_ES","og_type":"article","og_title":"Com Fer un CV sense Experi\u00e8ncia Laboral - Resest","og_description":"Apr\u00e8n com fer un CV sense experi\u00e8ncia laboral que destaqui. Descobreix consells i exemples per crear un curr\u00edculum impressionant sense tenir experi\u00e8ncia pr\u00e8via.","og_url":"https:\/\/resest.com\/ca\/vida-de-lestudiant\/com-fer-cv-sense-experiencia-laboral\/","og_site_name":"Resid\u00e8ncia d&#039;Estudiants l&#039;Estaci\u00f3 de Sabadell | Resest","article_published_time":"2024-07-22T17:32:22+00:00","article_modified_time":"2024-07-22T17:35:28+00:00","og_image":[{"width":903,"height":599,"url":"https:\/\/resest.com\/wp-content\/uploads\/2024\/07\/Captura-de-pantalla-2024-07-22-193125.png","type":"image\/png"}],"author":"Resest","twitter_misc":{"Written by":"Resest","Est. reading time":"3 minutes"},"schema":{"@context":"https:\/\/schema.org","@graph":[{"@type":"Article","@id":"https:\/\/resest.com\/ca\/vida-de-lestudiant\/com-fer-cv-sense-experiencia-laboral\/#article","isPartOf":{"@id":"https:\/\/resest.com\/ca\/vida-de-lestudiant\/com-fer-cv-sense-experiencia-laboral\/"},"author":{"name":"Resest","@id":"https:\/\/resest.com\/ca\/#\/schema\/person\/d9965768ae08730dafc3a7c835fcc47c"},"headline":"Guia Completa: Com Fer un CV sense Experi\u00e8ncia Laboral i Destacar","datePublished":"2024-07-22T17:32:22+00:00","dateModified":"2024-07-22T17:35:28+00:00","mainEntityOfPage":{"@id":"https:\/\/resest.com\/ca\/vida-de-lestudiant\/com-fer-cv-sense-experiencia-laboral\/"},"wordCount":528,"commentCount":0,"publisher":{"@id":"https:\/\/resest.com\/ca\/#organization"},"image":{"@id":"https:\/\/resest.com\/ca\/vida-de-lestudiant\/com-fer-cv-sense-experiencia-laboral\/#primaryimage"},"thumbnailUrl":"https:\/\/resest.com\/wp-content\/uploads\/2024\/07\/Captura-de-pantalla-2024-07-22-193125.png","articleSection":["Consells per a estudiants universitaris"],"inLanguage":"ca-ES","potentialAction":[{"@type":"CommentAction","name":"Comment","target":["https:\/\/resest.com\/ca\/vida-de-lestudiant\/com-fer-cv-sense-experiencia-laboral\/#respond"]}]},{"@type":"WebPage","@id":"https:\/\/resest.com\/ca\/vida-de-lestudiant\/com-fer-cv-sense-experiencia-laboral\/","url":"https:\/\/resest.com\/ca\/vida-de-lestudiant\/com-fer-cv-sense-experiencia-laboral\/","name":"Com Fer un CV sense Experi\u00e8ncia Laboral - Resest","isPartOf":{"@id":"https:\/\/resest.com\/ca\/#website"},"primaryImageOfPage":{"@id":"https:\/\/resest.com\/ca\/vida-de-lestudiant\/com-fer-cv-sense-experiencia-laboral\/#primaryimage"},"image":{"@id":"https:\/\/resest.com\/ca\/vida-de-lestudiant\/com-fer-cv-sense-experiencia-laboral\/#primaryimage"},"thumbnailUrl":"https:\/\/resest.com\/wp-content\/uploads\/2024\/07\/Captura-de-pantalla-2024-07-22-193125.png","datePublished":"2024-07-22T17:32:22+00:00","dateModified":"2024-07-22T17:35:28+00:00","description":"Apr\u00e8n com fer un CV sense experi\u00e8ncia laboral que destaqui. Descobreix consells i exemples per crear un curr\u00edculum impressionant sense tenir experi\u00e8ncia pr\u00e8via.","breadcrumb":{"@id":"https:\/\/resest.com\/ca\/vida-de-lestudiant\/com-fer-cv-sense-experiencia-laboral\/#breadcrumb"},"inLanguage":"ca-ES","potentialAction":[{"@type":"ReadAction","target":["https:\/\/resest.com\/ca\/vida-de-lestudiant\/com-fer-cv-sense-experiencia-laboral\/"]}]},{"@type":"ImageObject","inLanguage":"ca-ES","@id":"https:\/\/resest.com\/ca\/vida-de-lestudiant\/com-fer-cv-sense-experiencia-laboral\/#primaryimage","url":"https:\/\/resest.com\/wp-content\/uploads\/2024\/07\/Captura-de-pantalla-2024-07-22-193125.png","contentUrl":"https:\/\/resest.com\/wp-content\/uploads\/2024\/07\/Captura-de-pantalla-2024-07-22-193125.png","width":903,"height":599,"caption":"como hacer un cv sin experiencia laboral"},{"@type":"BreadcrumbList","@id":"https:\/\/resest.com\/ca\/vida-de-lestudiant\/com-fer-cv-sense-experiencia-laboral\/#breadcrumb","itemListElement":[{"@type":"ListItem","position":1,"name":"Inici","item":"https:\/\/resest.com\/ca\/"},{"@type":"ListItem","position":2,"name":"Guia Completa: Com Fer un CV sense Experi\u00e8ncia Laboral i Destacar"}]},{"@type":"WebSite","@id":"https:\/\/resest.com\/ca\/#website","url":"https:\/\/resest.com\/ca\/","name":"Resid\u00e8ncia d&#039;Estudiants l&#039;Estaci\u00f3 de Sabadell | Resest","description":"Prop de l\u2019Universitat Aut\u00f2noma de Barcelona (UAB)","publisher":{"@id":"https:\/\/resest.com\/ca\/#organization"},"potentialAction":[{"@type":"SearchAction","target":{"@type":"EntryPoint","urlTemplate":"https:\/\/resest.com\/ca\/?s={search_term_string}"},"query-input":{"@type":"PropertyValueSpecification","valueRequired":true,"valueName":"search_term_string"}}],"inLanguage":"ca-ES"},{"@type":"Organization","@id":"https:\/\/resest.com\/ca\/#organization","name":"Resid\u00e8ncia d&#039;Estudiants l&#039;Estaci\u00f3 de Sabadell | Resest","url":"https:\/\/resest.com\/ca\/","logo":{"@type":"ImageObject","inLanguage":"ca-ES","@id":"https:\/\/resest.com\/ca\/#\/schema\/logo\/image\/","url":"https:\/\/resest.com\/wp-content\/uploads\/2024\/03\/Facana-1.jpg","contentUrl":"https:\/\/resest.com\/wp-content\/uploads\/2024\/03\/Facana-1.jpg","width":1200,"height":1009,"caption":"Resid\u00e8ncia d&#039;Estudiants l&#039;Estaci\u00f3 de Sabadell | Resest"},"image":{"@id":"https:\/\/resest.com\/ca\/#\/schema\/logo\/image\/"}},{"@type":"Person","@id":"https:\/\/resest.com\/ca\/#\/schema\/person\/d9965768ae08730dafc3a7c835fcc47c","name":"Resest","image":{"@type":"ImageObject","inLanguage":"ca-ES","@id":"https:\/\/resest.com\/ca\/#\/schema\/person\/image\/","url":"https:\/\/secure.gravatar.com\/avatar\/0c7509c85c836ff68bc43efa415976254ed1463e7bbc3edf38a658092e29e5b4?s=96&d=mm&r=g","contentUrl":"https:\/\/secure.gravatar.com\/avatar\/0c7509c85c836ff68bc43efa415976254ed1463e7bbc3edf38a658092e29e5b4?s=96&d=mm&r=g","caption":"Resest"},"url":"https:\/\/resest.com\/ca\/author\/jordi\/"}]}},"_links":{"self":[{"href":"https:\/\/resest.com\/ca\/wp-json\/wp\/v2\/posts\/11615","targetHints":{"allow":["GET"]}}],"collection":[{"href":"https:\/\/resest.com\/ca\/wp-json\/wp\/v2\/posts"}],"about":[{"href":"https:\/\/resest.com\/ca\/wp-json\/wp\/v2\/types\/post"}],"author":[{"embeddable":true,"href":"https:\/\/resest.com\/ca\/wp-json\/wp\/v2\/users\/1"}],"replies":[{"embeddable":true,"href":"https:\/\/resest.com\/ca\/wp-json\/wp\/v2\/comments?post=11615"}],"version-history":[{"count":0,"href":"https:\/\/resest.com\/ca\/wp-json\/wp\/v2\/posts\/11615\/revisions"}],"wp:featuredmedia":[{"embeddable":true,"href":"https:\/\/resest.com\/ca\/wp-json\/wp\/v2\/media\/11611"}],"wp:attachment":[{"href":"https:\/\/resest.com\/ca\/wp-json\/wp\/v2\/media?parent=11615"}],"wp:term":[{"taxonomy":"category","embeddable":true,"href":"https:\/\/resest.com\/ca\/wp-json\/wp\/v2\/categories?post=11615"},{"taxonomy":"post_tag","embeddable":true,"href":"https:\/\/resest.com\/ca\/wp-json\/wp\/v2\/tags?post=11615"}],"curies":[{"name":"wp","href":"https:\/\/api.w.org\/{rel}","templated":true}]}}