{"id":1143,"date":"2013-03-26T11:22:15","date_gmt":"2013-03-26T10:22:15","guid":{"rendered":"http:\/\/www.resest.com\/?p=1143"},"modified":"2018-08-23T10:15:09","modified_gmt":"2018-08-23T09:15:09","slug":"inscripcio-residencia-estudiants-2013-2014","status":"publish","type":"post","link":"https:\/\/resest.com\/ca\/blog\/inscripcio-residencia-estudiants-2013-2014\/","title":{"rendered":"Esta obert el per\u00edode d\u2019inscripci\u00f3 a la Resid\u00e8ncia estudiantil per el curs 2013-2014"},"content":{"rendered":"<p>La Resid\u00e8ncia d\u2019estudiants l\u2019estaci\u00f3 de Sabadell ja ha obert el per\u00edode d\u2019inscripci\u00f3 per al nou curs 2013-2014. Podeu realitzar la inscripci\u00f3 a la Residencia fent click<strong> <a title=\"Sol\u00b7licitud de pla\u00e7a\" href=\"https:\/\/resest.com\/sol%C2%B7licitud-de-placa\/\">aqu\u00ed<\/a>.<\/strong><\/p>\n<p>Tamb\u00e9 podeu trobar tota la informaci\u00f3 sobre els serveis que realitzem en el seg\u00fcent <strong><a title=\"Serveis de la resid\u00e8ncia\" href=\"https:\/\/resest.com\/serveis\/\">enlla\u00e7<\/a>.<\/strong><\/p>\n<p>Finalment comentar-vos que tamb\u00e9 podem resoldre totes les vostres consultes si contacteu amb nosaltres al (0034) 93.726.13.48. O empleneu el formulari de <strong><a title=\"Contactar\" href=\"https:\/\/resest.com\/contactar\/\">contacte<\/a>.<\/strong><\/p>\n","protected":false},"excerpt":{"rendered":"<p>La Resid\u00e8ncia d\u2019estudiants l\u2019estaci\u00f3 de Sabadell ja ha obert el per\u00edode d\u2019inscripci\u00f3 per al nou curs 2013-2014. Podeu realitzar la inscripci\u00f3 a la Residencia fent click aqu\u00ed. Tamb\u00e9 podeu trobar tota la informaci\u00f3 sobre els serveis que realitzem en el seg\u00fcent enlla\u00e7. Finalment comentar-vos que tamb\u00e9 podem resoldre totes les vostres consultes si contacteu amb&hellip;<\/p>\n","protected":false},"author":3,"featured_media":0,"comment_status":"closed","ping_status":"open","sticky":false,"template":"","format":"standard","meta":{"footnotes":""},"categories":[6],"tags":[7,8],"class_list":["post-1143","post","type-post","status-publish","format-standard","hentry","category-blog","tag-inscrpciones-residencia-estudiantes","tag-residencia-estudiantes","entry","no-media"],"yoast_head":"<!-- This site is optimized with the Yoast SEO plugin v26.4 - https:\/\/yoast.com\/wordpress\/plugins\/seo\/ -->\n<title>Ja est\u00e0 obert el per\u00edode d&#039;inscripcions de la resid\u00e8ncia d&#039;Estudiants - Resest<\/title>\n<meta name=\"description\" content=\"Ja pots informar-te del per\u00edode d&#039;inscripcions de la resid\u00e8ncia d&#039;Estudiants l&#039;estaci\u00f3 de Sabadell. Situada a prop de la UAB i ben comunicada amb Barcelona.\" \/>\n<meta name=\"robots\" content=\"index, follow, max-snippet:-1, max-image-preview:large, max-video-preview:-1\" \/>\n<link rel=\"canonical\" href=\"https:\/\/resest.com\/ca\/blog\/inscripcio-residencia-estudiants-2013-2014\/\" \/>\n<meta property=\"og:locale\" content=\"ca_ES\" \/>\n<meta property=\"og:type\" content=\"article\" \/>\n<meta property=\"og:title\" content=\"Ja est\u00e0 obert el per\u00edode d&#039;inscripcions de la resid\u00e8ncia d&#039;Estudiants - Resest\" \/>\n<meta property=\"og:description\" content=\"Ja pots informar-te del per\u00edode d&#039;inscripcions de la resid\u00e8ncia d&#039;Estudiants l&#039;estaci\u00f3 de Sabadell. Situada a prop de la UAB i ben comunicada amb Barcelona.\" \/>\n<meta property=\"og:url\" content=\"https:\/\/resest.com\/ca\/blog\/inscripcio-residencia-estudiants-2013-2014\/\" \/>\n<meta property=\"og:site_name\" content=\"Resid\u00e8ncia d&#039;Estudiants l&#039;Estaci\u00f3 de Sabadell | Resest\" \/>\n<meta property=\"article:published_time\" content=\"2013-03-26T10:22:15+00:00\" \/>\n<meta property=\"article:modified_time\" content=\"2018-08-23T09:15:09+00:00\" \/>\n<meta name=\"author\" content=\"Resest\" \/>\n<meta name=\"twitter:label1\" content=\"Written by\" \/>\n\t<meta name=\"twitter:data1\" content=\"Resest\" \/>\n<script type=\"application\/ld+json\" class=\"yoast-schema-graph\">{\"@context\":\"https:\/\/schema.org\",\"@graph\":[{\"@type\":\"Article\",\"@id\":\"https:\/\/resest.com\/ca\/blog\/inscripcio-residencia-estudiants-2013-2014\/#article\",\"isPartOf\":{\"@id\":\"https:\/\/resest.com\/ca\/blog\/inscripcio-residencia-estudiants-2013-2014\/\"},\"author\":{\"name\":\"Resest\",\"@id\":\"https:\/\/resest.com\/ca\/#\/schema\/person\/f66d2b5dae2cd0a989ab720dd211d2a9\"},\"headline\":\"Esta obert el per\u00edode d\u2019inscripci\u00f3 a la Resid\u00e8ncia estudiantil per el curs 2013-2014\",\"datePublished\":\"2013-03-26T10:22:15+00:00\",\"dateModified\":\"2018-08-23T09:15:09+00:00\",\"mainEntityOfPage\":{\"@id\":\"https:\/\/resest.com\/ca\/blog\/inscripcio-residencia-estudiants-2013-2014\/\"},\"wordCount\":85,\"publisher\":{\"@id\":\"https:\/\/resest.com\/ca\/#organization\"},\"keywords\":[\"inscrpciones residencia estudiantes\",\"residencia estudiantes\"],\"articleSection\":[\"Blog\"],\"inLanguage\":\"ca-ES\"},{\"@type\":\"WebPage\",\"@id\":\"https:\/\/resest.com\/ca\/blog\/inscripcio-residencia-estudiants-2013-2014\/\",\"url\":\"https:\/\/resest.com\/ca\/blog\/inscripcio-residencia-estudiants-2013-2014\/\",\"name\":\"Ja est\u00e0 obert el per\u00edode d'inscripcions de la resid\u00e8ncia d'Estudiants - Resest\",\"isPartOf\":{\"@id\":\"https:\/\/resest.com\/ca\/#website\"},\"datePublished\":\"2013-03-26T10:22:15+00:00\",\"dateModified\":\"2018-08-23T09:15:09+00:00\",\"description\":\"Ja pots informar-te del per\u00edode d'inscripcions de la resid\u00e8ncia d'Estudiants l'estaci\u00f3 de Sabadell. Situada a prop de la UAB i ben comunicada amb Barcelona.\",\"breadcrumb\":{\"@id\":\"https:\/\/resest.com\/ca\/blog\/inscripcio-residencia-estudiants-2013-2014\/#breadcrumb\"},\"inLanguage\":\"ca-ES\",\"potentialAction\":[{\"@type\":\"ReadAction\",\"target\":[\"https:\/\/resest.com\/ca\/blog\/inscripcio-residencia-estudiants-2013-2014\/\"]}]},{\"@type\":\"BreadcrumbList\",\"@id\":\"https:\/\/resest.com\/ca\/blog\/inscripcio-residencia-estudiants-2013-2014\/#breadcrumb\",\"itemListElement\":[{\"@type\":\"ListItem\",\"position\":1,\"name\":\"Inici\",\"item\":\"https:\/\/resest.com\/ca\/\"},{\"@type\":\"ListItem\",\"position\":2,\"name\":\"Esta obert el per\u00edode d\u2019inscripci\u00f3 a la Resid\u00e8ncia estudiantil per el curs 2013-2014\"}]},{\"@type\":\"WebSite\",\"@id\":\"https:\/\/resest.com\/ca\/#website\",\"url\":\"https:\/\/resest.com\/ca\/\",\"name\":\"Resid\u00e8ncia d&#039;Estudiants l&#039;Estaci\u00f3 de Sabadell | Resest\",\"description\":\"Prop de l\u2019Universitat Aut\u00f2noma de Barcelona (UAB)\",\"publisher\":{\"@id\":\"https:\/\/resest.com\/ca\/#organization\"},\"potentialAction\":[{\"@type\":\"SearchAction\",\"target\":{\"@type\":\"EntryPoint\",\"urlTemplate\":\"https:\/\/resest.com\/ca\/?s={search_term_string}\"},\"query-input\":{\"@type\":\"PropertyValueSpecification\",\"valueRequired\":true,\"valueName\":\"search_term_string\"}}],\"inLanguage\":\"ca-ES\"},{\"@type\":\"Organization\",\"@id\":\"https:\/\/resest.com\/ca\/#organization\",\"name\":\"Resid\u00e8ncia d&#039;Estudiants l&#039;Estaci\u00f3 de Sabadell | Resest\",\"url\":\"https:\/\/resest.com\/ca\/\",\"logo\":{\"@type\":\"ImageObject\",\"inLanguage\":\"ca-ES\",\"@id\":\"https:\/\/resest.com\/ca\/#\/schema\/logo\/image\/\",\"url\":\"https:\/\/resest.com\/wp-content\/uploads\/2024\/03\/Facana-1.jpg\",\"contentUrl\":\"https:\/\/resest.com\/wp-content\/uploads\/2024\/03\/Facana-1.jpg\",\"width\":1200,\"height\":1009,\"caption\":\"Resid\u00e8ncia d&#039;Estudiants l&#039;Estaci\u00f3 de Sabadell | Resest\"},\"image\":{\"@id\":\"https:\/\/resest.com\/ca\/#\/schema\/logo\/image\/\"}},{\"@type\":\"Person\",\"@id\":\"https:\/\/resest.com\/ca\/#\/schema\/person\/f66d2b5dae2cd0a989ab720dd211d2a9\",\"name\":\"Resest\",\"image\":{\"@type\":\"ImageObject\",\"inLanguage\":\"ca-ES\",\"@id\":\"https:\/\/resest.com\/ca\/#\/schema\/person\/image\/\",\"url\":\"https:\/\/secure.gravatar.com\/avatar\/a5d542eca874617a8a62a45c724821a615f770cf5bde5e61a93a7a2562faba7a?s=96&d=mm&r=g\",\"contentUrl\":\"https:\/\/secure.gravatar.com\/avatar\/a5d542eca874617a8a62a45c724821a615f770cf5bde5e61a93a7a2562faba7a?s=96&d=mm&r=g\",\"caption\":\"Resest\"},\"url\":\"https:\/\/resest.com\/ca\/author\/resest\/\"}]}<\/script>\n<!-- \/ Yoast SEO plugin. -->","yoast_head_json":{"title":"Ja est\u00e0 obert el per\u00edode d'inscripcions de la resid\u00e8ncia d'Estudiants - Resest","description":"Ja pots informar-te del per\u00edode d'inscripcions de la resid\u00e8ncia d'Estudiants l'estaci\u00f3 de Sabadell. Situada a prop de la UAB i ben comunicada amb Barcelona.","robots":{"index":"index","follow":"follow","max-snippet":"max-snippet:-1","max-image-preview":"max-image-preview:large","max-video-preview":"max-video-preview:-1"},"canonical":"https:\/\/resest.com\/ca\/blog\/inscripcio-residencia-estudiants-2013-2014\/","og_locale":"ca_ES","og_type":"article","og_title":"Ja est\u00e0 obert el per\u00edode d'inscripcions de la resid\u00e8ncia d'Estudiants - Resest","og_description":"Ja pots informar-te del per\u00edode d'inscripcions de la resid\u00e8ncia d'Estudiants l'estaci\u00f3 de Sabadell. Situada a prop de la UAB i ben comunicada amb Barcelona.","og_url":"https:\/\/resest.com\/ca\/blog\/inscripcio-residencia-estudiants-2013-2014\/","og_site_name":"Resid\u00e8ncia d&#039;Estudiants l&#039;Estaci\u00f3 de Sabadell | Resest","article_published_time":"2013-03-26T10:22:15+00:00","article_modified_time":"2018-08-23T09:15:09+00:00","author":"Resest","twitter_misc":{"Written by":"Resest"},"schema":{"@context":"https:\/\/schema.org","@graph":[{"@type":"Article","@id":"https:\/\/resest.com\/ca\/blog\/inscripcio-residencia-estudiants-2013-2014\/#article","isPartOf":{"@id":"https:\/\/resest.com\/ca\/blog\/inscripcio-residencia-estudiants-2013-2014\/"},"author":{"name":"Resest","@id":"https:\/\/resest.com\/ca\/#\/schema\/person\/f66d2b5dae2cd0a989ab720dd211d2a9"},"headline":"Esta obert el per\u00edode d\u2019inscripci\u00f3 a la Resid\u00e8ncia estudiantil per el curs 2013-2014","datePublished":"2013-03-26T10:22:15+00:00","dateModified":"2018-08-23T09:15:09+00:00","mainEntityOfPage":{"@id":"https:\/\/resest.com\/ca\/blog\/inscripcio-residencia-estudiants-2013-2014\/"},"wordCount":85,"publisher":{"@id":"https:\/\/resest.com\/ca\/#organization"},"keywords":["inscrpciones residencia estudiantes","residencia estudiantes"],"articleSection":["Blog"],"inLanguage":"ca-ES"},{"@type":"WebPage","@id":"https:\/\/resest.com\/ca\/blog\/inscripcio-residencia-estudiants-2013-2014\/","url":"https:\/\/resest.com\/ca\/blog\/inscripcio-residencia-estudiants-2013-2014\/","name":"Ja est\u00e0 obert el per\u00edode d'inscripcions de la resid\u00e8ncia d'Estudiants - Resest","isPartOf":{"@id":"https:\/\/resest.com\/ca\/#website"},"datePublished":"2013-03-26T10:22:15+00:00","dateModified":"2018-08-23T09:15:09+00:00","description":"Ja pots informar-te del per\u00edode d'inscripcions de la resid\u00e8ncia d'Estudiants l'estaci\u00f3 de Sabadell. Situada a prop de la UAB i ben comunicada amb Barcelona.","breadcrumb":{"@id":"https:\/\/resest.com\/ca\/blog\/inscripcio-residencia-estudiants-2013-2014\/#breadcrumb"},"inLanguage":"ca-ES","potentialAction":[{"@type":"ReadAction","target":["https:\/\/resest.com\/ca\/blog\/inscripcio-residencia-estudiants-2013-2014\/"]}]},{"@type":"BreadcrumbList","@id":"https:\/\/resest.com\/ca\/blog\/inscripcio-residencia-estudiants-2013-2014\/#breadcrumb","itemListElement":[{"@type":"ListItem","position":1,"name":"Inici","item":"https:\/\/resest.com\/ca\/"},{"@type":"ListItem","position":2,"name":"Esta obert el per\u00edode d\u2019inscripci\u00f3 a la Resid\u00e8ncia estudiantil per el curs 2013-2014"}]},{"@type":"WebSite","@id":"https:\/\/resest.com\/ca\/#website","url":"https:\/\/resest.com\/ca\/","name":"Resid\u00e8ncia d&#039;Estudiants l&#039;Estaci\u00f3 de Sabadell | Resest","description":"Prop de l\u2019Universitat Aut\u00f2noma de Barcelona (UAB)","publisher":{"@id":"https:\/\/resest.com\/ca\/#organization"},"potentialAction":[{"@type":"SearchAction","target":{"@type":"EntryPoint","urlTemplate":"https:\/\/resest.com\/ca\/?s={search_term_string}"},"query-input":{"@type":"PropertyValueSpecification","valueRequired":true,"valueName":"search_term_string"}}],"inLanguage":"ca-ES"},{"@type":"Organization","@id":"https:\/\/resest.com\/ca\/#organization","name":"Resid\u00e8ncia d&#039;Estudiants l&#039;Estaci\u00f3 de Sabadell | Resest","url":"https:\/\/resest.com\/ca\/","logo":{"@type":"ImageObject","inLanguage":"ca-ES","@id":"https:\/\/resest.com\/ca\/#\/schema\/logo\/image\/","url":"https:\/\/resest.com\/wp-content\/uploads\/2024\/03\/Facana-1.jpg","contentUrl":"https:\/\/resest.com\/wp-content\/uploads\/2024\/03\/Facana-1.jpg","width":1200,"height":1009,"caption":"Resid\u00e8ncia d&#039;Estudiants l&#039;Estaci\u00f3 de Sabadell | Resest"},"image":{"@id":"https:\/\/resest.com\/ca\/#\/schema\/logo\/image\/"}},{"@type":"Person","@id":"https:\/\/resest.com\/ca\/#\/schema\/person\/f66d2b5dae2cd0a989ab720dd211d2a9","name":"Resest","image":{"@type":"ImageObject","inLanguage":"ca-ES","@id":"https:\/\/resest.com\/ca\/#\/schema\/person\/image\/","url":"https:\/\/secure.gravatar.com\/avatar\/a5d542eca874617a8a62a45c724821a615f770cf5bde5e61a93a7a2562faba7a?s=96&d=mm&r=g","contentUrl":"https:\/\/secure.gravatar.com\/avatar\/a5d542eca874617a8a62a45c724821a615f770cf5bde5e61a93a7a2562faba7a?s=96&d=mm&r=g","caption":"Resest"},"url":"https:\/\/resest.com\/ca\/author\/resest\/"}]}},"_links":{"self":[{"href":"https:\/\/resest.com\/ca\/wp-json\/wp\/v2\/posts\/1143","targetHints":{"allow":["GET"]}}],"collection":[{"href":"https:\/\/resest.com\/ca\/wp-json\/wp\/v2\/posts"}],"about":[{"href":"https:\/\/resest.com\/ca\/wp-json\/wp\/v2\/types\/post"}],"author":[{"embeddable":true,"href":"https:\/\/resest.com\/ca\/wp-json\/wp\/v2\/users\/3"}],"replies":[{"embeddable":true,"href":"https:\/\/resest.com\/ca\/wp-json\/wp\/v2\/comments?post=1143"}],"version-history":[{"count":0,"href":"https:\/\/resest.com\/ca\/wp-json\/wp\/v2\/posts\/1143\/revisions"}],"wp:attachment":[{"href":"https:\/\/resest.com\/ca\/wp-json\/wp\/v2\/media?parent=1143"}],"wp:term":[{"taxonomy":"category","embeddable":true,"href":"https:\/\/resest.com\/ca\/wp-json\/wp\/v2\/categories?post=1143"},{"taxonomy":"post_tag","embeddable":true,"href":"https:\/\/resest.com\/ca\/wp-json\/wp\/v2\/tags?post=1143"}],"curies":[{"name":"wp","href":"https:\/\/api.w.org\/{rel}","templated":true}]}}