{"id":11338,"date":"2024-03-20T12:24:28","date_gmt":"2024-03-20T11:24:28","guid":{"rendered":"https:\/\/resest.com\/?p=11338"},"modified":"2024-03-14T12:36:44","modified_gmt":"2024-03-14T11:36:44","slug":"que-fer-setmana-santa-barcelona","status":"publish","type":"post","link":"https:\/\/resest.com\/ca\/activitats-i-oci\/que-fer-setmana-santa-barcelona\/","title":{"rendered":"Descobreix Barcelona per Setmana Santa: Plans a prop de Resest"},"content":{"rendered":"\n<p>Setmana Santa a Barcelona \u00e9s una <strong>\u00e8poca emocionant<\/strong> plena de <strong>tradicions, esdeveniments culturals <\/strong>i oportunitats per explorar la ciutat. Si t&#8217;allies a <a href=\"https:\/\/resest.com\/ca\/la-residencia-estudiants-sabadell-barcelona-bellaterra\/\">Resest<\/a> i et quedes a Barcelona durant aquestes vacances, \u00a1no et preocupis! Aqu\u00ed tens una<strong> llista de plans emocionants<\/strong> per gaudir per <strong>Setmana Santa a Barcelona <\/strong>a prop de la teva resid\u00e8ncia estudiantil.<\/p>\n\n\n\n<h2 class=\"wp-block-heading\"><strong>Explorar els Monuments Emblem\u00e0tics<\/strong><\/h2>\n\n\n\n<p>Barcelona est\u00e0 repleta de monuments ic\u00f2nics que mereixen ser visitats. Aprofita la Setmana Santa per rec\u00f3rrer llocs com la<strong> Sagrada Fam\u00edlia, el Parc G\u00fcell i la Casa Batll\u00f3<\/strong>. Aquestes joies arquitect\u00f2niques ofereixen una visi\u00f3 \u00fanica de la hist\u00f2ria i la cultura de la ciutat.<\/p>\n\n\n\n<h2 class=\"wp-block-heading\"><strong>Submergir-se en la Cultura Catalana<\/strong><\/h2>\n\n\n\n<p>Durant la Setmana Santa, Barcelona s&#8217;omple de<strong> festivitats tradicionals<\/strong> que celebren la cultura catalana. No et perdis l&#8217;oportunitat de presenciar les <strong>processons religioses<\/strong> que recorren els carrers de la ciutat, especialment en barris com el <strong>Barri G\u00f2tic i el Raval.<\/strong><\/p>\n\n\n\n<h2 class=\"wp-block-heading\"><strong>Gaudir de la Gastronomia Local<\/strong><\/h2>\n\n\n\n<p>Qu\u00e8 seria d&#8217;una visita a Barcelona sense degustar la seva <strong>deliciosa gastronomia<\/strong>? Aprofita la Setmana Santa per assaborir plats t\u00edpics com la paella, la <strong><em>fideu\u00e0 <\/em>i les tapes <\/strong>als nombrosos restaurants i bars de la ciutat. \u00a1No t&#8217;oblidis de provar la xocolata amb xurros per a l&#8217;esmorzar!<\/p>\n\n\n\n<h2 class=\"wp-block-heading\"><strong>Relaxar-se a les Platges<\/strong><\/h2>\n\n\n\n<p>Si el clima ho permet, res millor que passar un dia relaxat en alguna de les platges de Barcelona. Des de la<strong> Barceloneta fins a Bogatell<\/strong>, les platges de la ciutat ofereixen l&#8217;oportunitat perfecta per prendre el sol, donar-se un<strong> bany refrescant<\/strong> i gaudir d&#8217;activitats com el v\u00f2lei platja.<\/p>\n\n\n\n<h2 class=\"wp-block-heading\"><strong>Explorar els Mercats Locals<\/strong><\/h2>\n\n\n\n<p>Els mercats de Barcelona s\u00f3n una visita obligada per a qualsevol resident o visitant. Durant la Setmana Santa, aprofita per explorar mercats com<strong> el Mercat de la Boqueria,<\/strong> on trobar\u00e0s una gran varietat de<strong> productes frescos i deliciosos.<\/strong><\/p>\n\n\n\n<h2 class=\"wp-block-heading\"><strong>Visitar Museus i Galeries d&#8217;Art<\/strong><\/h2>\n\n\n\n<p>Barcelona \u00e9s la llar d&#8217;una impressionant varietat de museus i galeries d&#8217;art que ofereixen <strong>exposicions fascinants <\/strong>per a tots els gustos. Dedica un dia de la Setmana Santa a explorar llocs com <strong>el Museu Picasso, el Museu Nacional d&#8217;Art de Catalunya i el MACBA.<\/strong><\/p>\n\n\n\n<h2 class=\"wp-block-heading\"><strong>Rec\u00f3rrer els Barris amb Encant<\/strong><\/h2>\n\n\n\n<p>No hi ha millor manera de con\u00e8ixer Barcelona que explorar els seus pintorescos barris. Dedica temps durant la Setmana Santa per passejar per <strong>barris com Gr\u00e0cia, el Born i el Barri de Sant Antoni, <\/strong>on trobar\u00e0s encantadores<strong> carrers, botigues boutique i cafeteries acollidores.<\/strong> <\/p>\n\n\n\n<p>En resum, Setmana Santa a Barcelona ofereix una<strong> \u00e0mplia gamma d&#8217;activitats i experi\u00e8ncies<\/strong> per gaudir a prop de <a href=\"https:\/\/resest.com\/ca\/\">Resest<\/a>. Ja sigui<strong> explorant monuments, submergint-te en la cultura local o simplement relaxant-te a la platja<\/strong>, hi ha alguna cosa per a tots els gustos i edats. La resid\u00e8ncia Resest est\u00e0 <a href=\"https:\/\/resest.com\/ca\/ubicacio-residencia-estudiantil-a-sabadell-barcelona\/\">ubicada<\/a> just davant de l&#8217;estaci\u00f3 Can Feu-Gr\u00e0cia dels Ferrocarrils de la Generalitat de Catalunya (FGC), cosa que facilita enormement la<strong> mobilitat dels nostres residents<\/strong>.\u00a0 No et perdis l&#8217;oportunitat de viure la m\u00e0gia d&#8217;aquesta<strong> vibrant ciutat durant les vacances de Setmana Santa<\/strong>!<\/p>\n","protected":false},"excerpt":{"rendered":"<p>Setmana Santa a Barcelona \u00e9s una \u00e8poca emocionant plena de tradicions, esdeveniments culturals i oportunitats per explorar la ciutat. Si t&#8217;allies a Resest i et quedes a Barcelona durant aquestes vacances, \u00a1no et preocupis! Aqu\u00ed tens una llista de plans emocionants per gaudir per Setmana Santa a Barcelona a prop de la teva resid\u00e8ncia estudiantil.&hellip;<\/p>\n","protected":false},"author":1,"featured_media":11334,"comment_status":"open","ping_status":"open","sticky":false,"template":"","format":"standard","meta":{"footnotes":""},"categories":[51],"tags":[],"class_list":["post-11338","post","type-post","status-publish","format-standard","has-post-thumbnail","hentry","category-activitats-i-oci","entry","has-media"],"yoast_head":"<!-- This site is optimized with the Yoast SEO plugin v26.4 - https:\/\/yoast.com\/wordpress\/plugins\/seo\/ -->\n<title>Descobreix Barcelona per Setmana Santa: Planes prop de Resest - Resest<\/title>\n<meta name=\"description\" content=\"Descobreix els millors plans per Setmana Santa a Barcelona a prop de Resest. Des d&#039;explorar monuments emblem\u00e0tics fins a submergir-se en la cultura local, troba activitats emocionants per gaudir durant les vacances. Contacta amb nosaltres.\" \/>\n<meta name=\"robots\" content=\"index, follow, max-snippet:-1, max-image-preview:large, max-video-preview:-1\" \/>\n<link rel=\"canonical\" href=\"https:\/\/resest.com\/ca\/activitats-i-oci\/que-fer-setmana-santa-barcelona\/\" \/>\n<meta property=\"og:locale\" content=\"ca_ES\" \/>\n<meta property=\"og:type\" content=\"article\" \/>\n<meta property=\"og:title\" content=\"Descobreix Barcelona per Setmana Santa: Planes prop de Resest - Resest\" \/>\n<meta property=\"og:description\" content=\"Descobreix els millors plans per Setmana Santa a Barcelona a prop de Resest. Des d&#039;explorar monuments emblem\u00e0tics fins a submergir-se en la cultura local, troba activitats emocionants per gaudir durant les vacances. Contacta amb nosaltres.\" \/>\n<meta property=\"og:url\" content=\"https:\/\/resest.com\/ca\/activitats-i-oci\/que-fer-setmana-santa-barcelona\/\" \/>\n<meta property=\"og:site_name\" content=\"Resid\u00e8ncia d&#039;Estudiants l&#039;Estaci\u00f3 de Sabadell | Resest\" \/>\n<meta property=\"article:published_time\" content=\"2024-03-20T11:24:28+00:00\" \/>\n<meta property=\"og:image\" content=\"https:\/\/resest.com\/wp-content\/uploads\/2024\/03\/woman-traveling-in-barcelona-2023-11-27-05-32-42-utc-1.jpg\" \/>\n\t<meta property=\"og:image:width\" content=\"1200\" \/>\n\t<meta property=\"og:image:height\" content=\"801\" \/>\n\t<meta property=\"og:image:type\" content=\"image\/jpeg\" \/>\n<meta name=\"author\" content=\"Resest\" \/>\n<meta name=\"twitter:label1\" content=\"Written by\" \/>\n\t<meta name=\"twitter:data1\" content=\"Resest\" \/>\n\t<meta name=\"twitter:label2\" content=\"Est. reading time\" \/>\n\t<meta name=\"twitter:data2\" content=\"3 minutes\" \/>\n<script type=\"application\/ld+json\" class=\"yoast-schema-graph\">{\"@context\":\"https:\/\/schema.org\",\"@graph\":[{\"@type\":\"Article\",\"@id\":\"https:\/\/resest.com\/ca\/activitats-i-oci\/que-fer-setmana-santa-barcelona\/#article\",\"isPartOf\":{\"@id\":\"https:\/\/resest.com\/ca\/activitats-i-oci\/que-fer-setmana-santa-barcelona\/\"},\"author\":{\"name\":\"Resest\",\"@id\":\"https:\/\/resest.com\/ca\/#\/schema\/person\/d9965768ae08730dafc3a7c835fcc47c\"},\"headline\":\"Descobreix Barcelona per Setmana Santa: Plans a prop de Resest\",\"datePublished\":\"2024-03-20T11:24:28+00:00\",\"mainEntityOfPage\":{\"@id\":\"https:\/\/resest.com\/ca\/activitats-i-oci\/que-fer-setmana-santa-barcelona\/\"},\"wordCount\":529,\"commentCount\":0,\"publisher\":{\"@id\":\"https:\/\/resest.com\/ca\/#organization\"},\"image\":{\"@id\":\"https:\/\/resest.com\/ca\/activitats-i-oci\/que-fer-setmana-santa-barcelona\/#primaryimage\"},\"thumbnailUrl\":\"https:\/\/resest.com\/wp-content\/uploads\/2024\/03\/woman-traveling-in-barcelona-2023-11-27-05-32-42-utc-1.jpg\",\"articleSection\":[\"Qu\u00e8 fer a Sabadell i Barcelona\"],\"inLanguage\":\"ca-ES\",\"potentialAction\":[{\"@type\":\"CommentAction\",\"name\":\"Comment\",\"target\":[\"https:\/\/resest.com\/ca\/activitats-i-oci\/que-fer-setmana-santa-barcelona\/#respond\"]}]},{\"@type\":\"WebPage\",\"@id\":\"https:\/\/resest.com\/ca\/activitats-i-oci\/que-fer-setmana-santa-barcelona\/\",\"url\":\"https:\/\/resest.com\/ca\/activitats-i-oci\/que-fer-setmana-santa-barcelona\/\",\"name\":\"Descobreix Barcelona per Setmana Santa: Planes prop de Resest - Resest\",\"isPartOf\":{\"@id\":\"https:\/\/resest.com\/ca\/#website\"},\"primaryImageOfPage\":{\"@id\":\"https:\/\/resest.com\/ca\/activitats-i-oci\/que-fer-setmana-santa-barcelona\/#primaryimage\"},\"image\":{\"@id\":\"https:\/\/resest.com\/ca\/activitats-i-oci\/que-fer-setmana-santa-barcelona\/#primaryimage\"},\"thumbnailUrl\":\"https:\/\/resest.com\/wp-content\/uploads\/2024\/03\/woman-traveling-in-barcelona-2023-11-27-05-32-42-utc-1.jpg\",\"datePublished\":\"2024-03-20T11:24:28+00:00\",\"description\":\"Descobreix els millors plans per Setmana Santa a Barcelona a prop de Resest. Des d'explorar monuments emblem\u00e0tics fins a submergir-se en la cultura local, troba activitats emocionants per gaudir durant les vacances. Contacta amb nosaltres.\",\"breadcrumb\":{\"@id\":\"https:\/\/resest.com\/ca\/activitats-i-oci\/que-fer-setmana-santa-barcelona\/#breadcrumb\"},\"inLanguage\":\"ca-ES\",\"potentialAction\":[{\"@type\":\"ReadAction\",\"target\":[\"https:\/\/resest.com\/ca\/activitats-i-oci\/que-fer-setmana-santa-barcelona\/\"]}]},{\"@type\":\"ImageObject\",\"inLanguage\":\"ca-ES\",\"@id\":\"https:\/\/resest.com\/ca\/activitats-i-oci\/que-fer-setmana-santa-barcelona\/#primaryimage\",\"url\":\"https:\/\/resest.com\/wp-content\/uploads\/2024\/03\/woman-traveling-in-barcelona-2023-11-27-05-32-42-utc-1.jpg\",\"contentUrl\":\"https:\/\/resest.com\/wp-content\/uploads\/2024\/03\/woman-traveling-in-barcelona-2023-11-27-05-32-42-utc-1.jpg\",\"width\":1200,\"height\":801,\"caption\":\"que hacer en semana santa en barcelona\"},{\"@type\":\"BreadcrumbList\",\"@id\":\"https:\/\/resest.com\/ca\/activitats-i-oci\/que-fer-setmana-santa-barcelona\/#breadcrumb\",\"itemListElement\":[{\"@type\":\"ListItem\",\"position\":1,\"name\":\"Inici\",\"item\":\"https:\/\/resest.com\/ca\/\"},{\"@type\":\"ListItem\",\"position\":2,\"name\":\"Descobreix Barcelona per Setmana Santa: Plans a prop de Resest\"}]},{\"@type\":\"WebSite\",\"@id\":\"https:\/\/resest.com\/ca\/#website\",\"url\":\"https:\/\/resest.com\/ca\/\",\"name\":\"Resid\u00e8ncia d&#039;Estudiants l&#039;Estaci\u00f3 de Sabadell | Resest\",\"description\":\"Prop de l\u2019Universitat Aut\u00f2noma de Barcelona (UAB)\",\"publisher\":{\"@id\":\"https:\/\/resest.com\/ca\/#organization\"},\"potentialAction\":[{\"@type\":\"SearchAction\",\"target\":{\"@type\":\"EntryPoint\",\"urlTemplate\":\"https:\/\/resest.com\/ca\/?s={search_term_string}\"},\"query-input\":{\"@type\":\"PropertyValueSpecification\",\"valueRequired\":true,\"valueName\":\"search_term_string\"}}],\"inLanguage\":\"ca-ES\"},{\"@type\":\"Organization\",\"@id\":\"https:\/\/resest.com\/ca\/#organization\",\"name\":\"Resid\u00e8ncia d&#039;Estudiants l&#039;Estaci\u00f3 de Sabadell | Resest\",\"url\":\"https:\/\/resest.com\/ca\/\",\"logo\":{\"@type\":\"ImageObject\",\"inLanguage\":\"ca-ES\",\"@id\":\"https:\/\/resest.com\/ca\/#\/schema\/logo\/image\/\",\"url\":\"https:\/\/resest.com\/wp-content\/uploads\/2024\/03\/Facana-1.jpg\",\"contentUrl\":\"https:\/\/resest.com\/wp-content\/uploads\/2024\/03\/Facana-1.jpg\",\"width\":1200,\"height\":1009,\"caption\":\"Resid\u00e8ncia d&#039;Estudiants l&#039;Estaci\u00f3 de Sabadell | Resest\"},\"image\":{\"@id\":\"https:\/\/resest.com\/ca\/#\/schema\/logo\/image\/\"}},{\"@type\":\"Person\",\"@id\":\"https:\/\/resest.com\/ca\/#\/schema\/person\/d9965768ae08730dafc3a7c835fcc47c\",\"name\":\"Resest\",\"image\":{\"@type\":\"ImageObject\",\"inLanguage\":\"ca-ES\",\"@id\":\"https:\/\/resest.com\/ca\/#\/schema\/person\/image\/\",\"url\":\"https:\/\/secure.gravatar.com\/avatar\/0c7509c85c836ff68bc43efa415976254ed1463e7bbc3edf38a658092e29e5b4?s=96&d=mm&r=g\",\"contentUrl\":\"https:\/\/secure.gravatar.com\/avatar\/0c7509c85c836ff68bc43efa415976254ed1463e7bbc3edf38a658092e29e5b4?s=96&d=mm&r=g\",\"caption\":\"Resest\"},\"url\":\"https:\/\/resest.com\/ca\/author\/jordi\/\"}]}<\/script>\n<!-- \/ Yoast SEO plugin. -->","yoast_head_json":{"title":"Descobreix Barcelona per Setmana Santa: Planes prop de Resest - Resest","description":"Descobreix els millors plans per Setmana Santa a Barcelona a prop de Resest. Des d'explorar monuments emblem\u00e0tics fins a submergir-se en la cultura local, troba activitats emocionants per gaudir durant les vacances. Contacta amb nosaltres.","robots":{"index":"index","follow":"follow","max-snippet":"max-snippet:-1","max-image-preview":"max-image-preview:large","max-video-preview":"max-video-preview:-1"},"canonical":"https:\/\/resest.com\/ca\/activitats-i-oci\/que-fer-setmana-santa-barcelona\/","og_locale":"ca_ES","og_type":"article","og_title":"Descobreix Barcelona per Setmana Santa: Planes prop de Resest - Resest","og_description":"Descobreix els millors plans per Setmana Santa a Barcelona a prop de Resest. Des d'explorar monuments emblem\u00e0tics fins a submergir-se en la cultura local, troba activitats emocionants per gaudir durant les vacances. Contacta amb nosaltres.","og_url":"https:\/\/resest.com\/ca\/activitats-i-oci\/que-fer-setmana-santa-barcelona\/","og_site_name":"Resid\u00e8ncia d&#039;Estudiants l&#039;Estaci\u00f3 de Sabadell | Resest","article_published_time":"2024-03-20T11:24:28+00:00","og_image":[{"width":1200,"height":801,"url":"https:\/\/resest.com\/wp-content\/uploads\/2024\/03\/woman-traveling-in-barcelona-2023-11-27-05-32-42-utc-1.jpg","type":"image\/jpeg"}],"author":"Resest","twitter_misc":{"Written by":"Resest","Est. reading time":"3 minutes"},"schema":{"@context":"https:\/\/schema.org","@graph":[{"@type":"Article","@id":"https:\/\/resest.com\/ca\/activitats-i-oci\/que-fer-setmana-santa-barcelona\/#article","isPartOf":{"@id":"https:\/\/resest.com\/ca\/activitats-i-oci\/que-fer-setmana-santa-barcelona\/"},"author":{"name":"Resest","@id":"https:\/\/resest.com\/ca\/#\/schema\/person\/d9965768ae08730dafc3a7c835fcc47c"},"headline":"Descobreix Barcelona per Setmana Santa: Plans a prop de Resest","datePublished":"2024-03-20T11:24:28+00:00","mainEntityOfPage":{"@id":"https:\/\/resest.com\/ca\/activitats-i-oci\/que-fer-setmana-santa-barcelona\/"},"wordCount":529,"commentCount":0,"publisher":{"@id":"https:\/\/resest.com\/ca\/#organization"},"image":{"@id":"https:\/\/resest.com\/ca\/activitats-i-oci\/que-fer-setmana-santa-barcelona\/#primaryimage"},"thumbnailUrl":"https:\/\/resest.com\/wp-content\/uploads\/2024\/03\/woman-traveling-in-barcelona-2023-11-27-05-32-42-utc-1.jpg","articleSection":["Qu\u00e8 fer a Sabadell i Barcelona"],"inLanguage":"ca-ES","potentialAction":[{"@type":"CommentAction","name":"Comment","target":["https:\/\/resest.com\/ca\/activitats-i-oci\/que-fer-setmana-santa-barcelona\/#respond"]}]},{"@type":"WebPage","@id":"https:\/\/resest.com\/ca\/activitats-i-oci\/que-fer-setmana-santa-barcelona\/","url":"https:\/\/resest.com\/ca\/activitats-i-oci\/que-fer-setmana-santa-barcelona\/","name":"Descobreix Barcelona per Setmana Santa: Planes prop de Resest - Resest","isPartOf":{"@id":"https:\/\/resest.com\/ca\/#website"},"primaryImageOfPage":{"@id":"https:\/\/resest.com\/ca\/activitats-i-oci\/que-fer-setmana-santa-barcelona\/#primaryimage"},"image":{"@id":"https:\/\/resest.com\/ca\/activitats-i-oci\/que-fer-setmana-santa-barcelona\/#primaryimage"},"thumbnailUrl":"https:\/\/resest.com\/wp-content\/uploads\/2024\/03\/woman-traveling-in-barcelona-2023-11-27-05-32-42-utc-1.jpg","datePublished":"2024-03-20T11:24:28+00:00","description":"Descobreix els millors plans per Setmana Santa a Barcelona a prop de Resest. Des d'explorar monuments emblem\u00e0tics fins a submergir-se en la cultura local, troba activitats emocionants per gaudir durant les vacances. Contacta amb nosaltres.","breadcrumb":{"@id":"https:\/\/resest.com\/ca\/activitats-i-oci\/que-fer-setmana-santa-barcelona\/#breadcrumb"},"inLanguage":"ca-ES","potentialAction":[{"@type":"ReadAction","target":["https:\/\/resest.com\/ca\/activitats-i-oci\/que-fer-setmana-santa-barcelona\/"]}]},{"@type":"ImageObject","inLanguage":"ca-ES","@id":"https:\/\/resest.com\/ca\/activitats-i-oci\/que-fer-setmana-santa-barcelona\/#primaryimage","url":"https:\/\/resest.com\/wp-content\/uploads\/2024\/03\/woman-traveling-in-barcelona-2023-11-27-05-32-42-utc-1.jpg","contentUrl":"https:\/\/resest.com\/wp-content\/uploads\/2024\/03\/woman-traveling-in-barcelona-2023-11-27-05-32-42-utc-1.jpg","width":1200,"height":801,"caption":"que hacer en semana santa en barcelona"},{"@type":"BreadcrumbList","@id":"https:\/\/resest.com\/ca\/activitats-i-oci\/que-fer-setmana-santa-barcelona\/#breadcrumb","itemListElement":[{"@type":"ListItem","position":1,"name":"Inici","item":"https:\/\/resest.com\/ca\/"},{"@type":"ListItem","position":2,"name":"Descobreix Barcelona per Setmana Santa: Plans a prop de Resest"}]},{"@type":"WebSite","@id":"https:\/\/resest.com\/ca\/#website","url":"https:\/\/resest.com\/ca\/","name":"Resid\u00e8ncia d&#039;Estudiants l&#039;Estaci\u00f3 de Sabadell | Resest","description":"Prop de l\u2019Universitat Aut\u00f2noma de Barcelona (UAB)","publisher":{"@id":"https:\/\/resest.com\/ca\/#organization"},"potentialAction":[{"@type":"SearchAction","target":{"@type":"EntryPoint","urlTemplate":"https:\/\/resest.com\/ca\/?s={search_term_string}"},"query-input":{"@type":"PropertyValueSpecification","valueRequired":true,"valueName":"search_term_string"}}],"inLanguage":"ca-ES"},{"@type":"Organization","@id":"https:\/\/resest.com\/ca\/#organization","name":"Resid\u00e8ncia d&#039;Estudiants l&#039;Estaci\u00f3 de Sabadell | Resest","url":"https:\/\/resest.com\/ca\/","logo":{"@type":"ImageObject","inLanguage":"ca-ES","@id":"https:\/\/resest.com\/ca\/#\/schema\/logo\/image\/","url":"https:\/\/resest.com\/wp-content\/uploads\/2024\/03\/Facana-1.jpg","contentUrl":"https:\/\/resest.com\/wp-content\/uploads\/2024\/03\/Facana-1.jpg","width":1200,"height":1009,"caption":"Resid\u00e8ncia d&#039;Estudiants l&#039;Estaci\u00f3 de Sabadell | Resest"},"image":{"@id":"https:\/\/resest.com\/ca\/#\/schema\/logo\/image\/"}},{"@type":"Person","@id":"https:\/\/resest.com\/ca\/#\/schema\/person\/d9965768ae08730dafc3a7c835fcc47c","name":"Resest","image":{"@type":"ImageObject","inLanguage":"ca-ES","@id":"https:\/\/resest.com\/ca\/#\/schema\/person\/image\/","url":"https:\/\/secure.gravatar.com\/avatar\/0c7509c85c836ff68bc43efa415976254ed1463e7bbc3edf38a658092e29e5b4?s=96&d=mm&r=g","contentUrl":"https:\/\/secure.gravatar.com\/avatar\/0c7509c85c836ff68bc43efa415976254ed1463e7bbc3edf38a658092e29e5b4?s=96&d=mm&r=g","caption":"Resest"},"url":"https:\/\/resest.com\/ca\/author\/jordi\/"}]}},"_links":{"self":[{"href":"https:\/\/resest.com\/ca\/wp-json\/wp\/v2\/posts\/11338","targetHints":{"allow":["GET"]}}],"collection":[{"href":"https:\/\/resest.com\/ca\/wp-json\/wp\/v2\/posts"}],"about":[{"href":"https:\/\/resest.com\/ca\/wp-json\/wp\/v2\/types\/post"}],"author":[{"embeddable":true,"href":"https:\/\/resest.com\/ca\/wp-json\/wp\/v2\/users\/1"}],"replies":[{"embeddable":true,"href":"https:\/\/resest.com\/ca\/wp-json\/wp\/v2\/comments?post=11338"}],"version-history":[{"count":0,"href":"https:\/\/resest.com\/ca\/wp-json\/wp\/v2\/posts\/11338\/revisions"}],"wp:featuredmedia":[{"embeddable":true,"href":"https:\/\/resest.com\/ca\/wp-json\/wp\/v2\/media\/11334"}],"wp:attachment":[{"href":"https:\/\/resest.com\/ca\/wp-json\/wp\/v2\/media?parent=11338"}],"wp:term":[{"taxonomy":"category","embeddable":true,"href":"https:\/\/resest.com\/ca\/wp-json\/wp\/v2\/categories?post=11338"},{"taxonomy":"post_tag","embeddable":true,"href":"https:\/\/resest.com\/ca\/wp-json\/wp\/v2\/tags?post=11338"}],"curies":[{"name":"wp","href":"https:\/\/api.w.org\/{rel}","templated":true}]}}