{"id":11329,"date":"2024-03-14T12:13:12","date_gmt":"2024-03-14T11:13:12","guid":{"rendered":"https:\/\/resest.com\/?p=11329"},"modified":"2024-03-14T13:32:22","modified_gmt":"2024-03-14T12:32:22","slug":"que-portar-residencia-estudiants","status":"publish","type":"post","link":"https:\/\/resest.com\/ca\/vida-a-la-residencia\/que-portar-residencia-estudiants\/","title":{"rendered":"Guia Essencial: El que Has de Portar a la teva Resid\u00e8ncia d&#8217;Estudiants"},"content":{"rendered":"\n<p>Quan et mudes a una <strong>resid\u00e8ncia d&#8217;estudiants<\/strong>, \u00e9s crucial assegurar-te de tenir tot el que necessites per fer del teu nou espai una veritable llar. Ja sigui que estiguis a punt de comen\u00e7ar el teu primer any universitari o t&#8217;estiguis mudant a una nova ciutat per continuar els teus estudis. Per aix\u00f2, Resest et proporciona una <strong>guia <\/strong>sobre <strong>qu\u00e8 portar a una resid\u00e8ncia d&#8217;estudiants<\/strong>.<\/p>\n\n\n\n<h2 class=\"wp-block-heading\"><strong>Roba i Articles de Llit<\/strong><\/h2>\n\n\n\n<p>Porta contigo suficients <strong>conjunts de roba<\/strong>, incloent peces adequades per a totes les estacions. A m\u00e9s, no t&#8217;oblidis d&#8217;empacar<strong> llen\u00e7ola, fundes de coix\u00ed i mantes addicionals<\/strong> per assegurar-te de tenir un somni reparador totes les nits. Una ullada a les nostres <a href=\"https:\/\/resest.com\/ca\/habitacions-residencia-estudiantil-sabadell-barcelona\/\"><strong>habitacions<\/strong><\/a>.<\/p>\n\n\n\n<h2 class=\"wp-block-heading\"><strong>Articles d&#8217;Higiene Personal<\/strong><\/h2>\n\n\n\n<p>No subestimis la import\u00e0ncia dels <strong>productes d&#8217; higiene personal<\/strong>. Assegura&#8217;t de portar contigo xamp\u00fa, condicionador, sab\u00f3, gel de dutxa i tot el que necessitis per mantenir-te fresc i net.<\/p>\n\n\n\n<h2 class=\"wp-block-heading\"><strong>Electr\u00f2nica<\/strong><\/h2>\n\n\n\n<p>En el m\u00f3n digital d&#8217;avui, els dispositius electr\u00f2nics s\u00f3n indispensables. No t&#8217;oblidis d&#8217;empaitar el teu <strong>ordinador port\u00e0til o Tablet<\/strong>, juntament amb tots els <strong>carregadors necessaris i allargadors<\/strong> de corrent per mantenir els teus dispositius carregats i llestos per usar.<\/p>\n\n\n\n<h2 class=\"wp-block-heading\"><strong>Articles d&#8217; Estudi<\/strong><\/h2>\n\n\n\n<p>Per mantenir-te al dia amb les teves classes, assegura&#8217;t de tenir <strong>quaderns, bol\u00edgrafs, llapis<\/strong> i qualsevol altre material d&#8217;estudi que necessitis. Organitza els teus documents en una<strong> carpeta o arxivador<\/strong> per facilitar l&#8217;acc\u00e9s quan els necessitis. Consulta les nostres <a href=\"https:\/\/resest.com\/ca\/installacions-residencia-estudiants-barcelona\/\"><strong>instal\u00b7lacions<\/strong><\/a><strong> i zones d&#8217;estudi<\/strong>.<\/p>\n\n\n\n<h2 class=\"wp-block-heading\"><strong>Elements de Decoraci\u00f3<\/strong><\/h2>\n\n\n\n<p>Personalitza el teu espai amb <strong>fotografies, posters o quadres <\/strong>que reflecteixin la teva personalitat. Agrega un toc verd amb <strong>plantes petites o suculentes,<\/strong> i assegura&#8217;t de tenir<strong> llums decoratius o l\u00e0mpades de lectura <\/strong>per crear un ambient acollidor.<\/p>\n\n\n\n<h2 class=\"wp-block-heading\"><strong>Medicaments i Farmaciola<\/strong><\/h2>\n\n\n\n<p>Prepara una <strong>farmaciola de primers auxilis amb medicaments d&#8217; \u00fas com\u00fa<\/strong>, com analg\u00e8sics, antihistam\u00ednics i embenats. \u00c9s important estar preparat per a qualsevol eventualitat i tenir a m\u00e0 els <strong>medicaments necessaris<\/strong>.<\/p>\n\n\n\n<h2 class=\"wp-block-heading\"><strong>Articles d&#8217;Entreteniment<\/strong><\/h2>\n\n\n\n<p>No t&#8217;oblidis d&#8217;empaitar alguns elements d&#8217;entreteniment per als teus moments de descans. Porta contigo <strong>llibres, revistes o e-books per llegir, aix\u00ed com jocs de taula o cartes<\/strong> per compartir amb els teus nous amics.<\/p>\n\n\n\n<h2 class=\"wp-block-heading\"><strong>Documents Importants<\/strong><\/h2>\n\n\n\n<p>Finalment, assegura&#8217;t de tenir contigo tota la documentaci\u00f3 important, com el teu<strong> DNI, targeta de seguretat social i targeta d&#8217;estudiant<\/strong>. A m\u00e9s, no t&#8217;oblidis de portar els<strong> contractes de lloguer<\/strong> i altres documents relacionats amb la teva resid\u00e8ncia.<\/p>\n\n\n\n<p>Seguint aquesta<strong> guia sobre qu\u00e8 portar a una resid\u00e8ncia d&#8217;estudiants<\/strong>, estar\u00e0s ben preparat per comen\u00e7ar la teva aventura. Recorda que aquesta llista \u00e9s nom\u00e9s una <strong>guia b\u00e0sica<\/strong> i que pots <strong>personalitzar-la segons les teves necessitats individuals<\/strong>. Si vols con\u00e8ixer m\u00e9s sobre Resest, visita el nostre <a href=\"https:\/\/resest.com\/ca\/tour-virtual-360-residencia-per-estudiants\/\">tour 360\u00ba virtual<\/a>. \u00a1Benvingut a la teva nova llar!<\/p>\n","protected":false},"excerpt":{"rendered":"<p>Quan et mudes a una resid\u00e8ncia d&#8217;estudiants, \u00e9s crucial assegurar-te de tenir tot el que necessites per fer del teu nou espai una veritable llar. Ja sigui que estiguis a punt de comen\u00e7ar el teu primer any universitari o t&#8217;estiguis mudant a una nova ciutat per continuar els teus estudis. Per aix\u00f2, Resest et proporciona&hellip;<\/p>\n","protected":false},"author":1,"featured_media":11322,"comment_status":"open","ping_status":"open","sticky":false,"template":"","format":"standard","meta":{"footnotes":""},"categories":[49],"tags":[],"class_list":["post-11329","post","type-post","status-publish","format-standard","has-post-thumbnail","hentry","category-vida-a-la-residencia","entry","has-media"],"yoast_head":"<!-- This site is optimized with the Yoast SEO plugin v26.4 - https:\/\/yoast.com\/wordpress\/plugins\/seo\/ -->\n<title>Guia Essencial: El que Has de Portar a la teva Resid\u00e8ncia d&#039;Estudiants - Resest<\/title>\n<meta name=\"description\" content=\"Prepara&#039;t per a la vida estudiantil amb la nostra guia essencial del que has de portar a Resest. Descobreix els elements indispensables per fer de la teva resid\u00e8ncia una llar acollidora i funcional. Vis\u00edtans.\" \/>\n<meta name=\"robots\" content=\"index, follow, max-snippet:-1, max-image-preview:large, max-video-preview:-1\" \/>\n<link rel=\"canonical\" href=\"https:\/\/resest.com\/ca\/vida-a-la-residencia\/que-portar-residencia-estudiants\/\" \/>\n<meta property=\"og:locale\" content=\"ca_ES\" \/>\n<meta property=\"og:type\" content=\"article\" \/>\n<meta property=\"og:title\" content=\"Guia Essencial: El que Has de Portar a la teva Resid\u00e8ncia d&#039;Estudiants - Resest\" \/>\n<meta property=\"og:description\" content=\"Prepara&#039;t per a la vida estudiantil amb la nostra guia essencial del que has de portar a Resest. Descobreix els elements indispensables per fer de la teva resid\u00e8ncia una llar acollidora i funcional. Vis\u00edtans.\" \/>\n<meta property=\"og:url\" content=\"https:\/\/resest.com\/ca\/vida-a-la-residencia\/que-portar-residencia-estudiants\/\" \/>\n<meta property=\"og:site_name\" content=\"Resid\u00e8ncia d&#039;Estudiants l&#039;Estaci\u00f3 de Sabadell | Resest\" \/>\n<meta property=\"article:published_time\" content=\"2024-03-14T11:13:12+00:00\" \/>\n<meta property=\"article:modified_time\" content=\"2024-03-14T12:32:22+00:00\" \/>\n<meta property=\"og:image\" content=\"https:\/\/resest.com\/wp-content\/uploads\/2024\/03\/que-llevar-residencia-estudiantes.jpg\" \/>\n\t<meta property=\"og:image:width\" content=\"1200\" \/>\n\t<meta property=\"og:image:height\" content=\"800\" \/>\n\t<meta property=\"og:image:type\" content=\"image\/jpeg\" \/>\n<meta name=\"author\" content=\"Resest\" \/>\n<meta name=\"twitter:label1\" content=\"Written by\" \/>\n\t<meta name=\"twitter:data1\" content=\"Resest\" \/>\n\t<meta name=\"twitter:label2\" content=\"Est. reading time\" \/>\n\t<meta name=\"twitter:data2\" content=\"3 minutes\" \/>\n<script type=\"application\/ld+json\" class=\"yoast-schema-graph\">{\"@context\":\"https:\/\/schema.org\",\"@graph\":[{\"@type\":\"Article\",\"@id\":\"https:\/\/resest.com\/ca\/vida-a-la-residencia\/que-portar-residencia-estudiants\/#article\",\"isPartOf\":{\"@id\":\"https:\/\/resest.com\/ca\/vida-a-la-residencia\/que-portar-residencia-estudiants\/\"},\"author\":{\"name\":\"Resest\",\"@id\":\"https:\/\/resest.com\/ca\/#\/schema\/person\/d9965768ae08730dafc3a7c835fcc47c\"},\"headline\":\"Guia Essencial: El que Has de Portar a la teva Resid\u00e8ncia d&#8217;Estudiants\",\"datePublished\":\"2024-03-14T11:13:12+00:00\",\"dateModified\":\"2024-03-14T12:32:22+00:00\",\"mainEntityOfPage\":{\"@id\":\"https:\/\/resest.com\/ca\/vida-a-la-residencia\/que-portar-residencia-estudiants\/\"},\"wordCount\":496,\"commentCount\":0,\"publisher\":{\"@id\":\"https:\/\/resest.com\/ca\/#organization\"},\"image\":{\"@id\":\"https:\/\/resest.com\/ca\/vida-a-la-residencia\/que-portar-residencia-estudiants\/#primaryimage\"},\"thumbnailUrl\":\"https:\/\/resest.com\/wp-content\/uploads\/2024\/03\/que-llevar-residencia-estudiantes.jpg\",\"articleSection\":[\"Vida a la Resid\u00e8ncia\"],\"inLanguage\":\"ca-ES\",\"potentialAction\":[{\"@type\":\"CommentAction\",\"name\":\"Comment\",\"target\":[\"https:\/\/resest.com\/ca\/vida-a-la-residencia\/que-portar-residencia-estudiants\/#respond\"]}]},{\"@type\":\"WebPage\",\"@id\":\"https:\/\/resest.com\/ca\/vida-a-la-residencia\/que-portar-residencia-estudiants\/\",\"url\":\"https:\/\/resest.com\/ca\/vida-a-la-residencia\/que-portar-residencia-estudiants\/\",\"name\":\"Guia Essencial: El que Has de Portar a la teva Resid\u00e8ncia d'Estudiants - Resest\",\"isPartOf\":{\"@id\":\"https:\/\/resest.com\/ca\/#website\"},\"primaryImageOfPage\":{\"@id\":\"https:\/\/resest.com\/ca\/vida-a-la-residencia\/que-portar-residencia-estudiants\/#primaryimage\"},\"image\":{\"@id\":\"https:\/\/resest.com\/ca\/vida-a-la-residencia\/que-portar-residencia-estudiants\/#primaryimage\"},\"thumbnailUrl\":\"https:\/\/resest.com\/wp-content\/uploads\/2024\/03\/que-llevar-residencia-estudiantes.jpg\",\"datePublished\":\"2024-03-14T11:13:12+00:00\",\"dateModified\":\"2024-03-14T12:32:22+00:00\",\"description\":\"Prepara't per a la vida estudiantil amb la nostra guia essencial del que has de portar a Resest. Descobreix els elements indispensables per fer de la teva resid\u00e8ncia una llar acollidora i funcional. Vis\u00edtans.\",\"breadcrumb\":{\"@id\":\"https:\/\/resest.com\/ca\/vida-a-la-residencia\/que-portar-residencia-estudiants\/#breadcrumb\"},\"inLanguage\":\"ca-ES\",\"potentialAction\":[{\"@type\":\"ReadAction\",\"target\":[\"https:\/\/resest.com\/ca\/vida-a-la-residencia\/que-portar-residencia-estudiants\/\"]}]},{\"@type\":\"ImageObject\",\"inLanguage\":\"ca-ES\",\"@id\":\"https:\/\/resest.com\/ca\/vida-a-la-residencia\/que-portar-residencia-estudiants\/#primaryimage\",\"url\":\"https:\/\/resest.com\/wp-content\/uploads\/2024\/03\/que-llevar-residencia-estudiantes.jpg\",\"contentUrl\":\"https:\/\/resest.com\/wp-content\/uploads\/2024\/03\/que-llevar-residencia-estudiantes.jpg\",\"width\":1200,\"height\":800,\"caption\":\"que llevar a una residencia de estudiantes\"},{\"@type\":\"BreadcrumbList\",\"@id\":\"https:\/\/resest.com\/ca\/vida-a-la-residencia\/que-portar-residencia-estudiants\/#breadcrumb\",\"itemListElement\":[{\"@type\":\"ListItem\",\"position\":1,\"name\":\"Inici\",\"item\":\"https:\/\/resest.com\/ca\/\"},{\"@type\":\"ListItem\",\"position\":2,\"name\":\"Guia Essencial: El que Has de Portar a la teva Resid\u00e8ncia d&#8217;Estudiants\"}]},{\"@type\":\"WebSite\",\"@id\":\"https:\/\/resest.com\/ca\/#website\",\"url\":\"https:\/\/resest.com\/ca\/\",\"name\":\"Resid\u00e8ncia d&#039;Estudiants l&#039;Estaci\u00f3 de Sabadell | Resest\",\"description\":\"Prop de l\u2019Universitat Aut\u00f2noma de Barcelona (UAB)\",\"publisher\":{\"@id\":\"https:\/\/resest.com\/ca\/#organization\"},\"potentialAction\":[{\"@type\":\"SearchAction\",\"target\":{\"@type\":\"EntryPoint\",\"urlTemplate\":\"https:\/\/resest.com\/ca\/?s={search_term_string}\"},\"query-input\":{\"@type\":\"PropertyValueSpecification\",\"valueRequired\":true,\"valueName\":\"search_term_string\"}}],\"inLanguage\":\"ca-ES\"},{\"@type\":\"Organization\",\"@id\":\"https:\/\/resest.com\/ca\/#organization\",\"name\":\"Resid\u00e8ncia d&#039;Estudiants l&#039;Estaci\u00f3 de Sabadell | Resest\",\"url\":\"https:\/\/resest.com\/ca\/\",\"logo\":{\"@type\":\"ImageObject\",\"inLanguage\":\"ca-ES\",\"@id\":\"https:\/\/resest.com\/ca\/#\/schema\/logo\/image\/\",\"url\":\"https:\/\/resest.com\/wp-content\/uploads\/2024\/03\/Facana-1.jpg\",\"contentUrl\":\"https:\/\/resest.com\/wp-content\/uploads\/2024\/03\/Facana-1.jpg\",\"width\":1200,\"height\":1009,\"caption\":\"Resid\u00e8ncia d&#039;Estudiants l&#039;Estaci\u00f3 de Sabadell | Resest\"},\"image\":{\"@id\":\"https:\/\/resest.com\/ca\/#\/schema\/logo\/image\/\"}},{\"@type\":\"Person\",\"@id\":\"https:\/\/resest.com\/ca\/#\/schema\/person\/d9965768ae08730dafc3a7c835fcc47c\",\"name\":\"Resest\",\"image\":{\"@type\":\"ImageObject\",\"inLanguage\":\"ca-ES\",\"@id\":\"https:\/\/resest.com\/ca\/#\/schema\/person\/image\/\",\"url\":\"https:\/\/secure.gravatar.com\/avatar\/0c7509c85c836ff68bc43efa415976254ed1463e7bbc3edf38a658092e29e5b4?s=96&d=mm&r=g\",\"contentUrl\":\"https:\/\/secure.gravatar.com\/avatar\/0c7509c85c836ff68bc43efa415976254ed1463e7bbc3edf38a658092e29e5b4?s=96&d=mm&r=g\",\"caption\":\"Resest\"},\"url\":\"https:\/\/resest.com\/ca\/author\/jordi\/\"}]}<\/script>\n<!-- \/ Yoast SEO plugin. -->","yoast_head_json":{"title":"Guia Essencial: El que Has de Portar a la teva Resid\u00e8ncia d'Estudiants - Resest","description":"Prepara't per a la vida estudiantil amb la nostra guia essencial del que has de portar a Resest. Descobreix els elements indispensables per fer de la teva resid\u00e8ncia una llar acollidora i funcional. Vis\u00edtans.","robots":{"index":"index","follow":"follow","max-snippet":"max-snippet:-1","max-image-preview":"max-image-preview:large","max-video-preview":"max-video-preview:-1"},"canonical":"https:\/\/resest.com\/ca\/vida-a-la-residencia\/que-portar-residencia-estudiants\/","og_locale":"ca_ES","og_type":"article","og_title":"Guia Essencial: El que Has de Portar a la teva Resid\u00e8ncia d'Estudiants - Resest","og_description":"Prepara't per a la vida estudiantil amb la nostra guia essencial del que has de portar a Resest. Descobreix els elements indispensables per fer de la teva resid\u00e8ncia una llar acollidora i funcional. Vis\u00edtans.","og_url":"https:\/\/resest.com\/ca\/vida-a-la-residencia\/que-portar-residencia-estudiants\/","og_site_name":"Resid\u00e8ncia d&#039;Estudiants l&#039;Estaci\u00f3 de Sabadell | Resest","article_published_time":"2024-03-14T11:13:12+00:00","article_modified_time":"2024-03-14T12:32:22+00:00","og_image":[{"width":1200,"height":800,"url":"https:\/\/resest.com\/wp-content\/uploads\/2024\/03\/que-llevar-residencia-estudiantes.jpg","type":"image\/jpeg"}],"author":"Resest","twitter_misc":{"Written by":"Resest","Est. reading time":"3 minutes"},"schema":{"@context":"https:\/\/schema.org","@graph":[{"@type":"Article","@id":"https:\/\/resest.com\/ca\/vida-a-la-residencia\/que-portar-residencia-estudiants\/#article","isPartOf":{"@id":"https:\/\/resest.com\/ca\/vida-a-la-residencia\/que-portar-residencia-estudiants\/"},"author":{"name":"Resest","@id":"https:\/\/resest.com\/ca\/#\/schema\/person\/d9965768ae08730dafc3a7c835fcc47c"},"headline":"Guia Essencial: El que Has de Portar a la teva Resid\u00e8ncia d&#8217;Estudiants","datePublished":"2024-03-14T11:13:12+00:00","dateModified":"2024-03-14T12:32:22+00:00","mainEntityOfPage":{"@id":"https:\/\/resest.com\/ca\/vida-a-la-residencia\/que-portar-residencia-estudiants\/"},"wordCount":496,"commentCount":0,"publisher":{"@id":"https:\/\/resest.com\/ca\/#organization"},"image":{"@id":"https:\/\/resest.com\/ca\/vida-a-la-residencia\/que-portar-residencia-estudiants\/#primaryimage"},"thumbnailUrl":"https:\/\/resest.com\/wp-content\/uploads\/2024\/03\/que-llevar-residencia-estudiantes.jpg","articleSection":["Vida a la Resid\u00e8ncia"],"inLanguage":"ca-ES","potentialAction":[{"@type":"CommentAction","name":"Comment","target":["https:\/\/resest.com\/ca\/vida-a-la-residencia\/que-portar-residencia-estudiants\/#respond"]}]},{"@type":"WebPage","@id":"https:\/\/resest.com\/ca\/vida-a-la-residencia\/que-portar-residencia-estudiants\/","url":"https:\/\/resest.com\/ca\/vida-a-la-residencia\/que-portar-residencia-estudiants\/","name":"Guia Essencial: El que Has de Portar a la teva Resid\u00e8ncia d'Estudiants - Resest","isPartOf":{"@id":"https:\/\/resest.com\/ca\/#website"},"primaryImageOfPage":{"@id":"https:\/\/resest.com\/ca\/vida-a-la-residencia\/que-portar-residencia-estudiants\/#primaryimage"},"image":{"@id":"https:\/\/resest.com\/ca\/vida-a-la-residencia\/que-portar-residencia-estudiants\/#primaryimage"},"thumbnailUrl":"https:\/\/resest.com\/wp-content\/uploads\/2024\/03\/que-llevar-residencia-estudiantes.jpg","datePublished":"2024-03-14T11:13:12+00:00","dateModified":"2024-03-14T12:32:22+00:00","description":"Prepara't per a la vida estudiantil amb la nostra guia essencial del que has de portar a Resest. Descobreix els elements indispensables per fer de la teva resid\u00e8ncia una llar acollidora i funcional. Vis\u00edtans.","breadcrumb":{"@id":"https:\/\/resest.com\/ca\/vida-a-la-residencia\/que-portar-residencia-estudiants\/#breadcrumb"},"inLanguage":"ca-ES","potentialAction":[{"@type":"ReadAction","target":["https:\/\/resest.com\/ca\/vida-a-la-residencia\/que-portar-residencia-estudiants\/"]}]},{"@type":"ImageObject","inLanguage":"ca-ES","@id":"https:\/\/resest.com\/ca\/vida-a-la-residencia\/que-portar-residencia-estudiants\/#primaryimage","url":"https:\/\/resest.com\/wp-content\/uploads\/2024\/03\/que-llevar-residencia-estudiantes.jpg","contentUrl":"https:\/\/resest.com\/wp-content\/uploads\/2024\/03\/que-llevar-residencia-estudiantes.jpg","width":1200,"height":800,"caption":"que llevar a una residencia de estudiantes"},{"@type":"BreadcrumbList","@id":"https:\/\/resest.com\/ca\/vida-a-la-residencia\/que-portar-residencia-estudiants\/#breadcrumb","itemListElement":[{"@type":"ListItem","position":1,"name":"Inici","item":"https:\/\/resest.com\/ca\/"},{"@type":"ListItem","position":2,"name":"Guia Essencial: El que Has de Portar a la teva Resid\u00e8ncia d&#8217;Estudiants"}]},{"@type":"WebSite","@id":"https:\/\/resest.com\/ca\/#website","url":"https:\/\/resest.com\/ca\/","name":"Resid\u00e8ncia d&#039;Estudiants l&#039;Estaci\u00f3 de Sabadell | Resest","description":"Prop de l\u2019Universitat Aut\u00f2noma de Barcelona (UAB)","publisher":{"@id":"https:\/\/resest.com\/ca\/#organization"},"potentialAction":[{"@type":"SearchAction","target":{"@type":"EntryPoint","urlTemplate":"https:\/\/resest.com\/ca\/?s={search_term_string}"},"query-input":{"@type":"PropertyValueSpecification","valueRequired":true,"valueName":"search_term_string"}}],"inLanguage":"ca-ES"},{"@type":"Organization","@id":"https:\/\/resest.com\/ca\/#organization","name":"Resid\u00e8ncia d&#039;Estudiants l&#039;Estaci\u00f3 de Sabadell | Resest","url":"https:\/\/resest.com\/ca\/","logo":{"@type":"ImageObject","inLanguage":"ca-ES","@id":"https:\/\/resest.com\/ca\/#\/schema\/logo\/image\/","url":"https:\/\/resest.com\/wp-content\/uploads\/2024\/03\/Facana-1.jpg","contentUrl":"https:\/\/resest.com\/wp-content\/uploads\/2024\/03\/Facana-1.jpg","width":1200,"height":1009,"caption":"Resid\u00e8ncia d&#039;Estudiants l&#039;Estaci\u00f3 de Sabadell | Resest"},"image":{"@id":"https:\/\/resest.com\/ca\/#\/schema\/logo\/image\/"}},{"@type":"Person","@id":"https:\/\/resest.com\/ca\/#\/schema\/person\/d9965768ae08730dafc3a7c835fcc47c","name":"Resest","image":{"@type":"ImageObject","inLanguage":"ca-ES","@id":"https:\/\/resest.com\/ca\/#\/schema\/person\/image\/","url":"https:\/\/secure.gravatar.com\/avatar\/0c7509c85c836ff68bc43efa415976254ed1463e7bbc3edf38a658092e29e5b4?s=96&d=mm&r=g","contentUrl":"https:\/\/secure.gravatar.com\/avatar\/0c7509c85c836ff68bc43efa415976254ed1463e7bbc3edf38a658092e29e5b4?s=96&d=mm&r=g","caption":"Resest"},"url":"https:\/\/resest.com\/ca\/author\/jordi\/"}]}},"_links":{"self":[{"href":"https:\/\/resest.com\/ca\/wp-json\/wp\/v2\/posts\/11329","targetHints":{"allow":["GET"]}}],"collection":[{"href":"https:\/\/resest.com\/ca\/wp-json\/wp\/v2\/posts"}],"about":[{"href":"https:\/\/resest.com\/ca\/wp-json\/wp\/v2\/types\/post"}],"author":[{"embeddable":true,"href":"https:\/\/resest.com\/ca\/wp-json\/wp\/v2\/users\/1"}],"replies":[{"embeddable":true,"href":"https:\/\/resest.com\/ca\/wp-json\/wp\/v2\/comments?post=11329"}],"version-history":[{"count":0,"href":"https:\/\/resest.com\/ca\/wp-json\/wp\/v2\/posts\/11329\/revisions"}],"wp:featuredmedia":[{"embeddable":true,"href":"https:\/\/resest.com\/ca\/wp-json\/wp\/v2\/media\/11322"}],"wp:attachment":[{"href":"https:\/\/resest.com\/ca\/wp-json\/wp\/v2\/media?parent=11329"}],"wp:term":[{"taxonomy":"category","embeddable":true,"href":"https:\/\/resest.com\/ca\/wp-json\/wp\/v2\/categories?post=11329"},{"taxonomy":"post_tag","embeddable":true,"href":"https:\/\/resest.com\/ca\/wp-json\/wp\/v2\/tags?post=11329"}],"curies":[{"name":"wp","href":"https:\/\/api.w.org\/{rel}","templated":true}]}}