{"id":11104,"date":"2023-12-22T10:00:50","date_gmt":"2023-12-22T09:00:50","guid":{"rendered":"https:\/\/resest.com\/?p=11104"},"modified":"2024-01-04T16:32:06","modified_gmt":"2024-01-04T15:32:06","slug":"celebracio-nadalenca-a-resest-compartint-alegria-en-familia","status":"publish","type":"post","link":"https:\/\/resest.com\/ca\/vida-a-la-residencia\/celebracio-nadalenca-a-resest-compartint-alegria-en-familia\/","title":{"rendered":"Celebraci\u00f3 Nadalenca a Resest: Compartint Alegria en Fam\u00edlia"},"content":{"rendered":"\n<p>El Nadal \u00e9s una \u00e8poca que ens agrada passar amb les persones que m\u00e9s volem. Amb la conviv\u00e8ncia del dia a dia, els residents han format una petita fam\u00edlia i el 19 de desembre passat, tots i totes van poder celebrar el <strong>Sopar de Nadal de la <a href=\"https:\/\/resest.com\/ca\/\">Resid\u00e8ncia<\/a>.<\/strong><\/p>\n\n\n\n<h2 class=\"wp-block-heading\">Un Banquet Nadalenc Especial<\/h2>\n\n\n\n<p>Van poder gaudir d&#8217;un <strong>men\u00fa especial <\/strong>per a l&#8217;ocasi\u00f3 abans que marxin a passar les festes amb les fam\u00edlies. La veritat \u00e9s que volem donar-vos les gr\u00e0cies per ajudar-nos a crear aquest ambient tan acollidor dins de la Resid\u00e8ncia.<\/p>\n\n\n\n<h2 class=\"wp-block-heading\">Diversi\u00f3 i Esperit Nadalenc<\/h2>\n\n\n\n<p>Aqu\u00ed t&#8217;ensenyem algunes de les <strong>fotos del sopar, <\/strong>fins i tot hi va haver qui va incorporar un &#8220;dresscode&#8221; nadalenc.<\/p>\n\n\n\n<figure class=\"wp-block-image size-full\"><a href=\"https:\/\/resest.com\/wp-content\/uploads\/2023\/12\/Captura-de-pantalla-2023-12-22-095952-1.png\"><img loading=\"lazy\" decoding=\"async\" width=\"842\" height=\"675\" src=\"https:\/\/resest.com\/wp-content\/uploads\/2023\/12\/Captura-de-pantalla-2023-12-22-095952-1.png\" alt=\"residencia d'estudiants sabadell\" class=\"wp-image-11105\" srcset=\"https:\/\/resest.com\/wp-content\/uploads\/2023\/12\/Captura-de-pantalla-2023-12-22-095952-1.png 842w, https:\/\/resest.com\/wp-content\/uploads\/2023\/12\/Captura-de-pantalla-2023-12-22-095952-1-300x240.png 300w, https:\/\/resest.com\/wp-content\/uploads\/2023\/12\/Captura-de-pantalla-2023-12-22-095952-1-768x616.png 768w\" sizes=\"auto, (max-width: 842px) 100vw, 842px\" \/><\/a><\/figure>\n\n\n\n<p>El sopar de <a href=\"https:\/\/resest.com\/ca\/vida-de-lestudiant\/3-mercats-nadal-prop-sabadell\/\">Nadal <\/a>a Resest va ser un moment per <strong>compartir alegria, bon \u00e0pat i la companyia <a href=\"https:\/\/resest.com\/ca\/vida-de-lestudiant\/idees-regal-amic-invisible-creatives-economiques-resest\/\">d&#8217;amics <\/a><\/strong>que s&#8217;han convertit en fam\u00edlia. Agra\u00efm a tots els residents per fer de la nostra resid\u00e8ncia un lloc c\u00e0lid i acollidor. Que la m\u00e0gia del Nadal il\u00b7lumini els vostres cors i que el proper any estigui ple d&#8217;alegria i \u00e8xits!<\/p>\n\n\n\n<p><strong>Bones Festes i un Pr\u00f2sper Any Nou des de Resest! \ud83c\udf89\ud83c\udf81\u2728<\/strong><\/p>\n\n\n\n<figure class=\"wp-block-gallery has-nested-images columns-default is-cropped wp-block-gallery-1 is-layout-flex wp-block-gallery-is-layout-flex\">\n<figure class=\"wp-block-image size-large\"><a href=\"https:\/\/resest.com\/wp-content\/uploads\/2024\/01\/WhatsApp-Image-2023-12-19-at-22.06.28-1.jpeg\"><img loading=\"lazy\" decoding=\"async\" width=\"768\" height=\"1024\" data-id=\"11143\" src=\"https:\/\/resest.com\/wp-content\/uploads\/2024\/01\/WhatsApp-Image-2023-12-19-at-22.06.28-1-768x1024.jpeg\" alt=\"residencia universitaria sabadell\" class=\"wp-image-11143\" srcset=\"https:\/\/resest.com\/wp-content\/uploads\/2024\/01\/WhatsApp-Image-2023-12-19-at-22.06.28-1-768x1024.jpeg 768w, https:\/\/resest.com\/wp-content\/uploads\/2024\/01\/WhatsApp-Image-2023-12-19-at-22.06.28-1-225x300.jpeg 225w, https:\/\/resest.com\/wp-content\/uploads\/2024\/01\/WhatsApp-Image-2023-12-19-at-22.06.28-1.jpeg 900w\" sizes=\"auto, (max-width: 768px) 100vw, 768px\" \/><\/a><\/figure>\n\n\n\n<figure class=\"wp-block-image size-large\"><a href=\"https:\/\/resest.com\/wp-content\/uploads\/2024\/01\/WhatsApp-Image-2023-12-19-at-22.04.58-2.jpeg\"><img loading=\"lazy\" decoding=\"async\" width=\"1024\" height=\"768\" data-id=\"11136\" src=\"https:\/\/resest.com\/wp-content\/uploads\/2024\/01\/WhatsApp-Image-2023-12-19-at-22.04.58-2-1024x768.jpeg\" alt=\"residencia estudiantil bellaterra\" class=\"wp-image-11136\" srcset=\"https:\/\/resest.com\/wp-content\/uploads\/2024\/01\/WhatsApp-Image-2023-12-19-at-22.04.58-2-1024x768.jpeg 1024w, https:\/\/resest.com\/wp-content\/uploads\/2024\/01\/WhatsApp-Image-2023-12-19-at-22.04.58-2-300x225.jpeg 300w, https:\/\/resest.com\/wp-content\/uploads\/2024\/01\/WhatsApp-Image-2023-12-19-at-22.04.58-2-768x576.jpeg 768w, https:\/\/resest.com\/wp-content\/uploads\/2024\/01\/WhatsApp-Image-2023-12-19-at-22.04.58-2.jpeg 1200w\" sizes=\"auto, (max-width: 1024px) 100vw, 1024px\" \/><\/a><\/figure>\n\n\n\n<figure class=\"wp-block-image size-large\"><a href=\"https:\/\/resest.com\/wp-content\/uploads\/2024\/01\/WhatsApp-Image-2023-12-19-at-22.04.58-1-1.jpeg\"><img loading=\"lazy\" decoding=\"async\" width=\"1024\" height=\"768\" data-id=\"11135\" src=\"https:\/\/resest.com\/wp-content\/uploads\/2024\/01\/WhatsApp-Image-2023-12-19-at-22.04.58-1-1-1024x768.jpeg\" alt=\"resid\u00e8ncia estudiants uab\" class=\"wp-image-11135\" srcset=\"https:\/\/resest.com\/wp-content\/uploads\/2024\/01\/WhatsApp-Image-2023-12-19-at-22.04.58-1-1-1024x768.jpeg 1024w, https:\/\/resest.com\/wp-content\/uploads\/2024\/01\/WhatsApp-Image-2023-12-19-at-22.04.58-1-1-300x225.jpeg 300w, https:\/\/resest.com\/wp-content\/uploads\/2024\/01\/WhatsApp-Image-2023-12-19-at-22.04.58-1-1-768x576.jpeg 768w, https:\/\/resest.com\/wp-content\/uploads\/2024\/01\/WhatsApp-Image-2023-12-19-at-22.04.58-1-1.jpeg 1200w\" sizes=\"auto, (max-width: 1024px) 100vw, 1024px\" \/><\/a><\/figure>\n\n\n\n<figure class=\"wp-block-image size-large\"><a href=\"https:\/\/resest.com\/wp-content\/uploads\/2024\/01\/Sopar-Nadal-2023.png\"><img loading=\"lazy\" decoding=\"async\" width=\"724\" height=\"1024\" data-id=\"11147\" src=\"https:\/\/resest.com\/wp-content\/uploads\/2024\/01\/Sopar-Nadal-2023-724x1024.png\" alt=\"alojamiento estudiantes barcelona\" class=\"wp-image-11147\" srcset=\"https:\/\/resest.com\/wp-content\/uploads\/2024\/01\/Sopar-Nadal-2023-724x1024.png 724w, https:\/\/resest.com\/wp-content\/uploads\/2024\/01\/Sopar-Nadal-2023-212x300.png 212w, https:\/\/resest.com\/wp-content\/uploads\/2024\/01\/Sopar-Nadal-2023-768x1087.png 768w, https:\/\/resest.com\/wp-content\/uploads\/2024\/01\/Sopar-Nadal-2023.png 848w\" sizes=\"auto, (max-width: 724px) 100vw, 724px\" \/><\/a><\/figure>\n<\/figure>\n","protected":false},"excerpt":{"rendered":"<p>El Nadal \u00e9s una \u00e8poca que ens agrada passar amb les persones que m\u00e9s volem. Amb la conviv\u00e8ncia del dia a dia, els residents han format una petita fam\u00edlia i el 19 de desembre passat, tots i totes van poder celebrar el Sopar de Nadal de la Resid\u00e8ncia. Un Banquet Nadalenc Especial Van poder gaudir&hellip;<\/p>\n","protected":false},"author":1,"featured_media":11096,"comment_status":"open","ping_status":"open","sticky":false,"template":"","format":"standard","meta":{"footnotes":""},"categories":[49],"tags":[],"class_list":["post-11104","post","type-post","status-publish","format-standard","has-post-thumbnail","hentry","category-vida-a-la-residencia","entry","has-media"],"yoast_head":"<!-- This site is optimized with the Yoast SEO plugin v26.4 - https:\/\/yoast.com\/wordpress\/plugins\/seo\/ -->\n<title>Sopar de Nadal a Resest: Compartint Alegria<\/title>\n<meta name=\"description\" content=\"Reviu la m\u00e0gia del nostre Sopar de Nadal a Resest, on residents es converteixen en fam\u00edlia. Descobriu les fotos i l&#039;esperit nadalenc.\" \/>\n<meta name=\"robots\" content=\"index, follow, max-snippet:-1, max-image-preview:large, max-video-preview:-1\" \/>\n<link rel=\"canonical\" href=\"https:\/\/resest.com\/ca\/vida-a-la-residencia\/celebracio-nadalenca-a-resest-compartint-alegria-en-familia\/\" \/>\n<meta property=\"og:locale\" content=\"ca_ES\" \/>\n<meta property=\"og:type\" content=\"article\" \/>\n<meta property=\"og:title\" content=\"Sopar de Nadal a Resest: Compartint Alegria\" \/>\n<meta property=\"og:description\" content=\"Reviu la m\u00e0gia del nostre Sopar de Nadal a Resest, on residents es converteixen en fam\u00edlia. Descobriu les fotos i l&#039;esperit nadalenc.\" \/>\n<meta property=\"og:url\" content=\"https:\/\/resest.com\/ca\/vida-a-la-residencia\/celebracio-nadalenca-a-resest-compartint-alegria-en-familia\/\" \/>\n<meta property=\"og:site_name\" content=\"Resid\u00e8ncia d&#039;Estudiants l&#039;Estaci\u00f3 de Sabadell | Resest\" \/>\n<meta property=\"article:published_time\" content=\"2023-12-22T09:00:50+00:00\" \/>\n<meta property=\"article:modified_time\" content=\"2024-01-04T15:32:06+00:00\" \/>\n<meta property=\"og:image\" content=\"https:\/\/resest.com\/wp-content\/uploads\/2023\/12\/Captura-de-pantalla-2023-12-22-095859.png\" \/>\n\t<meta property=\"og:image:width\" content=\"891\" \/>\n\t<meta property=\"og:image:height\" content=\"641\" \/>\n\t<meta property=\"og:image:type\" content=\"image\/png\" \/>\n<meta name=\"author\" content=\"Resest\" \/>\n<meta name=\"twitter:label1\" content=\"Written by\" \/>\n\t<meta name=\"twitter:data1\" content=\"Resest\" \/>\n\t<meta name=\"twitter:label2\" content=\"Est. reading time\" \/>\n\t<meta name=\"twitter:data2\" content=\"3 minutes\" \/>\n<script type=\"application\/ld+json\" class=\"yoast-schema-graph\">{\"@context\":\"https:\/\/schema.org\",\"@graph\":[{\"@type\":\"Article\",\"@id\":\"https:\/\/resest.com\/ca\/vida-a-la-residencia\/celebracio-nadalenca-a-resest-compartint-alegria-en-familia\/#article\",\"isPartOf\":{\"@id\":\"https:\/\/resest.com\/ca\/vida-a-la-residencia\/celebracio-nadalenca-a-resest-compartint-alegria-en-familia\/\"},\"author\":{\"name\":\"Resest\",\"@id\":\"https:\/\/resest.com\/ca\/#\/schema\/person\/d9965768ae08730dafc3a7c835fcc47c\"},\"headline\":\"Celebraci\u00f3 Nadalenca a Resest: Compartint Alegria en Fam\u00edlia\",\"datePublished\":\"2023-12-22T09:00:50+00:00\",\"dateModified\":\"2024-01-04T15:32:06+00:00\",\"mainEntityOfPage\":{\"@id\":\"https:\/\/resest.com\/ca\/vida-a-la-residencia\/celebracio-nadalenca-a-resest-compartint-alegria-en-familia\/\"},\"wordCount\":212,\"commentCount\":0,\"publisher\":{\"@id\":\"https:\/\/resest.com\/ca\/#organization\"},\"image\":{\"@id\":\"https:\/\/resest.com\/ca\/vida-a-la-residencia\/celebracio-nadalenca-a-resest-compartint-alegria-en-familia\/#primaryimage\"},\"thumbnailUrl\":\"https:\/\/resest.com\/wp-content\/uploads\/2023\/12\/Captura-de-pantalla-2023-12-22-095859.png\",\"articleSection\":[\"Vida a la Resid\u00e8ncia\"],\"inLanguage\":\"ca-ES\",\"potentialAction\":[{\"@type\":\"CommentAction\",\"name\":\"Comment\",\"target\":[\"https:\/\/resest.com\/ca\/vida-a-la-residencia\/celebracio-nadalenca-a-resest-compartint-alegria-en-familia\/#respond\"]}]},{\"@type\":\"WebPage\",\"@id\":\"https:\/\/resest.com\/ca\/vida-a-la-residencia\/celebracio-nadalenca-a-resest-compartint-alegria-en-familia\/\",\"url\":\"https:\/\/resest.com\/ca\/vida-a-la-residencia\/celebracio-nadalenca-a-resest-compartint-alegria-en-familia\/\",\"name\":\"Sopar de Nadal a Resest: Compartint Alegria\",\"isPartOf\":{\"@id\":\"https:\/\/resest.com\/ca\/#website\"},\"primaryImageOfPage\":{\"@id\":\"https:\/\/resest.com\/ca\/vida-a-la-residencia\/celebracio-nadalenca-a-resest-compartint-alegria-en-familia\/#primaryimage\"},\"image\":{\"@id\":\"https:\/\/resest.com\/ca\/vida-a-la-residencia\/celebracio-nadalenca-a-resest-compartint-alegria-en-familia\/#primaryimage\"},\"thumbnailUrl\":\"https:\/\/resest.com\/wp-content\/uploads\/2023\/12\/Captura-de-pantalla-2023-12-22-095859.png\",\"datePublished\":\"2023-12-22T09:00:50+00:00\",\"dateModified\":\"2024-01-04T15:32:06+00:00\",\"description\":\"Reviu la m\u00e0gia del nostre Sopar de Nadal a Resest, on residents es converteixen en fam\u00edlia. Descobriu les fotos i l'esperit nadalenc.\",\"breadcrumb\":{\"@id\":\"https:\/\/resest.com\/ca\/vida-a-la-residencia\/celebracio-nadalenca-a-resest-compartint-alegria-en-familia\/#breadcrumb\"},\"inLanguage\":\"ca-ES\",\"potentialAction\":[{\"@type\":\"ReadAction\",\"target\":[\"https:\/\/resest.com\/ca\/vida-a-la-residencia\/celebracio-nadalenca-a-resest-compartint-alegria-en-familia\/\"]}]},{\"@type\":\"ImageObject\",\"inLanguage\":\"ca-ES\",\"@id\":\"https:\/\/resest.com\/ca\/vida-a-la-residencia\/celebracio-nadalenca-a-resest-compartint-alegria-en-familia\/#primaryimage\",\"url\":\"https:\/\/resest.com\/wp-content\/uploads\/2023\/12\/Captura-de-pantalla-2023-12-22-095859.png\",\"contentUrl\":\"https:\/\/resest.com\/wp-content\/uploads\/2023\/12\/Captura-de-pantalla-2023-12-22-095859.png\",\"width\":891,\"height\":641,\"caption\":\"cena de navidad\"},{\"@type\":\"BreadcrumbList\",\"@id\":\"https:\/\/resest.com\/ca\/vida-a-la-residencia\/celebracio-nadalenca-a-resest-compartint-alegria-en-familia\/#breadcrumb\",\"itemListElement\":[{\"@type\":\"ListItem\",\"position\":1,\"name\":\"Inici\",\"item\":\"https:\/\/resest.com\/ca\/\"},{\"@type\":\"ListItem\",\"position\":2,\"name\":\"Celebraci\u00f3 Nadalenca a Resest: Compartint Alegria en Fam\u00edlia\"}]},{\"@type\":\"WebSite\",\"@id\":\"https:\/\/resest.com\/ca\/#website\",\"url\":\"https:\/\/resest.com\/ca\/\",\"name\":\"Resid\u00e8ncia d&#039;Estudiants l&#039;Estaci\u00f3 de Sabadell | Resest\",\"description\":\"Prop de l\u2019Universitat Aut\u00f2noma de Barcelona (UAB)\",\"publisher\":{\"@id\":\"https:\/\/resest.com\/ca\/#organization\"},\"potentialAction\":[{\"@type\":\"SearchAction\",\"target\":{\"@type\":\"EntryPoint\",\"urlTemplate\":\"https:\/\/resest.com\/ca\/?s={search_term_string}\"},\"query-input\":{\"@type\":\"PropertyValueSpecification\",\"valueRequired\":true,\"valueName\":\"search_term_string\"}}],\"inLanguage\":\"ca-ES\"},{\"@type\":\"Organization\",\"@id\":\"https:\/\/resest.com\/ca\/#organization\",\"name\":\"Resid\u00e8ncia d&#039;Estudiants l&#039;Estaci\u00f3 de Sabadell | Resest\",\"url\":\"https:\/\/resest.com\/ca\/\",\"logo\":{\"@type\":\"ImageObject\",\"inLanguage\":\"ca-ES\",\"@id\":\"https:\/\/resest.com\/ca\/#\/schema\/logo\/image\/\",\"url\":\"https:\/\/resest.com\/wp-content\/uploads\/2024\/03\/Facana-1.jpg\",\"contentUrl\":\"https:\/\/resest.com\/wp-content\/uploads\/2024\/03\/Facana-1.jpg\",\"width\":1200,\"height\":1009,\"caption\":\"Resid\u00e8ncia d&#039;Estudiants l&#039;Estaci\u00f3 de Sabadell | Resest\"},\"image\":{\"@id\":\"https:\/\/resest.com\/ca\/#\/schema\/logo\/image\/\"}},{\"@type\":\"Person\",\"@id\":\"https:\/\/resest.com\/ca\/#\/schema\/person\/d9965768ae08730dafc3a7c835fcc47c\",\"name\":\"Resest\",\"image\":{\"@type\":\"ImageObject\",\"inLanguage\":\"ca-ES\",\"@id\":\"https:\/\/resest.com\/ca\/#\/schema\/person\/image\/\",\"url\":\"https:\/\/secure.gravatar.com\/avatar\/0c7509c85c836ff68bc43efa415976254ed1463e7bbc3edf38a658092e29e5b4?s=96&d=mm&r=g\",\"contentUrl\":\"https:\/\/secure.gravatar.com\/avatar\/0c7509c85c836ff68bc43efa415976254ed1463e7bbc3edf38a658092e29e5b4?s=96&d=mm&r=g\",\"caption\":\"Resest\"},\"url\":\"https:\/\/resest.com\/ca\/author\/jordi\/\"}]}<\/script>\n<!-- \/ Yoast SEO plugin. -->","yoast_head_json":{"title":"Sopar de Nadal a Resest: Compartint Alegria","description":"Reviu la m\u00e0gia del nostre Sopar de Nadal a Resest, on residents es converteixen en fam\u00edlia. Descobriu les fotos i l'esperit nadalenc.","robots":{"index":"index","follow":"follow","max-snippet":"max-snippet:-1","max-image-preview":"max-image-preview:large","max-video-preview":"max-video-preview:-1"},"canonical":"https:\/\/resest.com\/ca\/vida-a-la-residencia\/celebracio-nadalenca-a-resest-compartint-alegria-en-familia\/","og_locale":"ca_ES","og_type":"article","og_title":"Sopar de Nadal a Resest: Compartint Alegria","og_description":"Reviu la m\u00e0gia del nostre Sopar de Nadal a Resest, on residents es converteixen en fam\u00edlia. Descobriu les fotos i l'esperit nadalenc.","og_url":"https:\/\/resest.com\/ca\/vida-a-la-residencia\/celebracio-nadalenca-a-resest-compartint-alegria-en-familia\/","og_site_name":"Resid\u00e8ncia d&#039;Estudiants l&#039;Estaci\u00f3 de Sabadell | Resest","article_published_time":"2023-12-22T09:00:50+00:00","article_modified_time":"2024-01-04T15:32:06+00:00","og_image":[{"width":891,"height":641,"url":"https:\/\/resest.com\/wp-content\/uploads\/2023\/12\/Captura-de-pantalla-2023-12-22-095859.png","type":"image\/png"}],"author":"Resest","twitter_misc":{"Written by":"Resest","Est. reading time":"3 minutes"},"schema":{"@context":"https:\/\/schema.org","@graph":[{"@type":"Article","@id":"https:\/\/resest.com\/ca\/vida-a-la-residencia\/celebracio-nadalenca-a-resest-compartint-alegria-en-familia\/#article","isPartOf":{"@id":"https:\/\/resest.com\/ca\/vida-a-la-residencia\/celebracio-nadalenca-a-resest-compartint-alegria-en-familia\/"},"author":{"name":"Resest","@id":"https:\/\/resest.com\/ca\/#\/schema\/person\/d9965768ae08730dafc3a7c835fcc47c"},"headline":"Celebraci\u00f3 Nadalenca a Resest: Compartint Alegria en Fam\u00edlia","datePublished":"2023-12-22T09:00:50+00:00","dateModified":"2024-01-04T15:32:06+00:00","mainEntityOfPage":{"@id":"https:\/\/resest.com\/ca\/vida-a-la-residencia\/celebracio-nadalenca-a-resest-compartint-alegria-en-familia\/"},"wordCount":212,"commentCount":0,"publisher":{"@id":"https:\/\/resest.com\/ca\/#organization"},"image":{"@id":"https:\/\/resest.com\/ca\/vida-a-la-residencia\/celebracio-nadalenca-a-resest-compartint-alegria-en-familia\/#primaryimage"},"thumbnailUrl":"https:\/\/resest.com\/wp-content\/uploads\/2023\/12\/Captura-de-pantalla-2023-12-22-095859.png","articleSection":["Vida a la Resid\u00e8ncia"],"inLanguage":"ca-ES","potentialAction":[{"@type":"CommentAction","name":"Comment","target":["https:\/\/resest.com\/ca\/vida-a-la-residencia\/celebracio-nadalenca-a-resest-compartint-alegria-en-familia\/#respond"]}]},{"@type":"WebPage","@id":"https:\/\/resest.com\/ca\/vida-a-la-residencia\/celebracio-nadalenca-a-resest-compartint-alegria-en-familia\/","url":"https:\/\/resest.com\/ca\/vida-a-la-residencia\/celebracio-nadalenca-a-resest-compartint-alegria-en-familia\/","name":"Sopar de Nadal a Resest: Compartint Alegria","isPartOf":{"@id":"https:\/\/resest.com\/ca\/#website"},"primaryImageOfPage":{"@id":"https:\/\/resest.com\/ca\/vida-a-la-residencia\/celebracio-nadalenca-a-resest-compartint-alegria-en-familia\/#primaryimage"},"image":{"@id":"https:\/\/resest.com\/ca\/vida-a-la-residencia\/celebracio-nadalenca-a-resest-compartint-alegria-en-familia\/#primaryimage"},"thumbnailUrl":"https:\/\/resest.com\/wp-content\/uploads\/2023\/12\/Captura-de-pantalla-2023-12-22-095859.png","datePublished":"2023-12-22T09:00:50+00:00","dateModified":"2024-01-04T15:32:06+00:00","description":"Reviu la m\u00e0gia del nostre Sopar de Nadal a Resest, on residents es converteixen en fam\u00edlia. Descobriu les fotos i l'esperit nadalenc.","breadcrumb":{"@id":"https:\/\/resest.com\/ca\/vida-a-la-residencia\/celebracio-nadalenca-a-resest-compartint-alegria-en-familia\/#breadcrumb"},"inLanguage":"ca-ES","potentialAction":[{"@type":"ReadAction","target":["https:\/\/resest.com\/ca\/vida-a-la-residencia\/celebracio-nadalenca-a-resest-compartint-alegria-en-familia\/"]}]},{"@type":"ImageObject","inLanguage":"ca-ES","@id":"https:\/\/resest.com\/ca\/vida-a-la-residencia\/celebracio-nadalenca-a-resest-compartint-alegria-en-familia\/#primaryimage","url":"https:\/\/resest.com\/wp-content\/uploads\/2023\/12\/Captura-de-pantalla-2023-12-22-095859.png","contentUrl":"https:\/\/resest.com\/wp-content\/uploads\/2023\/12\/Captura-de-pantalla-2023-12-22-095859.png","width":891,"height":641,"caption":"cena de navidad"},{"@type":"BreadcrumbList","@id":"https:\/\/resest.com\/ca\/vida-a-la-residencia\/celebracio-nadalenca-a-resest-compartint-alegria-en-familia\/#breadcrumb","itemListElement":[{"@type":"ListItem","position":1,"name":"Inici","item":"https:\/\/resest.com\/ca\/"},{"@type":"ListItem","position":2,"name":"Celebraci\u00f3 Nadalenca a Resest: Compartint Alegria en Fam\u00edlia"}]},{"@type":"WebSite","@id":"https:\/\/resest.com\/ca\/#website","url":"https:\/\/resest.com\/ca\/","name":"Resid\u00e8ncia d&#039;Estudiants l&#039;Estaci\u00f3 de Sabadell | Resest","description":"Prop de l\u2019Universitat Aut\u00f2noma de Barcelona (UAB)","publisher":{"@id":"https:\/\/resest.com\/ca\/#organization"},"potentialAction":[{"@type":"SearchAction","target":{"@type":"EntryPoint","urlTemplate":"https:\/\/resest.com\/ca\/?s={search_term_string}"},"query-input":{"@type":"PropertyValueSpecification","valueRequired":true,"valueName":"search_term_string"}}],"inLanguage":"ca-ES"},{"@type":"Organization","@id":"https:\/\/resest.com\/ca\/#organization","name":"Resid\u00e8ncia d&#039;Estudiants l&#039;Estaci\u00f3 de Sabadell | Resest","url":"https:\/\/resest.com\/ca\/","logo":{"@type":"ImageObject","inLanguage":"ca-ES","@id":"https:\/\/resest.com\/ca\/#\/schema\/logo\/image\/","url":"https:\/\/resest.com\/wp-content\/uploads\/2024\/03\/Facana-1.jpg","contentUrl":"https:\/\/resest.com\/wp-content\/uploads\/2024\/03\/Facana-1.jpg","width":1200,"height":1009,"caption":"Resid\u00e8ncia d&#039;Estudiants l&#039;Estaci\u00f3 de Sabadell | Resest"},"image":{"@id":"https:\/\/resest.com\/ca\/#\/schema\/logo\/image\/"}},{"@type":"Person","@id":"https:\/\/resest.com\/ca\/#\/schema\/person\/d9965768ae08730dafc3a7c835fcc47c","name":"Resest","image":{"@type":"ImageObject","inLanguage":"ca-ES","@id":"https:\/\/resest.com\/ca\/#\/schema\/person\/image\/","url":"https:\/\/secure.gravatar.com\/avatar\/0c7509c85c836ff68bc43efa415976254ed1463e7bbc3edf38a658092e29e5b4?s=96&d=mm&r=g","contentUrl":"https:\/\/secure.gravatar.com\/avatar\/0c7509c85c836ff68bc43efa415976254ed1463e7bbc3edf38a658092e29e5b4?s=96&d=mm&r=g","caption":"Resest"},"url":"https:\/\/resest.com\/ca\/author\/jordi\/"}]}},"_links":{"self":[{"href":"https:\/\/resest.com\/ca\/wp-json\/wp\/v2\/posts\/11104","targetHints":{"allow":["GET"]}}],"collection":[{"href":"https:\/\/resest.com\/ca\/wp-json\/wp\/v2\/posts"}],"about":[{"href":"https:\/\/resest.com\/ca\/wp-json\/wp\/v2\/types\/post"}],"author":[{"embeddable":true,"href":"https:\/\/resest.com\/ca\/wp-json\/wp\/v2\/users\/1"}],"replies":[{"embeddable":true,"href":"https:\/\/resest.com\/ca\/wp-json\/wp\/v2\/comments?post=11104"}],"version-history":[{"count":0,"href":"https:\/\/resest.com\/ca\/wp-json\/wp\/v2\/posts\/11104\/revisions"}],"wp:featuredmedia":[{"embeddable":true,"href":"https:\/\/resest.com\/ca\/wp-json\/wp\/v2\/media\/11096"}],"wp:attachment":[{"href":"https:\/\/resest.com\/ca\/wp-json\/wp\/v2\/media?parent=11104"}],"wp:term":[{"taxonomy":"category","embeddable":true,"href":"https:\/\/resest.com\/ca\/wp-json\/wp\/v2\/categories?post=11104"},{"taxonomy":"post_tag","embeddable":true,"href":"https:\/\/resest.com\/ca\/wp-json\/wp\/v2\/tags?post=11104"}],"curies":[{"name":"wp","href":"https:\/\/api.w.org\/{rel}","templated":true}]}}