{"id":11062,"date":"2023-11-24T08:47:09","date_gmt":"2023-11-24T07:47:09","guid":{"rendered":"https:\/\/resest.com\/?p=11062"},"modified":"2023-11-24T08:57:36","modified_gmt":"2023-11-24T07:57:36","slug":"plans-nadalencs-a-barcelona-i-rodalies","status":"publish","type":"post","link":"https:\/\/resest.com\/ca\/activitats-i-oci\/plans-nadalencs-a-barcelona-i-rodalies\/","title":{"rendered":"Plans nadalencs a Barcelona i rodalies"},"content":{"rendered":"\n<p>El Nadal ha arribat a Barcelona, i\u00a0a <a href=\"https:\/\/resest.com\/ca\/\">Resest<\/a>, et convidem a submergir-te en la m\u00e0gica atmosfera que els <strong>plans nadalencs de Barcelona<\/strong> ofereixen aquesta temporada. Des d&#8217;encantadors <strong>mercats nadalencs<\/strong> fins a espectacles plens de<strong> llum i color<\/strong>, Barcelona es converteix en l&#8217;escenari perfecte per celebrar el Nadal d&#8217;una manera \u00fanica. Descobreix amb nosaltres els millors <strong>plans nadalencs a Barcelona i els seus voltants<\/strong>.<\/p>\n\n\n\n<h2 class=\"wp-block-heading\"><strong>Mercats Nadalencs: Sumeu-te en la Tradici\u00f3<\/strong><\/h2>\n\n\n\n<p>Barcelona es vesteix de gala durant el Nadal amb els seus mercats plens de llums i colors. Dir\u00edgeix-te al <strong>mercat de Santa Ll\u00facia<\/strong>, un dels m\u00e9s antics de la ciutat, on trobar\u00e0s artesania, decoracions festives i del\u00edcies gastron\u00f2miques. Sumeu-te en la <strong>tradici\u00f3 <\/strong>i porta amb un<strong> peda\u00e7 del Nadal barcelon\u00ed.<\/strong><\/p>\n\n\n\n<h2 class=\"wp-block-heading\"><strong>Patinar sobre Gel en Ple Centre<\/strong><\/h2>\n\n\n\n<p>Qu\u00e8 tal una<strong> experi\u00e8ncia hivernal en ple cor de Barcelona<\/strong>? La<strong> pista de gel a la Pla\u00e7a Catalunya<\/strong> t&#8217;espera. Envoltat de la impressionant arquitectura de la ciutat, <strong>patinar sobre gel<\/strong> es converteix en una activitat festiva que et far\u00e0 sentir la m\u00e0gia de la temporada.<\/p>\n\n\n\n<h2 class=\"wp-block-heading\"><strong>Espectacles Nadalencs: Teatre i M\u00e0gia<\/strong><\/h2>\n\n\n\n<p>Barcelona ofereix una \u00e0mplia varietat d<strong>&#8216;espectacles nadalencs per a<\/strong> tots els gustos. Des de <strong>cl\u00e0ssics teatrals<\/strong> fins<strong> a actuacions de m\u00e0gia<\/strong>, hi ha alguna cosa per a cada amant de l&#8217;entreteniment. Consulta la programaci\u00f3 dels teatres locals i descobreix com la cultura i la m\u00e0gia s&#8217;entrellacen en aquesta \u00e8poca de l&#8217;any.<\/p>\n\n\n\n<h2 class=\"wp-block-heading\"><strong>Llums de Nadal a Pobles Propers: Un Passeig M\u00e0gic<\/strong><\/h2>\n\n\n\n<p>Aprofita la rodalia de Barcelona a encantadors pobles i ciutats i explora els seus<strong> llums nadalencs.<\/strong> Localitats com<strong> Sitges o Montserrat ofereixen experi\u00e8ncies m\u00e9s tranquil\u00b7les i pintoresques<\/strong>, perfectes per escapar del bullici de la ciutat mentre gaudeixes de la m\u00e0gia nadalenca.<\/p>\n\n\n\n<h2 class=\"wp-block-heading\"><strong>Sopar de la nit de Nadal a Restaurants Emblem\u00e0tics<\/strong><\/h2>\n\n\n\n<p>Celebra la nit de Nadal en un dels<strong> restaurants emblem\u00e0tics de Barcelona<\/strong>. Gaudeix d&#8217;un sopar festiu amb sabors catalans i brinda per la temporada en un <strong>ambient acollidor i elegant.<\/strong> Reserva amb antelaci\u00f3 per assegurar el teu lloc en una vetllada gastron\u00f2mica \u00fanica.<\/p>\n\n\n\n<p>A Resest, entenem la import\u00e0ncia de fer<strong> plans nadalencs memorables<\/strong> durant la teva estada a Barcelona. Visita <a href=\"https:\/\/resest.com\/ca\/la-residencia-estudiants-sabadell-barcelona-bellaterra\/\">resid\u00e8ncia d&#8217;estudiants<\/a> i descobreix la nostra <strong>connexi\u00f3 excel\u00b7lent amb Barcelona i Sabadell<\/strong>, el que pot fer del teu Nadal una \u00e8poca inoblidable. T&#8217;esperem per compartir amb la m\u00e0gia d&#8217;aquesta temporada a la germana Barcelona!<\/p>\n","protected":false},"excerpt":{"rendered":"<p>El Nadal ha arribat a Barcelona, i\u00a0a Resest, et convidem a submergir-te en la m\u00e0gica atmosfera que els plans nadalencs de Barcelona ofereixen aquesta temporada. Des d&#8217;encantadors mercats nadalencs fins a espectacles plens de llum i color, Barcelona es converteix en l&#8217;escenari perfecte per celebrar el Nadal d&#8217;una manera \u00fanica. Descobreix amb nosaltres els millors&hellip;<\/p>\n","protected":false},"author":1,"featured_media":11054,"comment_status":"open","ping_status":"open","sticky":false,"template":"","format":"standard","meta":{"footnotes":""},"categories":[51],"tags":[],"class_list":["post-11062","post","type-post","status-publish","format-standard","has-post-thumbnail","hentry","category-activitats-i-oci","entry","has-media"],"yoast_head":"<!-- This site is optimized with the Yoast SEO plugin v26.4 - https:\/\/yoast.com\/wordpress\/plugins\/seo\/ -->\n<title>Gaudeix dels Plans Nadalencs a Barcelona - Resest<\/title>\n<meta name=\"description\" content=\"Viu la m\u00e0gia del nadal i descobreix plans nadalencs a Barcelona, des de mercats festius fins a patinatge a la Pla\u00e7a Catalunya. Vis\u00edtans i descobreix m\u00e9s.\" \/>\n<meta name=\"robots\" content=\"index, follow, max-snippet:-1, max-image-preview:large, max-video-preview:-1\" \/>\n<link rel=\"canonical\" href=\"https:\/\/resest.com\/ca\/activitats-i-oci\/plans-nadalencs-a-barcelona-i-rodalies\/\" \/>\n<meta property=\"og:locale\" content=\"ca_ES\" \/>\n<meta property=\"og:type\" content=\"article\" \/>\n<meta property=\"og:title\" content=\"Gaudeix dels Plans Nadalencs a Barcelona - Resest\" \/>\n<meta property=\"og:description\" content=\"Viu la m\u00e0gia del nadal i descobreix plans nadalencs a Barcelona, des de mercats festius fins a patinatge a la Pla\u00e7a Catalunya. Vis\u00edtans i descobreix m\u00e9s.\" \/>\n<meta property=\"og:url\" content=\"https:\/\/resest.com\/ca\/activitats-i-oci\/plans-nadalencs-a-barcelona-i-rodalies\/\" \/>\n<meta property=\"og:site_name\" content=\"Resid\u00e8ncia d&#039;Estudiants l&#039;Estaci\u00f3 de Sabadell | Resest\" \/>\n<meta property=\"article:published_time\" content=\"2023-11-24T07:47:09+00:00\" \/>\n<meta property=\"article:modified_time\" content=\"2023-11-24T07:57:36+00:00\" \/>\n<meta property=\"og:image\" content=\"https:\/\/resest.com\/wp-content\/uploads\/2023\/11\/planes-navidenos-en-Barcelona.jpg\" \/>\n\t<meta property=\"og:image:width\" content=\"1200\" \/>\n\t<meta property=\"og:image:height\" content=\"800\" \/>\n\t<meta property=\"og:image:type\" content=\"image\/jpeg\" \/>\n<meta name=\"author\" content=\"Resest\" \/>\n<meta name=\"twitter:label1\" content=\"Written by\" \/>\n\t<meta name=\"twitter:data1\" content=\"Resest\" \/>\n\t<meta name=\"twitter:label2\" content=\"Est. reading time\" \/>\n\t<meta name=\"twitter:data2\" content=\"3 minutes\" \/>\n<script type=\"application\/ld+json\" class=\"yoast-schema-graph\">{\"@context\":\"https:\/\/schema.org\",\"@graph\":[{\"@type\":\"Article\",\"@id\":\"https:\/\/resest.com\/ca\/activitats-i-oci\/plans-nadalencs-a-barcelona-i-rodalies\/#article\",\"isPartOf\":{\"@id\":\"https:\/\/resest.com\/ca\/activitats-i-oci\/plans-nadalencs-a-barcelona-i-rodalies\/\"},\"author\":{\"name\":\"Resest\",\"@id\":\"https:\/\/resest.com\/ca\/#\/schema\/person\/d9965768ae08730dafc3a7c835fcc47c\"},\"headline\":\"Plans nadalencs a Barcelona i rodalies\",\"datePublished\":\"2023-11-24T07:47:09+00:00\",\"dateModified\":\"2023-11-24T07:57:36+00:00\",\"mainEntityOfPage\":{\"@id\":\"https:\/\/resest.com\/ca\/activitats-i-oci\/plans-nadalencs-a-barcelona-i-rodalies\/\"},\"wordCount\":424,\"commentCount\":0,\"publisher\":{\"@id\":\"https:\/\/resest.com\/ca\/#organization\"},\"image\":{\"@id\":\"https:\/\/resest.com\/ca\/activitats-i-oci\/plans-nadalencs-a-barcelona-i-rodalies\/#primaryimage\"},\"thumbnailUrl\":\"https:\/\/resest.com\/wp-content\/uploads\/2023\/11\/planes-navidenos-en-Barcelona.jpg\",\"articleSection\":[\"Qu\u00e8 fer a Sabadell i Barcelona\"],\"inLanguage\":\"ca-ES\",\"potentialAction\":[{\"@type\":\"CommentAction\",\"name\":\"Comment\",\"target\":[\"https:\/\/resest.com\/ca\/activitats-i-oci\/plans-nadalencs-a-barcelona-i-rodalies\/#respond\"]}]},{\"@type\":\"WebPage\",\"@id\":\"https:\/\/resest.com\/ca\/activitats-i-oci\/plans-nadalencs-a-barcelona-i-rodalies\/\",\"url\":\"https:\/\/resest.com\/ca\/activitats-i-oci\/plans-nadalencs-a-barcelona-i-rodalies\/\",\"name\":\"Gaudeix dels Plans Nadalencs a Barcelona - Resest\",\"isPartOf\":{\"@id\":\"https:\/\/resest.com\/ca\/#website\"},\"primaryImageOfPage\":{\"@id\":\"https:\/\/resest.com\/ca\/activitats-i-oci\/plans-nadalencs-a-barcelona-i-rodalies\/#primaryimage\"},\"image\":{\"@id\":\"https:\/\/resest.com\/ca\/activitats-i-oci\/plans-nadalencs-a-barcelona-i-rodalies\/#primaryimage\"},\"thumbnailUrl\":\"https:\/\/resest.com\/wp-content\/uploads\/2023\/11\/planes-navidenos-en-Barcelona.jpg\",\"datePublished\":\"2023-11-24T07:47:09+00:00\",\"dateModified\":\"2023-11-24T07:57:36+00:00\",\"description\":\"Viu la m\u00e0gia del nadal i descobreix plans nadalencs a Barcelona, des de mercats festius fins a patinatge a la Pla\u00e7a Catalunya. Vis\u00edtans i descobreix m\u00e9s.\",\"breadcrumb\":{\"@id\":\"https:\/\/resest.com\/ca\/activitats-i-oci\/plans-nadalencs-a-barcelona-i-rodalies\/#breadcrumb\"},\"inLanguage\":\"ca-ES\",\"potentialAction\":[{\"@type\":\"ReadAction\",\"target\":[\"https:\/\/resest.com\/ca\/activitats-i-oci\/plans-nadalencs-a-barcelona-i-rodalies\/\"]}]},{\"@type\":\"ImageObject\",\"inLanguage\":\"ca-ES\",\"@id\":\"https:\/\/resest.com\/ca\/activitats-i-oci\/plans-nadalencs-a-barcelona-i-rodalies\/#primaryimage\",\"url\":\"https:\/\/resest.com\/wp-content\/uploads\/2023\/11\/planes-navidenos-en-Barcelona.jpg\",\"contentUrl\":\"https:\/\/resest.com\/wp-content\/uploads\/2023\/11\/planes-navidenos-en-Barcelona.jpg\",\"width\":1200,\"height\":800,\"caption\":\"planes navide\u00f1os en Barcelona\"},{\"@type\":\"BreadcrumbList\",\"@id\":\"https:\/\/resest.com\/ca\/activitats-i-oci\/plans-nadalencs-a-barcelona-i-rodalies\/#breadcrumb\",\"itemListElement\":[{\"@type\":\"ListItem\",\"position\":1,\"name\":\"Inici\",\"item\":\"https:\/\/resest.com\/ca\/\"},{\"@type\":\"ListItem\",\"position\":2,\"name\":\"Plans nadalencs a Barcelona i rodalies\"}]},{\"@type\":\"WebSite\",\"@id\":\"https:\/\/resest.com\/ca\/#website\",\"url\":\"https:\/\/resest.com\/ca\/\",\"name\":\"Resid\u00e8ncia d&#039;Estudiants l&#039;Estaci\u00f3 de Sabadell | Resest\",\"description\":\"Prop de l\u2019Universitat Aut\u00f2noma de Barcelona (UAB)\",\"publisher\":{\"@id\":\"https:\/\/resest.com\/ca\/#organization\"},\"potentialAction\":[{\"@type\":\"SearchAction\",\"target\":{\"@type\":\"EntryPoint\",\"urlTemplate\":\"https:\/\/resest.com\/ca\/?s={search_term_string}\"},\"query-input\":{\"@type\":\"PropertyValueSpecification\",\"valueRequired\":true,\"valueName\":\"search_term_string\"}}],\"inLanguage\":\"ca-ES\"},{\"@type\":\"Organization\",\"@id\":\"https:\/\/resest.com\/ca\/#organization\",\"name\":\"Resid\u00e8ncia d&#039;Estudiants l&#039;Estaci\u00f3 de Sabadell | Resest\",\"url\":\"https:\/\/resest.com\/ca\/\",\"logo\":{\"@type\":\"ImageObject\",\"inLanguage\":\"ca-ES\",\"@id\":\"https:\/\/resest.com\/ca\/#\/schema\/logo\/image\/\",\"url\":\"https:\/\/resest.com\/wp-content\/uploads\/2024\/03\/Facana-1.jpg\",\"contentUrl\":\"https:\/\/resest.com\/wp-content\/uploads\/2024\/03\/Facana-1.jpg\",\"width\":1200,\"height\":1009,\"caption\":\"Resid\u00e8ncia d&#039;Estudiants l&#039;Estaci\u00f3 de Sabadell | Resest\"},\"image\":{\"@id\":\"https:\/\/resest.com\/ca\/#\/schema\/logo\/image\/\"}},{\"@type\":\"Person\",\"@id\":\"https:\/\/resest.com\/ca\/#\/schema\/person\/d9965768ae08730dafc3a7c835fcc47c\",\"name\":\"Resest\",\"image\":{\"@type\":\"ImageObject\",\"inLanguage\":\"ca-ES\",\"@id\":\"https:\/\/resest.com\/ca\/#\/schema\/person\/image\/\",\"url\":\"https:\/\/secure.gravatar.com\/avatar\/0c7509c85c836ff68bc43efa415976254ed1463e7bbc3edf38a658092e29e5b4?s=96&d=mm&r=g\",\"contentUrl\":\"https:\/\/secure.gravatar.com\/avatar\/0c7509c85c836ff68bc43efa415976254ed1463e7bbc3edf38a658092e29e5b4?s=96&d=mm&r=g\",\"caption\":\"Resest\"},\"url\":\"https:\/\/resest.com\/ca\/author\/jordi\/\"}]}<\/script>\n<!-- \/ Yoast SEO plugin. -->","yoast_head_json":{"title":"Gaudeix dels Plans Nadalencs a Barcelona - Resest","description":"Viu la m\u00e0gia del nadal i descobreix plans nadalencs a Barcelona, des de mercats festius fins a patinatge a la Pla\u00e7a Catalunya. Vis\u00edtans i descobreix m\u00e9s.","robots":{"index":"index","follow":"follow","max-snippet":"max-snippet:-1","max-image-preview":"max-image-preview:large","max-video-preview":"max-video-preview:-1"},"canonical":"https:\/\/resest.com\/ca\/activitats-i-oci\/plans-nadalencs-a-barcelona-i-rodalies\/","og_locale":"ca_ES","og_type":"article","og_title":"Gaudeix dels Plans Nadalencs a Barcelona - Resest","og_description":"Viu la m\u00e0gia del nadal i descobreix plans nadalencs a Barcelona, des de mercats festius fins a patinatge a la Pla\u00e7a Catalunya. Vis\u00edtans i descobreix m\u00e9s.","og_url":"https:\/\/resest.com\/ca\/activitats-i-oci\/plans-nadalencs-a-barcelona-i-rodalies\/","og_site_name":"Resid\u00e8ncia d&#039;Estudiants l&#039;Estaci\u00f3 de Sabadell | Resest","article_published_time":"2023-11-24T07:47:09+00:00","article_modified_time":"2023-11-24T07:57:36+00:00","og_image":[{"width":1200,"height":800,"url":"https:\/\/resest.com\/wp-content\/uploads\/2023\/11\/planes-navidenos-en-Barcelona.jpg","type":"image\/jpeg"}],"author":"Resest","twitter_misc":{"Written by":"Resest","Est. reading time":"3 minutes"},"schema":{"@context":"https:\/\/schema.org","@graph":[{"@type":"Article","@id":"https:\/\/resest.com\/ca\/activitats-i-oci\/plans-nadalencs-a-barcelona-i-rodalies\/#article","isPartOf":{"@id":"https:\/\/resest.com\/ca\/activitats-i-oci\/plans-nadalencs-a-barcelona-i-rodalies\/"},"author":{"name":"Resest","@id":"https:\/\/resest.com\/ca\/#\/schema\/person\/d9965768ae08730dafc3a7c835fcc47c"},"headline":"Plans nadalencs a Barcelona i rodalies","datePublished":"2023-11-24T07:47:09+00:00","dateModified":"2023-11-24T07:57:36+00:00","mainEntityOfPage":{"@id":"https:\/\/resest.com\/ca\/activitats-i-oci\/plans-nadalencs-a-barcelona-i-rodalies\/"},"wordCount":424,"commentCount":0,"publisher":{"@id":"https:\/\/resest.com\/ca\/#organization"},"image":{"@id":"https:\/\/resest.com\/ca\/activitats-i-oci\/plans-nadalencs-a-barcelona-i-rodalies\/#primaryimage"},"thumbnailUrl":"https:\/\/resest.com\/wp-content\/uploads\/2023\/11\/planes-navidenos-en-Barcelona.jpg","articleSection":["Qu\u00e8 fer a Sabadell i Barcelona"],"inLanguage":"ca-ES","potentialAction":[{"@type":"CommentAction","name":"Comment","target":["https:\/\/resest.com\/ca\/activitats-i-oci\/plans-nadalencs-a-barcelona-i-rodalies\/#respond"]}]},{"@type":"WebPage","@id":"https:\/\/resest.com\/ca\/activitats-i-oci\/plans-nadalencs-a-barcelona-i-rodalies\/","url":"https:\/\/resest.com\/ca\/activitats-i-oci\/plans-nadalencs-a-barcelona-i-rodalies\/","name":"Gaudeix dels Plans Nadalencs a Barcelona - Resest","isPartOf":{"@id":"https:\/\/resest.com\/ca\/#website"},"primaryImageOfPage":{"@id":"https:\/\/resest.com\/ca\/activitats-i-oci\/plans-nadalencs-a-barcelona-i-rodalies\/#primaryimage"},"image":{"@id":"https:\/\/resest.com\/ca\/activitats-i-oci\/plans-nadalencs-a-barcelona-i-rodalies\/#primaryimage"},"thumbnailUrl":"https:\/\/resest.com\/wp-content\/uploads\/2023\/11\/planes-navidenos-en-Barcelona.jpg","datePublished":"2023-11-24T07:47:09+00:00","dateModified":"2023-11-24T07:57:36+00:00","description":"Viu la m\u00e0gia del nadal i descobreix plans nadalencs a Barcelona, des de mercats festius fins a patinatge a la Pla\u00e7a Catalunya. Vis\u00edtans i descobreix m\u00e9s.","breadcrumb":{"@id":"https:\/\/resest.com\/ca\/activitats-i-oci\/plans-nadalencs-a-barcelona-i-rodalies\/#breadcrumb"},"inLanguage":"ca-ES","potentialAction":[{"@type":"ReadAction","target":["https:\/\/resest.com\/ca\/activitats-i-oci\/plans-nadalencs-a-barcelona-i-rodalies\/"]}]},{"@type":"ImageObject","inLanguage":"ca-ES","@id":"https:\/\/resest.com\/ca\/activitats-i-oci\/plans-nadalencs-a-barcelona-i-rodalies\/#primaryimage","url":"https:\/\/resest.com\/wp-content\/uploads\/2023\/11\/planes-navidenos-en-Barcelona.jpg","contentUrl":"https:\/\/resest.com\/wp-content\/uploads\/2023\/11\/planes-navidenos-en-Barcelona.jpg","width":1200,"height":800,"caption":"planes navide\u00f1os en Barcelona"},{"@type":"BreadcrumbList","@id":"https:\/\/resest.com\/ca\/activitats-i-oci\/plans-nadalencs-a-barcelona-i-rodalies\/#breadcrumb","itemListElement":[{"@type":"ListItem","position":1,"name":"Inici","item":"https:\/\/resest.com\/ca\/"},{"@type":"ListItem","position":2,"name":"Plans nadalencs a Barcelona i rodalies"}]},{"@type":"WebSite","@id":"https:\/\/resest.com\/ca\/#website","url":"https:\/\/resest.com\/ca\/","name":"Resid\u00e8ncia d&#039;Estudiants l&#039;Estaci\u00f3 de Sabadell | Resest","description":"Prop de l\u2019Universitat Aut\u00f2noma de Barcelona (UAB)","publisher":{"@id":"https:\/\/resest.com\/ca\/#organization"},"potentialAction":[{"@type":"SearchAction","target":{"@type":"EntryPoint","urlTemplate":"https:\/\/resest.com\/ca\/?s={search_term_string}"},"query-input":{"@type":"PropertyValueSpecification","valueRequired":true,"valueName":"search_term_string"}}],"inLanguage":"ca-ES"},{"@type":"Organization","@id":"https:\/\/resest.com\/ca\/#organization","name":"Resid\u00e8ncia d&#039;Estudiants l&#039;Estaci\u00f3 de Sabadell | Resest","url":"https:\/\/resest.com\/ca\/","logo":{"@type":"ImageObject","inLanguage":"ca-ES","@id":"https:\/\/resest.com\/ca\/#\/schema\/logo\/image\/","url":"https:\/\/resest.com\/wp-content\/uploads\/2024\/03\/Facana-1.jpg","contentUrl":"https:\/\/resest.com\/wp-content\/uploads\/2024\/03\/Facana-1.jpg","width":1200,"height":1009,"caption":"Resid\u00e8ncia d&#039;Estudiants l&#039;Estaci\u00f3 de Sabadell | Resest"},"image":{"@id":"https:\/\/resest.com\/ca\/#\/schema\/logo\/image\/"}},{"@type":"Person","@id":"https:\/\/resest.com\/ca\/#\/schema\/person\/d9965768ae08730dafc3a7c835fcc47c","name":"Resest","image":{"@type":"ImageObject","inLanguage":"ca-ES","@id":"https:\/\/resest.com\/ca\/#\/schema\/person\/image\/","url":"https:\/\/secure.gravatar.com\/avatar\/0c7509c85c836ff68bc43efa415976254ed1463e7bbc3edf38a658092e29e5b4?s=96&d=mm&r=g","contentUrl":"https:\/\/secure.gravatar.com\/avatar\/0c7509c85c836ff68bc43efa415976254ed1463e7bbc3edf38a658092e29e5b4?s=96&d=mm&r=g","caption":"Resest"},"url":"https:\/\/resest.com\/ca\/author\/jordi\/"}]}},"_links":{"self":[{"href":"https:\/\/resest.com\/ca\/wp-json\/wp\/v2\/posts\/11062","targetHints":{"allow":["GET"]}}],"collection":[{"href":"https:\/\/resest.com\/ca\/wp-json\/wp\/v2\/posts"}],"about":[{"href":"https:\/\/resest.com\/ca\/wp-json\/wp\/v2\/types\/post"}],"author":[{"embeddable":true,"href":"https:\/\/resest.com\/ca\/wp-json\/wp\/v2\/users\/1"}],"replies":[{"embeddable":true,"href":"https:\/\/resest.com\/ca\/wp-json\/wp\/v2\/comments?post=11062"}],"version-history":[{"count":0,"href":"https:\/\/resest.com\/ca\/wp-json\/wp\/v2\/posts\/11062\/revisions"}],"wp:featuredmedia":[{"embeddable":true,"href":"https:\/\/resest.com\/ca\/wp-json\/wp\/v2\/media\/11054"}],"wp:attachment":[{"href":"https:\/\/resest.com\/ca\/wp-json\/wp\/v2\/media?parent=11062"}],"wp:term":[{"taxonomy":"category","embeddable":true,"href":"https:\/\/resest.com\/ca\/wp-json\/wp\/v2\/categories?post=11062"},{"taxonomy":"post_tag","embeddable":true,"href":"https:\/\/resest.com\/ca\/wp-json\/wp\/v2\/tags?post=11062"}],"curies":[{"name":"wp","href":"https:\/\/api.w.org\/{rel}","templated":true}]}}