{"id":10946,"date":"2023-08-22T08:50:12","date_gmt":"2023-08-22T06:50:12","guid":{"rendered":"https:\/\/resest.com\/?p=10946"},"modified":"2023-08-22T08:56:25","modified_gmt":"2023-08-22T06:56:25","slug":"consells-per-a-una-vida-equilibrada-com-a-estudiant-universitari-cuida-el-teu-benestar-fisic-mental-i-emocional","status":"publish","type":"post","link":"https:\/\/resest.com\/ca\/vida-de-lestudiant\/consells-per-a-una-vida-equilibrada-com-a-estudiant-universitari-cuida-el-teu-benestar-fisic-mental-i-emocional\/","title":{"rendered":"Consells per a una vida equilibrada com a estudiant universitari: Cuida el teu benestar f\u00edsic, mental i emocional"},"content":{"rendered":"\n<p>Mantenir un equilibri saludable entre el benestar f\u00edsic, mental i emocional \u00e9s fonamental pels estudiants universitaris. En aquest article, et proporcionarem consells pr\u00e0ctics per cuidar cada aspecte del teu benestar i trobar un equilibri a la teva vida universit\u00e0ria.<\/p>\n\n\n\n<h2 class=\"wp-block-heading\">Cuidant el teu benestar f\u00edsic: Alimentaci\u00f3, exercici i descans<\/h2>\n\n\n\n<p>Descobreix la import\u00e0ncia <a href=\"https:\/\/resest.com\/ca\/vida-de-lestudiant\/receptes-facils-per-a-estudiants-sense-temps-menjar-delicios-en-minuts\/\">d&#8217;una alimentaci\u00f3 equilibrada<\/a> i com proporcionar al cos els nutrients que necessita, fins i tot amb una agenda ocupada de classes i estudis. Explora diferents formes d&#8217;exercici f\u00edsic que s&#8217;adaptin als teus gustos i necessitats i apr\u00e8n a establir una rutina d&#8217;activitat f\u00edsica regular. A m\u00e9s, descobreix la import\u00e0ncia del descans i les t\u00e8cniques per millorar la qualitat del teu somni, malgrat les demandes acad\u00e8miques.<\/p>\n\n\n\n<h2 class=\"wp-block-heading\">Tenint cura del teu benestar mental: Estrat\u00e8gies per manejar l&#8217;estr\u00e8s i cultivar la resili\u00e8ncia<\/h2>\n\n\n\n<p>Apr\u00e8n a <a href=\"https:\/\/resest.com\/ca\/vida-de-lestudiant\/claus-per-aprendre-com-estudiar-sense-estressar-se-durant-la-vida-universitaria\/\">identificar l&#8217;estr\u00e8s acad\u00e8mic<\/a> i descobreix estrat\u00e8gies efectives per gestionar-lo, com a t\u00e8cniques de relaxaci\u00f3, meditaci\u00f3 i organitzaci\u00f3 del temps. Explora activitats que t&#8217;ajudin a alliberar tensions i mantenir un equilibri mental, com ara practicar hobbies, llegir, escriure o fer exercici. A m\u00e9s, descobreix com cultivar la resili\u00e8ncia i desenvolupar una mentalitat positiva davant dels desafiaments universitaris.<\/p>\n\n\n\n<h2 class=\"wp-block-heading\">Cuidant el teu benestar emocional: Cultivant relacions saludables i gestionant emocions<\/h2>\n\n\n\n<p>Explora la import\u00e0ncia de cultivar relacions saludables amb companys destudi, amics i familiars durant la teva vida universit\u00e0ria. Apr\u00e8n t\u00e8cniques de comunicaci\u00f3 assertiva i maneig de conflictes per construir relacions s\u00f2lides i mantenir un suport emocional. A m\u00e9s, descobreix com gestionar les teves emocions de manera saludable, practicant l&#8217;autoconeixement, l&#8217;empatia i cercant suport quan ho necessitis.<\/p>\n\n\n\n<h2 class=\"wp-block-heading\">Integrant el benestar a la teva rutina universit\u00e0ria: Planificaci\u00f3 i autocura<\/h2>\n\n\n\n<p>Descobreix la import\u00e0ncia d&#8217;integrar la cura del teu benestar a la teva rutina universit\u00e0ria. Apr\u00e8n a establir metes realistes i prioritzar les activitats acad\u00e8miques i personals segons els valors i les necessitats. Explora diferents formes d&#8217;autocura, com ara practicar la gratitud, mantenir una actitud positiva, establir l\u00edmits saludables i reservar temps per a tu mateix. Troba l&#8217;equilibri entre les teves responsabilitats acad\u00e8miques i els moments de descans i gaudi.<\/p>\n\n\n\n<p>Tenir cura del teu benestar f\u00edsic, mental i emocional com a estudiant universitari \u00e9s essencial per tenir una vida equilibrada i satisfact\u00f2ria. Segueix aquests consells pr\u00e0ctics per alimentar-te adequadament, exercitar-te regularment, manejar l&#8217;estr\u00e8s i cultivar relacions saludables. Recordeu que trobar l&#8217;equilibri entre les vostres responsabilitats acad\u00e8miques i el vostre benestar personal \u00e9s clau per tenir \u00e8xit i gaudir d&#8217;una experi\u00e8ncia universit\u00e0ria plena. Fes de la cura del teu benestar una prioritat i gaudeix d&#8217;una vida equilibrada com a estudiant universitari!<\/p>\n","protected":false},"excerpt":{"rendered":"<p>Mantenir un equilibri saludable entre el benestar f\u00edsic, mental i emocional \u00e9s fonamental pels estudiants universitaris. En aquest article, et proporcionarem consells pr\u00e0ctics per cuidar cada aspecte del teu benestar i trobar un equilibri a la teva vida universit\u00e0ria. Cuidant el teu benestar f\u00edsic: Alimentaci\u00f3, exercici i descans Descobreix la import\u00e0ncia d&#8217;una alimentaci\u00f3 equilibrada i&hellip;<\/p>\n","protected":false},"author":1,"featured_media":10947,"comment_status":"open","ping_status":"open","sticky":false,"template":"","format":"standard","meta":{"footnotes":""},"categories":[50],"tags":[],"class_list":["post-10946","post","type-post","status-publish","format-standard","has-post-thumbnail","hentry","category-vida-de-lestudiant","entry","has-media"],"yoast_head":"<!-- This site is optimized with the Yoast SEO plugin v26.4 - https:\/\/yoast.com\/wordpress\/plugins\/seo\/ -->\n<title>Vida equilibrada per a estudiants: Cuida el teu benestar \u2013 Resest<\/title>\n<meta name=\"description\" content=\"Descobreix consells pr\u00e0ctics per aconseguir una vida equilibrada com a estudiant, cuidant el teu benestar f\u00edsic, mental i emocional. Troba l&#039;equilibri.\" \/>\n<meta name=\"robots\" content=\"index, follow, max-snippet:-1, max-image-preview:large, max-video-preview:-1\" \/>\n<link rel=\"canonical\" href=\"https:\/\/resest.com\/ca\/vida-de-lestudiant\/consells-per-a-una-vida-equilibrada-com-a-estudiant-universitari-cuida-el-teu-benestar-fisic-mental-i-emocional\/\" \/>\n<meta property=\"og:locale\" content=\"ca_ES\" \/>\n<meta property=\"og:type\" content=\"article\" \/>\n<meta property=\"og:title\" content=\"Vida equilibrada per a estudiants: Cuida el teu benestar \u2013 Resest\" \/>\n<meta property=\"og:description\" content=\"Descobreix consells pr\u00e0ctics per aconseguir una vida equilibrada com a estudiant, cuidant el teu benestar f\u00edsic, mental i emocional. Troba l&#039;equilibri.\" \/>\n<meta property=\"og:url\" content=\"https:\/\/resest.com\/ca\/vida-de-lestudiant\/consells-per-a-una-vida-equilibrada-com-a-estudiant-universitari-cuida-el-teu-benestar-fisic-mental-i-emocional\/\" \/>\n<meta property=\"og:site_name\" content=\"Resid\u00e8ncia d&#039;Estudiants l&#039;Estaci\u00f3 de Sabadell | Resest\" \/>\n<meta property=\"article:published_time\" content=\"2023-08-22T06:50:12+00:00\" \/>\n<meta property=\"article:modified_time\" content=\"2023-08-22T06:56:25+00:00\" \/>\n<meta property=\"og:image\" content=\"https:\/\/resest.com\/wp-content\/uploads\/2023\/08\/Captura-2-1024x685.png\" \/>\n\t<meta property=\"og:image:width\" content=\"1024\" \/>\n\t<meta property=\"og:image:height\" content=\"685\" \/>\n\t<meta property=\"og:image:type\" content=\"image\/png\" \/>\n<meta name=\"author\" content=\"Resest\" \/>\n<meta name=\"twitter:label1\" content=\"Written by\" \/>\n\t<meta name=\"twitter:data1\" content=\"Resest\" \/>\n\t<meta name=\"twitter:label2\" content=\"Est. reading time\" \/>\n\t<meta name=\"twitter:data2\" content=\"3 minutes\" \/>\n<script type=\"application\/ld+json\" class=\"yoast-schema-graph\">{\"@context\":\"https:\/\/schema.org\",\"@graph\":[{\"@type\":\"Article\",\"@id\":\"https:\/\/resest.com\/ca\/vida-de-lestudiant\/consells-per-a-una-vida-equilibrada-com-a-estudiant-universitari-cuida-el-teu-benestar-fisic-mental-i-emocional\/#article\",\"isPartOf\":{\"@id\":\"https:\/\/resest.com\/ca\/vida-de-lestudiant\/consells-per-a-una-vida-equilibrada-com-a-estudiant-universitari-cuida-el-teu-benestar-fisic-mental-i-emocional\/\"},\"author\":{\"name\":\"Resest\",\"@id\":\"https:\/\/resest.com\/ca\/#\/schema\/person\/d9965768ae08730dafc3a7c835fcc47c\"},\"headline\":\"Consells per a una vida equilibrada com a estudiant universitari: Cuida el teu benestar f\u00edsic, mental i emocional\",\"datePublished\":\"2023-08-22T06:50:12+00:00\",\"dateModified\":\"2023-08-22T06:56:25+00:00\",\"mainEntityOfPage\":{\"@id\":\"https:\/\/resest.com\/ca\/vida-de-lestudiant\/consells-per-a-una-vida-equilibrada-com-a-estudiant-universitari-cuida-el-teu-benestar-fisic-mental-i-emocional\/\"},\"wordCount\":492,\"commentCount\":0,\"publisher\":{\"@id\":\"https:\/\/resest.com\/ca\/#organization\"},\"image\":{\"@id\":\"https:\/\/resest.com\/ca\/vida-de-lestudiant\/consells-per-a-una-vida-equilibrada-com-a-estudiant-universitari-cuida-el-teu-benestar-fisic-mental-i-emocional\/#primaryimage\"},\"thumbnailUrl\":\"https:\/\/resest.com\/wp-content\/uploads\/2023\/08\/Captura-2.png\",\"articleSection\":[\"Consells per a estudiants universitaris\"],\"inLanguage\":\"ca-ES\",\"potentialAction\":[{\"@type\":\"CommentAction\",\"name\":\"Comment\",\"target\":[\"https:\/\/resest.com\/ca\/vida-de-lestudiant\/consells-per-a-una-vida-equilibrada-com-a-estudiant-universitari-cuida-el-teu-benestar-fisic-mental-i-emocional\/#respond\"]}]},{\"@type\":\"WebPage\",\"@id\":\"https:\/\/resest.com\/ca\/vida-de-lestudiant\/consells-per-a-una-vida-equilibrada-com-a-estudiant-universitari-cuida-el-teu-benestar-fisic-mental-i-emocional\/\",\"url\":\"https:\/\/resest.com\/ca\/vida-de-lestudiant\/consells-per-a-una-vida-equilibrada-com-a-estudiant-universitari-cuida-el-teu-benestar-fisic-mental-i-emocional\/\",\"name\":\"Vida equilibrada per a estudiants: Cuida el teu benestar \u2013 Resest\",\"isPartOf\":{\"@id\":\"https:\/\/resest.com\/ca\/#website\"},\"primaryImageOfPage\":{\"@id\":\"https:\/\/resest.com\/ca\/vida-de-lestudiant\/consells-per-a-una-vida-equilibrada-com-a-estudiant-universitari-cuida-el-teu-benestar-fisic-mental-i-emocional\/#primaryimage\"},\"image\":{\"@id\":\"https:\/\/resest.com\/ca\/vida-de-lestudiant\/consells-per-a-una-vida-equilibrada-com-a-estudiant-universitari-cuida-el-teu-benestar-fisic-mental-i-emocional\/#primaryimage\"},\"thumbnailUrl\":\"https:\/\/resest.com\/wp-content\/uploads\/2023\/08\/Captura-2.png\",\"datePublished\":\"2023-08-22T06:50:12+00:00\",\"dateModified\":\"2023-08-22T06:56:25+00:00\",\"description\":\"Descobreix consells pr\u00e0ctics per aconseguir una vida equilibrada com a estudiant, cuidant el teu benestar f\u00edsic, mental i emocional. Troba l'equilibri.\",\"breadcrumb\":{\"@id\":\"https:\/\/resest.com\/ca\/vida-de-lestudiant\/consells-per-a-una-vida-equilibrada-com-a-estudiant-universitari-cuida-el-teu-benestar-fisic-mental-i-emocional\/#breadcrumb\"},\"inLanguage\":\"ca-ES\",\"potentialAction\":[{\"@type\":\"ReadAction\",\"target\":[\"https:\/\/resest.com\/ca\/vida-de-lestudiant\/consells-per-a-una-vida-equilibrada-com-a-estudiant-universitari-cuida-el-teu-benestar-fisic-mental-i-emocional\/\"]}]},{\"@type\":\"ImageObject\",\"inLanguage\":\"ca-ES\",\"@id\":\"https:\/\/resest.com\/ca\/vida-de-lestudiant\/consells-per-a-una-vida-equilibrada-com-a-estudiant-universitari-cuida-el-teu-benestar-fisic-mental-i-emocional\/#primaryimage\",\"url\":\"https:\/\/resest.com\/wp-content\/uploads\/2023\/08\/Captura-2.png\",\"contentUrl\":\"https:\/\/resest.com\/wp-content\/uploads\/2023\/08\/Captura-2.png\",\"width\":1164,\"height\":779,\"caption\":\"Vida equilibrada per a estudiants\"},{\"@type\":\"BreadcrumbList\",\"@id\":\"https:\/\/resest.com\/ca\/vida-de-lestudiant\/consells-per-a-una-vida-equilibrada-com-a-estudiant-universitari-cuida-el-teu-benestar-fisic-mental-i-emocional\/#breadcrumb\",\"itemListElement\":[{\"@type\":\"ListItem\",\"position\":1,\"name\":\"Inici\",\"item\":\"https:\/\/resest.com\/ca\/\"},{\"@type\":\"ListItem\",\"position\":2,\"name\":\"Consells per a una vida equilibrada com a estudiant universitari: Cuida el teu benestar f\u00edsic, mental i emocional\"}]},{\"@type\":\"WebSite\",\"@id\":\"https:\/\/resest.com\/ca\/#website\",\"url\":\"https:\/\/resest.com\/ca\/\",\"name\":\"Resid\u00e8ncia d&#039;Estudiants l&#039;Estaci\u00f3 de Sabadell | Resest\",\"description\":\"Prop de l\u2019Universitat Aut\u00f2noma de Barcelona (UAB)\",\"publisher\":{\"@id\":\"https:\/\/resest.com\/ca\/#organization\"},\"potentialAction\":[{\"@type\":\"SearchAction\",\"target\":{\"@type\":\"EntryPoint\",\"urlTemplate\":\"https:\/\/resest.com\/ca\/?s={search_term_string}\"},\"query-input\":{\"@type\":\"PropertyValueSpecification\",\"valueRequired\":true,\"valueName\":\"search_term_string\"}}],\"inLanguage\":\"ca-ES\"},{\"@type\":\"Organization\",\"@id\":\"https:\/\/resest.com\/ca\/#organization\",\"name\":\"Resid\u00e8ncia d&#039;Estudiants l&#039;Estaci\u00f3 de Sabadell | Resest\",\"url\":\"https:\/\/resest.com\/ca\/\",\"logo\":{\"@type\":\"ImageObject\",\"inLanguage\":\"ca-ES\",\"@id\":\"https:\/\/resest.com\/ca\/#\/schema\/logo\/image\/\",\"url\":\"https:\/\/resest.com\/wp-content\/uploads\/2024\/03\/Facana-1.jpg\",\"contentUrl\":\"https:\/\/resest.com\/wp-content\/uploads\/2024\/03\/Facana-1.jpg\",\"width\":1200,\"height\":1009,\"caption\":\"Resid\u00e8ncia d&#039;Estudiants l&#039;Estaci\u00f3 de Sabadell | Resest\"},\"image\":{\"@id\":\"https:\/\/resest.com\/ca\/#\/schema\/logo\/image\/\"}},{\"@type\":\"Person\",\"@id\":\"https:\/\/resest.com\/ca\/#\/schema\/person\/d9965768ae08730dafc3a7c835fcc47c\",\"name\":\"Resest\",\"image\":{\"@type\":\"ImageObject\",\"inLanguage\":\"ca-ES\",\"@id\":\"https:\/\/resest.com\/ca\/#\/schema\/person\/image\/\",\"url\":\"https:\/\/secure.gravatar.com\/avatar\/0c7509c85c836ff68bc43efa415976254ed1463e7bbc3edf38a658092e29e5b4?s=96&d=mm&r=g\",\"contentUrl\":\"https:\/\/secure.gravatar.com\/avatar\/0c7509c85c836ff68bc43efa415976254ed1463e7bbc3edf38a658092e29e5b4?s=96&d=mm&r=g\",\"caption\":\"Resest\"},\"url\":\"https:\/\/resest.com\/ca\/author\/jordi\/\"}]}<\/script>\n<!-- \/ Yoast SEO plugin. -->","yoast_head_json":{"title":"Vida equilibrada per a estudiants: Cuida el teu benestar \u2013 Resest","description":"Descobreix consells pr\u00e0ctics per aconseguir una vida equilibrada com a estudiant, cuidant el teu benestar f\u00edsic, mental i emocional. Troba l'equilibri.","robots":{"index":"index","follow":"follow","max-snippet":"max-snippet:-1","max-image-preview":"max-image-preview:large","max-video-preview":"max-video-preview:-1"},"canonical":"https:\/\/resest.com\/ca\/vida-de-lestudiant\/consells-per-a-una-vida-equilibrada-com-a-estudiant-universitari-cuida-el-teu-benestar-fisic-mental-i-emocional\/","og_locale":"ca_ES","og_type":"article","og_title":"Vida equilibrada per a estudiants: Cuida el teu benestar \u2013 Resest","og_description":"Descobreix consells pr\u00e0ctics per aconseguir una vida equilibrada com a estudiant, cuidant el teu benestar f\u00edsic, mental i emocional. Troba l'equilibri.","og_url":"https:\/\/resest.com\/ca\/vida-de-lestudiant\/consells-per-a-una-vida-equilibrada-com-a-estudiant-universitari-cuida-el-teu-benestar-fisic-mental-i-emocional\/","og_site_name":"Resid\u00e8ncia d&#039;Estudiants l&#039;Estaci\u00f3 de Sabadell | Resest","article_published_time":"2023-08-22T06:50:12+00:00","article_modified_time":"2023-08-22T06:56:25+00:00","og_image":[{"width":1024,"height":685,"url":"https:\/\/resest.com\/wp-content\/uploads\/2023\/08\/Captura-2-1024x685.png","type":"image\/png"}],"author":"Resest","twitter_misc":{"Written by":"Resest","Est. reading time":"3 minutes"},"schema":{"@context":"https:\/\/schema.org","@graph":[{"@type":"Article","@id":"https:\/\/resest.com\/ca\/vida-de-lestudiant\/consells-per-a-una-vida-equilibrada-com-a-estudiant-universitari-cuida-el-teu-benestar-fisic-mental-i-emocional\/#article","isPartOf":{"@id":"https:\/\/resest.com\/ca\/vida-de-lestudiant\/consells-per-a-una-vida-equilibrada-com-a-estudiant-universitari-cuida-el-teu-benestar-fisic-mental-i-emocional\/"},"author":{"name":"Resest","@id":"https:\/\/resest.com\/ca\/#\/schema\/person\/d9965768ae08730dafc3a7c835fcc47c"},"headline":"Consells per a una vida equilibrada com a estudiant universitari: Cuida el teu benestar f\u00edsic, mental i emocional","datePublished":"2023-08-22T06:50:12+00:00","dateModified":"2023-08-22T06:56:25+00:00","mainEntityOfPage":{"@id":"https:\/\/resest.com\/ca\/vida-de-lestudiant\/consells-per-a-una-vida-equilibrada-com-a-estudiant-universitari-cuida-el-teu-benestar-fisic-mental-i-emocional\/"},"wordCount":492,"commentCount":0,"publisher":{"@id":"https:\/\/resest.com\/ca\/#organization"},"image":{"@id":"https:\/\/resest.com\/ca\/vida-de-lestudiant\/consells-per-a-una-vida-equilibrada-com-a-estudiant-universitari-cuida-el-teu-benestar-fisic-mental-i-emocional\/#primaryimage"},"thumbnailUrl":"https:\/\/resest.com\/wp-content\/uploads\/2023\/08\/Captura-2.png","articleSection":["Consells per a estudiants universitaris"],"inLanguage":"ca-ES","potentialAction":[{"@type":"CommentAction","name":"Comment","target":["https:\/\/resest.com\/ca\/vida-de-lestudiant\/consells-per-a-una-vida-equilibrada-com-a-estudiant-universitari-cuida-el-teu-benestar-fisic-mental-i-emocional\/#respond"]}]},{"@type":"WebPage","@id":"https:\/\/resest.com\/ca\/vida-de-lestudiant\/consells-per-a-una-vida-equilibrada-com-a-estudiant-universitari-cuida-el-teu-benestar-fisic-mental-i-emocional\/","url":"https:\/\/resest.com\/ca\/vida-de-lestudiant\/consells-per-a-una-vida-equilibrada-com-a-estudiant-universitari-cuida-el-teu-benestar-fisic-mental-i-emocional\/","name":"Vida equilibrada per a estudiants: Cuida el teu benestar \u2013 Resest","isPartOf":{"@id":"https:\/\/resest.com\/ca\/#website"},"primaryImageOfPage":{"@id":"https:\/\/resest.com\/ca\/vida-de-lestudiant\/consells-per-a-una-vida-equilibrada-com-a-estudiant-universitari-cuida-el-teu-benestar-fisic-mental-i-emocional\/#primaryimage"},"image":{"@id":"https:\/\/resest.com\/ca\/vida-de-lestudiant\/consells-per-a-una-vida-equilibrada-com-a-estudiant-universitari-cuida-el-teu-benestar-fisic-mental-i-emocional\/#primaryimage"},"thumbnailUrl":"https:\/\/resest.com\/wp-content\/uploads\/2023\/08\/Captura-2.png","datePublished":"2023-08-22T06:50:12+00:00","dateModified":"2023-08-22T06:56:25+00:00","description":"Descobreix consells pr\u00e0ctics per aconseguir una vida equilibrada com a estudiant, cuidant el teu benestar f\u00edsic, mental i emocional. Troba l'equilibri.","breadcrumb":{"@id":"https:\/\/resest.com\/ca\/vida-de-lestudiant\/consells-per-a-una-vida-equilibrada-com-a-estudiant-universitari-cuida-el-teu-benestar-fisic-mental-i-emocional\/#breadcrumb"},"inLanguage":"ca-ES","potentialAction":[{"@type":"ReadAction","target":["https:\/\/resest.com\/ca\/vida-de-lestudiant\/consells-per-a-una-vida-equilibrada-com-a-estudiant-universitari-cuida-el-teu-benestar-fisic-mental-i-emocional\/"]}]},{"@type":"ImageObject","inLanguage":"ca-ES","@id":"https:\/\/resest.com\/ca\/vida-de-lestudiant\/consells-per-a-una-vida-equilibrada-com-a-estudiant-universitari-cuida-el-teu-benestar-fisic-mental-i-emocional\/#primaryimage","url":"https:\/\/resest.com\/wp-content\/uploads\/2023\/08\/Captura-2.png","contentUrl":"https:\/\/resest.com\/wp-content\/uploads\/2023\/08\/Captura-2.png","width":1164,"height":779,"caption":"Vida equilibrada per a estudiants"},{"@type":"BreadcrumbList","@id":"https:\/\/resest.com\/ca\/vida-de-lestudiant\/consells-per-a-una-vida-equilibrada-com-a-estudiant-universitari-cuida-el-teu-benestar-fisic-mental-i-emocional\/#breadcrumb","itemListElement":[{"@type":"ListItem","position":1,"name":"Inici","item":"https:\/\/resest.com\/ca\/"},{"@type":"ListItem","position":2,"name":"Consells per a una vida equilibrada com a estudiant universitari: Cuida el teu benestar f\u00edsic, mental i emocional"}]},{"@type":"WebSite","@id":"https:\/\/resest.com\/ca\/#website","url":"https:\/\/resest.com\/ca\/","name":"Resid\u00e8ncia d&#039;Estudiants l&#039;Estaci\u00f3 de Sabadell | Resest","description":"Prop de l\u2019Universitat Aut\u00f2noma de Barcelona (UAB)","publisher":{"@id":"https:\/\/resest.com\/ca\/#organization"},"potentialAction":[{"@type":"SearchAction","target":{"@type":"EntryPoint","urlTemplate":"https:\/\/resest.com\/ca\/?s={search_term_string}"},"query-input":{"@type":"PropertyValueSpecification","valueRequired":true,"valueName":"search_term_string"}}],"inLanguage":"ca-ES"},{"@type":"Organization","@id":"https:\/\/resest.com\/ca\/#organization","name":"Resid\u00e8ncia d&#039;Estudiants l&#039;Estaci\u00f3 de Sabadell | Resest","url":"https:\/\/resest.com\/ca\/","logo":{"@type":"ImageObject","inLanguage":"ca-ES","@id":"https:\/\/resest.com\/ca\/#\/schema\/logo\/image\/","url":"https:\/\/resest.com\/wp-content\/uploads\/2024\/03\/Facana-1.jpg","contentUrl":"https:\/\/resest.com\/wp-content\/uploads\/2024\/03\/Facana-1.jpg","width":1200,"height":1009,"caption":"Resid\u00e8ncia d&#039;Estudiants l&#039;Estaci\u00f3 de Sabadell | Resest"},"image":{"@id":"https:\/\/resest.com\/ca\/#\/schema\/logo\/image\/"}},{"@type":"Person","@id":"https:\/\/resest.com\/ca\/#\/schema\/person\/d9965768ae08730dafc3a7c835fcc47c","name":"Resest","image":{"@type":"ImageObject","inLanguage":"ca-ES","@id":"https:\/\/resest.com\/ca\/#\/schema\/person\/image\/","url":"https:\/\/secure.gravatar.com\/avatar\/0c7509c85c836ff68bc43efa415976254ed1463e7bbc3edf38a658092e29e5b4?s=96&d=mm&r=g","contentUrl":"https:\/\/secure.gravatar.com\/avatar\/0c7509c85c836ff68bc43efa415976254ed1463e7bbc3edf38a658092e29e5b4?s=96&d=mm&r=g","caption":"Resest"},"url":"https:\/\/resest.com\/ca\/author\/jordi\/"}]}},"_links":{"self":[{"href":"https:\/\/resest.com\/ca\/wp-json\/wp\/v2\/posts\/10946","targetHints":{"allow":["GET"]}}],"collection":[{"href":"https:\/\/resest.com\/ca\/wp-json\/wp\/v2\/posts"}],"about":[{"href":"https:\/\/resest.com\/ca\/wp-json\/wp\/v2\/types\/post"}],"author":[{"embeddable":true,"href":"https:\/\/resest.com\/ca\/wp-json\/wp\/v2\/users\/1"}],"replies":[{"embeddable":true,"href":"https:\/\/resest.com\/ca\/wp-json\/wp\/v2\/comments?post=10946"}],"version-history":[{"count":0,"href":"https:\/\/resest.com\/ca\/wp-json\/wp\/v2\/posts\/10946\/revisions"}],"wp:featuredmedia":[{"embeddable":true,"href":"https:\/\/resest.com\/ca\/wp-json\/wp\/v2\/media\/10947"}],"wp:attachment":[{"href":"https:\/\/resest.com\/ca\/wp-json\/wp\/v2\/media?parent=10946"}],"wp:term":[{"taxonomy":"category","embeddable":true,"href":"https:\/\/resest.com\/ca\/wp-json\/wp\/v2\/categories?post=10946"},{"taxonomy":"post_tag","embeddable":true,"href":"https:\/\/resest.com\/ca\/wp-json\/wp\/v2\/tags?post=10946"}],"curies":[{"name":"wp","href":"https:\/\/api.w.org\/{rel}","templated":true}]}}