{"id":10592,"date":"2023-04-10T11:25:06","date_gmt":"2023-04-10T09:25:06","guid":{"rendered":"https:\/\/resest.com\/?p=10592"},"modified":"2023-04-14T08:10:31","modified_gmt":"2023-04-14T06:10:31","slug":"estudiar-i-treballar-com-fer-les-dues-coses-alhora","status":"publish","type":"post","link":"https:\/\/resest.com\/ca\/vida-de-lestudiant\/estudiar-i-treballar-com-fer-les-dues-coses-alhora\/","title":{"rendered":"Estudiar i treballar: com fer les dues coses alhora?"},"content":{"rendered":"\n<p>Per a molts estudiants, treballar mentre s&#8217;estudia \u00e9s una <strong>realitat necess\u00e0ria<\/strong>. Ja sigui per cobrir els costos de matr\u00edcula, allotjament o simplement per guanyar experi\u00e8ncia laboral, treballar mentre s&#8217;estudia pot ser una <strong>experi\u00e8ncia esgotadora per\u00f2 tamb\u00e9 gratificant<\/strong>.\u00a0 <a href=\"https:\/\/resest.com\/ca\/bloc-allotjament-per-a-estudiants-a-barcelona-bellaterra\/\">En aquest article<\/a>, discutirem alguns <strong>consells i estrat\u00e8gies per ajudar-te a equilibrar els teus estudis i treball amb \u00e8xit.<\/strong><\/p>\n\n\n\n<h2 class=\"wp-block-heading\"><strong>Avalua els teus horaris i prioritats<\/strong><\/h2>\n\n\n\n<p>Abans de comen\u00e7ar a treballar i <a href=\"https:\/\/resest.com\/ca\/vida-de-lestudiant\/tips-per-estudiar-de-forma-organitzada-i-treure-bones-notes\/\">estudiar alhora<\/a>, \u00e9s important <strong>avaluar els teus horaris i prioritats<\/strong>. Aix\u00f2 significa identificar quant temps has de dedicar als teus estudis i quant temps tens disponible per treballar. Tamb\u00e9 has de tenir en compte les teves responsabilitats personals, classes extraescolars, entre d&#8217;altres.<\/p>\n\n\n\n<h2 class=\"wp-block-heading\"><strong>Crea un horari realista<\/strong><strong><\/strong><\/h2>\n\n\n\n<p>Un cop hagis avaluat els teus horaris i prioritats, \u00e9s important <strong>crear un horari realista que et permeti treballar i estudiar efica\u00e7ment<\/strong>. Assegura&#8217;t d&#8217;incloure temps per estudiar, treballar, descansar i fer activitats que gaudeixis. Tamb\u00e9 \u00e9s important establir terminis realistes per a les teves tasques i projectes, i prioritzar les teves responsabilitats.<\/p>\n\n\n\n<h2 class=\"wp-block-heading\"><strong>Aprofita el temps d&#8217;inactivitat<\/strong><\/h2>\n\n\n\n<p>Una altra estrat\u00e8gia \u00fatil per equilibrar el treball i els estudis \u00e9s <a href=\"https:\/\/resest.com\/ca\/blog\/5-trucs-per-aprofitar-millor-el-temps-destudi\/\"><strong>aprofitar el t<\/strong><\/a><strong><a href=\"https:\/\/resest.com\/es\/blog-es\/5-trucos-para-aprovechar-mejor-el-tiempo-de-estudio\/\">e<\/a><\/strong><a href=\"https:\/\/resest.com\/es\/blog-es\/5-trucos-para-aprovechar-mejor-el-tiempo-de-estudio\/\"><strong>mps d&#8217;inactivitat<\/strong><\/a>. Aix\u00f2 significa utilitzar el temps <strong>d&#8217;espera entre classes o mentre viatges per estudiar o fer tasques.<\/strong>\u00a0 Tamb\u00e9 pots aprofitar el temps d&#8217;inactivitat en el treball, com en els descansos per al dinar, per estudiar o revisar les teves notes.<\/p>\n\n\n\n<h2 class=\"wp-block-heading\"><strong>Considera opcions de treball flexibles<\/strong><\/h2>\n\n\n\n<p>Si \u00e9s possible, <strong>considera opcions de treball flexibles<\/strong> que s&#8217;adaptin als teus horaris d&#8217;estudi. Per exemple, una feina a temps parcial que et permeti tenir m\u00e9s temps per estudiar pot ser una bona opci\u00f3. Tamb\u00e9 pots considerar <strong>opcions de treball des de casa o treball en l\u00ednia <\/strong>que et permetin treballar des de qualsevol lloc amb acc\u00e9s a internet.<\/p>\n\n\n\n<h2 class=\"wp-block-heading\"><strong>Demana ajuda i suport<\/strong><\/h2>\n\n\n\n<p>No tinguis por de <strong>demanar ajuda i suport quan ho necessitis<\/strong>. Pots demanar-li a un amic o familiar que t&#8217;ajudi, o demanar-li a un company de classe que t&#8217;ajudi a estudiar o revisar les teves tasques. Tamb\u00e9 pots buscar ajuda financera, com beques o pr\u00e9stecs estudiantils, per reduir la c\u00e0rrega financera.<\/p>\n\n\n\n<h2 class=\"wp-block-heading\"><strong>Mantenen un equilibri saludable<\/strong><\/h2>\n\n\n\n<p>Finalment, per\u00f2 no menys important, \u00e9s important <strong>mantenir un equilibri saludable entre el treball i els estudis<\/strong>. Aix\u00f2 significa <strong>assegurar-se de tenir temps suficient per descansar<\/strong>, <strong>fer exercici i mantenir relacions socials i familiars saludables<\/strong>. \u00c9s important recordar que la teva salut i benestar s\u00f3n igualment importants que les teves responsabilitats acad\u00e8miques i laborals.<\/p>\n\n\n\n<p>Equilibrar el treball i els estudis pot ser un desafiament, per\u00f2 amb <strong>planificaci\u00f3 acurada i algunes estrat\u00e8gies \u00fatils, pots aconseguir-ho amb \u00e8xit<\/strong>. Recorda avaluar els teus horaris i prioritats, crear un horari realista, aprofitar el temps d&#8217;inactivitat, considerar opcions de treball flexibles, demanar ajuda i suport, i mantenir un equilibri saludable.<\/p>\n","protected":false},"excerpt":{"rendered":"<p>Per a molts estudiants, treballar mentre s&#8217;estudia \u00e9s una realitat necess\u00e0ria. Ja sigui per cobrir els costos de matr\u00edcula, allotjament o simplement per guanyar experi\u00e8ncia laboral, treballar mentre s&#8217;estudia pot ser una experi\u00e8ncia esgotadora per\u00f2 tamb\u00e9 gratificant.\u00a0 En aquest article, discutirem alguns consells i estrat\u00e8gies per ajudar-te a equilibrar els teus estudis i treball amb&hellip;<\/p>\n","protected":false},"author":3,"featured_media":10584,"comment_status":"open","ping_status":"open","sticky":false,"template":"","format":"standard","meta":{"footnotes":""},"categories":[50],"tags":[],"class_list":["post-10592","post","type-post","status-publish","format-standard","has-post-thumbnail","hentry","category-vida-de-lestudiant","entry","has-media"],"yoast_head":"<!-- This site is optimized with the Yoast SEO plugin v26.4 - https:\/\/yoast.com\/wordpress\/plugins\/seo\/ -->\n<title>Com estudiar i treballar alhora? - Resest<\/title>\n<meta name=\"description\" content=\"Consells i estrat\u00e8gies per ajudar-vos a equilibrar els vostres estudis i treballar amb \u00e8xit. Apreneu a organitzar-vos per estudiar i treballar alhora!\" \/>\n<meta name=\"robots\" content=\"index, follow, max-snippet:-1, max-image-preview:large, max-video-preview:-1\" \/>\n<link rel=\"canonical\" href=\"https:\/\/resest.com\/ca\/vida-de-lestudiant\/estudiar-i-treballar-com-fer-les-dues-coses-alhora\/\" \/>\n<meta property=\"og:locale\" content=\"ca_ES\" \/>\n<meta property=\"og:type\" content=\"article\" \/>\n<meta property=\"og:title\" content=\"Com estudiar i treballar alhora? - Resest\" \/>\n<meta property=\"og:description\" content=\"Consells i estrat\u00e8gies per ajudar-vos a equilibrar els vostres estudis i treballar amb \u00e8xit. Apreneu a organitzar-vos per estudiar i treballar alhora!\" \/>\n<meta property=\"og:url\" content=\"https:\/\/resest.com\/ca\/vida-de-lestudiant\/estudiar-i-treballar-com-fer-les-dues-coses-alhora\/\" \/>\n<meta property=\"og:site_name\" content=\"Resid\u00e8ncia d&#039;Estudiants l&#039;Estaci\u00f3 de Sabadell | Resest\" \/>\n<meta property=\"article:published_time\" content=\"2023-04-10T09:25:06+00:00\" \/>\n<meta property=\"article:modified_time\" content=\"2023-04-14T06:10:31+00:00\" \/>\n<meta property=\"og:image\" content=\"https:\/\/resest.com\/wp-content\/uploads\/2023\/03\/sad-bored-lazy-young-woman-typing-on-laptop-tired-2022-09-26-21-42-54-utc.jpg\" \/>\n\t<meta property=\"og:image:width\" content=\"1200\" \/>\n\t<meta property=\"og:image:height\" content=\"675\" \/>\n\t<meta property=\"og:image:type\" content=\"image\/jpeg\" \/>\n<meta name=\"author\" content=\"Resest\" \/>\n<meta name=\"twitter:label1\" content=\"Written by\" \/>\n\t<meta name=\"twitter:data1\" content=\"Resest\" \/>\n\t<meta name=\"twitter:label2\" content=\"Est. reading time\" \/>\n\t<meta name=\"twitter:data2\" content=\"3 minutes\" \/>\n<script type=\"application\/ld+json\" class=\"yoast-schema-graph\">{\"@context\":\"https:\/\/schema.org\",\"@graph\":[{\"@type\":\"Article\",\"@id\":\"https:\/\/resest.com\/ca\/vida-de-lestudiant\/estudiar-i-treballar-com-fer-les-dues-coses-alhora\/#article\",\"isPartOf\":{\"@id\":\"https:\/\/resest.com\/ca\/vida-de-lestudiant\/estudiar-i-treballar-com-fer-les-dues-coses-alhora\/\"},\"author\":{\"name\":\"Resest\",\"@id\":\"https:\/\/resest.com\/ca\/#\/schema\/person\/f66d2b5dae2cd0a989ab720dd211d2a9\"},\"headline\":\"Estudiar i treballar: com fer les dues coses alhora?\",\"datePublished\":\"2023-04-10T09:25:06+00:00\",\"dateModified\":\"2023-04-14T06:10:31+00:00\",\"mainEntityOfPage\":{\"@id\":\"https:\/\/resest.com\/ca\/vida-de-lestudiant\/estudiar-i-treballar-com-fer-les-dues-coses-alhora\/\"},\"wordCount\":494,\"commentCount\":0,\"publisher\":{\"@id\":\"https:\/\/resest.com\/ca\/#organization\"},\"image\":{\"@id\":\"https:\/\/resest.com\/ca\/vida-de-lestudiant\/estudiar-i-treballar-com-fer-les-dues-coses-alhora\/#primaryimage\"},\"thumbnailUrl\":\"https:\/\/resest.com\/wp-content\/uploads\/2023\/03\/sad-bored-lazy-young-woman-typing-on-laptop-tired-2022-09-26-21-42-54-utc.jpg\",\"articleSection\":[\"Consells per a estudiants universitaris\"],\"inLanguage\":\"ca-ES\",\"potentialAction\":[{\"@type\":\"CommentAction\",\"name\":\"Comment\",\"target\":[\"https:\/\/resest.com\/ca\/vida-de-lestudiant\/estudiar-i-treballar-com-fer-les-dues-coses-alhora\/#respond\"]}]},{\"@type\":\"WebPage\",\"@id\":\"https:\/\/resest.com\/ca\/vida-de-lestudiant\/estudiar-i-treballar-com-fer-les-dues-coses-alhora\/\",\"url\":\"https:\/\/resest.com\/ca\/vida-de-lestudiant\/estudiar-i-treballar-com-fer-les-dues-coses-alhora\/\",\"name\":\"Com estudiar i treballar alhora? - Resest\",\"isPartOf\":{\"@id\":\"https:\/\/resest.com\/ca\/#website\"},\"primaryImageOfPage\":{\"@id\":\"https:\/\/resest.com\/ca\/vida-de-lestudiant\/estudiar-i-treballar-com-fer-les-dues-coses-alhora\/#primaryimage\"},\"image\":{\"@id\":\"https:\/\/resest.com\/ca\/vida-de-lestudiant\/estudiar-i-treballar-com-fer-les-dues-coses-alhora\/#primaryimage\"},\"thumbnailUrl\":\"https:\/\/resest.com\/wp-content\/uploads\/2023\/03\/sad-bored-lazy-young-woman-typing-on-laptop-tired-2022-09-26-21-42-54-utc.jpg\",\"datePublished\":\"2023-04-10T09:25:06+00:00\",\"dateModified\":\"2023-04-14T06:10:31+00:00\",\"description\":\"Consells i estrat\u00e8gies per ajudar-vos a equilibrar els vostres estudis i treballar amb \u00e8xit. Apreneu a organitzar-vos per estudiar i treballar alhora!\",\"breadcrumb\":{\"@id\":\"https:\/\/resest.com\/ca\/vida-de-lestudiant\/estudiar-i-treballar-com-fer-les-dues-coses-alhora\/#breadcrumb\"},\"inLanguage\":\"ca-ES\",\"potentialAction\":[{\"@type\":\"ReadAction\",\"target\":[\"https:\/\/resest.com\/ca\/vida-de-lestudiant\/estudiar-i-treballar-com-fer-les-dues-coses-alhora\/\"]}]},{\"@type\":\"ImageObject\",\"inLanguage\":\"ca-ES\",\"@id\":\"https:\/\/resest.com\/ca\/vida-de-lestudiant\/estudiar-i-treballar-com-fer-les-dues-coses-alhora\/#primaryimage\",\"url\":\"https:\/\/resest.com\/wp-content\/uploads\/2023\/03\/sad-bored-lazy-young-woman-typing-on-laptop-tired-2022-09-26-21-42-54-utc.jpg\",\"contentUrl\":\"https:\/\/resest.com\/wp-content\/uploads\/2023\/03\/sad-bored-lazy-young-woman-typing-on-laptop-tired-2022-09-26-21-42-54-utc.jpg\",\"width\":1200,\"height\":675,\"caption\":\"estudiar y trabajar a la vez\"},{\"@type\":\"BreadcrumbList\",\"@id\":\"https:\/\/resest.com\/ca\/vida-de-lestudiant\/estudiar-i-treballar-com-fer-les-dues-coses-alhora\/#breadcrumb\",\"itemListElement\":[{\"@type\":\"ListItem\",\"position\":1,\"name\":\"Inici\",\"item\":\"https:\/\/resest.com\/ca\/\"},{\"@type\":\"ListItem\",\"position\":2,\"name\":\"Estudiar i treballar: com fer les dues coses alhora?\"}]},{\"@type\":\"WebSite\",\"@id\":\"https:\/\/resest.com\/ca\/#website\",\"url\":\"https:\/\/resest.com\/ca\/\",\"name\":\"Resid\u00e8ncia d&#039;Estudiants l&#039;Estaci\u00f3 de Sabadell | Resest\",\"description\":\"Prop de l\u2019Universitat Aut\u00f2noma de Barcelona (UAB)\",\"publisher\":{\"@id\":\"https:\/\/resest.com\/ca\/#organization\"},\"potentialAction\":[{\"@type\":\"SearchAction\",\"target\":{\"@type\":\"EntryPoint\",\"urlTemplate\":\"https:\/\/resest.com\/ca\/?s={search_term_string}\"},\"query-input\":{\"@type\":\"PropertyValueSpecification\",\"valueRequired\":true,\"valueName\":\"search_term_string\"}}],\"inLanguage\":\"ca-ES\"},{\"@type\":\"Organization\",\"@id\":\"https:\/\/resest.com\/ca\/#organization\",\"name\":\"Resid\u00e8ncia d&#039;Estudiants l&#039;Estaci\u00f3 de Sabadell | Resest\",\"url\":\"https:\/\/resest.com\/ca\/\",\"logo\":{\"@type\":\"ImageObject\",\"inLanguage\":\"ca-ES\",\"@id\":\"https:\/\/resest.com\/ca\/#\/schema\/logo\/image\/\",\"url\":\"https:\/\/resest.com\/wp-content\/uploads\/2024\/03\/Facana-1.jpg\",\"contentUrl\":\"https:\/\/resest.com\/wp-content\/uploads\/2024\/03\/Facana-1.jpg\",\"width\":1200,\"height\":1009,\"caption\":\"Resid\u00e8ncia d&#039;Estudiants l&#039;Estaci\u00f3 de Sabadell | Resest\"},\"image\":{\"@id\":\"https:\/\/resest.com\/ca\/#\/schema\/logo\/image\/\"}},{\"@type\":\"Person\",\"@id\":\"https:\/\/resest.com\/ca\/#\/schema\/person\/f66d2b5dae2cd0a989ab720dd211d2a9\",\"name\":\"Resest\",\"image\":{\"@type\":\"ImageObject\",\"inLanguage\":\"ca-ES\",\"@id\":\"https:\/\/resest.com\/ca\/#\/schema\/person\/image\/\",\"url\":\"https:\/\/secure.gravatar.com\/avatar\/a5d542eca874617a8a62a45c724821a615f770cf5bde5e61a93a7a2562faba7a?s=96&d=mm&r=g\",\"contentUrl\":\"https:\/\/secure.gravatar.com\/avatar\/a5d542eca874617a8a62a45c724821a615f770cf5bde5e61a93a7a2562faba7a?s=96&d=mm&r=g\",\"caption\":\"Resest\"},\"url\":\"https:\/\/resest.com\/ca\/author\/resest\/\"}]}<\/script>\n<!-- \/ Yoast SEO plugin. -->","yoast_head_json":{"title":"Com estudiar i treballar alhora? - Resest","description":"Consells i estrat\u00e8gies per ajudar-vos a equilibrar els vostres estudis i treballar amb \u00e8xit. Apreneu a organitzar-vos per estudiar i treballar alhora!","robots":{"index":"index","follow":"follow","max-snippet":"max-snippet:-1","max-image-preview":"max-image-preview:large","max-video-preview":"max-video-preview:-1"},"canonical":"https:\/\/resest.com\/ca\/vida-de-lestudiant\/estudiar-i-treballar-com-fer-les-dues-coses-alhora\/","og_locale":"ca_ES","og_type":"article","og_title":"Com estudiar i treballar alhora? - Resest","og_description":"Consells i estrat\u00e8gies per ajudar-vos a equilibrar els vostres estudis i treballar amb \u00e8xit. Apreneu a organitzar-vos per estudiar i treballar alhora!","og_url":"https:\/\/resest.com\/ca\/vida-de-lestudiant\/estudiar-i-treballar-com-fer-les-dues-coses-alhora\/","og_site_name":"Resid\u00e8ncia d&#039;Estudiants l&#039;Estaci\u00f3 de Sabadell | Resest","article_published_time":"2023-04-10T09:25:06+00:00","article_modified_time":"2023-04-14T06:10:31+00:00","og_image":[{"width":1200,"height":675,"url":"https:\/\/resest.com\/wp-content\/uploads\/2023\/03\/sad-bored-lazy-young-woman-typing-on-laptop-tired-2022-09-26-21-42-54-utc.jpg","type":"image\/jpeg"}],"author":"Resest","twitter_misc":{"Written by":"Resest","Est. reading time":"3 minutes"},"schema":{"@context":"https:\/\/schema.org","@graph":[{"@type":"Article","@id":"https:\/\/resest.com\/ca\/vida-de-lestudiant\/estudiar-i-treballar-com-fer-les-dues-coses-alhora\/#article","isPartOf":{"@id":"https:\/\/resest.com\/ca\/vida-de-lestudiant\/estudiar-i-treballar-com-fer-les-dues-coses-alhora\/"},"author":{"name":"Resest","@id":"https:\/\/resest.com\/ca\/#\/schema\/person\/f66d2b5dae2cd0a989ab720dd211d2a9"},"headline":"Estudiar i treballar: com fer les dues coses alhora?","datePublished":"2023-04-10T09:25:06+00:00","dateModified":"2023-04-14T06:10:31+00:00","mainEntityOfPage":{"@id":"https:\/\/resest.com\/ca\/vida-de-lestudiant\/estudiar-i-treballar-com-fer-les-dues-coses-alhora\/"},"wordCount":494,"commentCount":0,"publisher":{"@id":"https:\/\/resest.com\/ca\/#organization"},"image":{"@id":"https:\/\/resest.com\/ca\/vida-de-lestudiant\/estudiar-i-treballar-com-fer-les-dues-coses-alhora\/#primaryimage"},"thumbnailUrl":"https:\/\/resest.com\/wp-content\/uploads\/2023\/03\/sad-bored-lazy-young-woman-typing-on-laptop-tired-2022-09-26-21-42-54-utc.jpg","articleSection":["Consells per a estudiants universitaris"],"inLanguage":"ca-ES","potentialAction":[{"@type":"CommentAction","name":"Comment","target":["https:\/\/resest.com\/ca\/vida-de-lestudiant\/estudiar-i-treballar-com-fer-les-dues-coses-alhora\/#respond"]}]},{"@type":"WebPage","@id":"https:\/\/resest.com\/ca\/vida-de-lestudiant\/estudiar-i-treballar-com-fer-les-dues-coses-alhora\/","url":"https:\/\/resest.com\/ca\/vida-de-lestudiant\/estudiar-i-treballar-com-fer-les-dues-coses-alhora\/","name":"Com estudiar i treballar alhora? - Resest","isPartOf":{"@id":"https:\/\/resest.com\/ca\/#website"},"primaryImageOfPage":{"@id":"https:\/\/resest.com\/ca\/vida-de-lestudiant\/estudiar-i-treballar-com-fer-les-dues-coses-alhora\/#primaryimage"},"image":{"@id":"https:\/\/resest.com\/ca\/vida-de-lestudiant\/estudiar-i-treballar-com-fer-les-dues-coses-alhora\/#primaryimage"},"thumbnailUrl":"https:\/\/resest.com\/wp-content\/uploads\/2023\/03\/sad-bored-lazy-young-woman-typing-on-laptop-tired-2022-09-26-21-42-54-utc.jpg","datePublished":"2023-04-10T09:25:06+00:00","dateModified":"2023-04-14T06:10:31+00:00","description":"Consells i estrat\u00e8gies per ajudar-vos a equilibrar els vostres estudis i treballar amb \u00e8xit. Apreneu a organitzar-vos per estudiar i treballar alhora!","breadcrumb":{"@id":"https:\/\/resest.com\/ca\/vida-de-lestudiant\/estudiar-i-treballar-com-fer-les-dues-coses-alhora\/#breadcrumb"},"inLanguage":"ca-ES","potentialAction":[{"@type":"ReadAction","target":["https:\/\/resest.com\/ca\/vida-de-lestudiant\/estudiar-i-treballar-com-fer-les-dues-coses-alhora\/"]}]},{"@type":"ImageObject","inLanguage":"ca-ES","@id":"https:\/\/resest.com\/ca\/vida-de-lestudiant\/estudiar-i-treballar-com-fer-les-dues-coses-alhora\/#primaryimage","url":"https:\/\/resest.com\/wp-content\/uploads\/2023\/03\/sad-bored-lazy-young-woman-typing-on-laptop-tired-2022-09-26-21-42-54-utc.jpg","contentUrl":"https:\/\/resest.com\/wp-content\/uploads\/2023\/03\/sad-bored-lazy-young-woman-typing-on-laptop-tired-2022-09-26-21-42-54-utc.jpg","width":1200,"height":675,"caption":"estudiar y trabajar a la vez"},{"@type":"BreadcrumbList","@id":"https:\/\/resest.com\/ca\/vida-de-lestudiant\/estudiar-i-treballar-com-fer-les-dues-coses-alhora\/#breadcrumb","itemListElement":[{"@type":"ListItem","position":1,"name":"Inici","item":"https:\/\/resest.com\/ca\/"},{"@type":"ListItem","position":2,"name":"Estudiar i treballar: com fer les dues coses alhora?"}]},{"@type":"WebSite","@id":"https:\/\/resest.com\/ca\/#website","url":"https:\/\/resest.com\/ca\/","name":"Resid\u00e8ncia d&#039;Estudiants l&#039;Estaci\u00f3 de Sabadell | Resest","description":"Prop de l\u2019Universitat Aut\u00f2noma de Barcelona (UAB)","publisher":{"@id":"https:\/\/resest.com\/ca\/#organization"},"potentialAction":[{"@type":"SearchAction","target":{"@type":"EntryPoint","urlTemplate":"https:\/\/resest.com\/ca\/?s={search_term_string}"},"query-input":{"@type":"PropertyValueSpecification","valueRequired":true,"valueName":"search_term_string"}}],"inLanguage":"ca-ES"},{"@type":"Organization","@id":"https:\/\/resest.com\/ca\/#organization","name":"Resid\u00e8ncia d&#039;Estudiants l&#039;Estaci\u00f3 de Sabadell | Resest","url":"https:\/\/resest.com\/ca\/","logo":{"@type":"ImageObject","inLanguage":"ca-ES","@id":"https:\/\/resest.com\/ca\/#\/schema\/logo\/image\/","url":"https:\/\/resest.com\/wp-content\/uploads\/2024\/03\/Facana-1.jpg","contentUrl":"https:\/\/resest.com\/wp-content\/uploads\/2024\/03\/Facana-1.jpg","width":1200,"height":1009,"caption":"Resid\u00e8ncia d&#039;Estudiants l&#039;Estaci\u00f3 de Sabadell | Resest"},"image":{"@id":"https:\/\/resest.com\/ca\/#\/schema\/logo\/image\/"}},{"@type":"Person","@id":"https:\/\/resest.com\/ca\/#\/schema\/person\/f66d2b5dae2cd0a989ab720dd211d2a9","name":"Resest","image":{"@type":"ImageObject","inLanguage":"ca-ES","@id":"https:\/\/resest.com\/ca\/#\/schema\/person\/image\/","url":"https:\/\/secure.gravatar.com\/avatar\/a5d542eca874617a8a62a45c724821a615f770cf5bde5e61a93a7a2562faba7a?s=96&d=mm&r=g","contentUrl":"https:\/\/secure.gravatar.com\/avatar\/a5d542eca874617a8a62a45c724821a615f770cf5bde5e61a93a7a2562faba7a?s=96&d=mm&r=g","caption":"Resest"},"url":"https:\/\/resest.com\/ca\/author\/resest\/"}]}},"_links":{"self":[{"href":"https:\/\/resest.com\/ca\/wp-json\/wp\/v2\/posts\/10592","targetHints":{"allow":["GET"]}}],"collection":[{"href":"https:\/\/resest.com\/ca\/wp-json\/wp\/v2\/posts"}],"about":[{"href":"https:\/\/resest.com\/ca\/wp-json\/wp\/v2\/types\/post"}],"author":[{"embeddable":true,"href":"https:\/\/resest.com\/ca\/wp-json\/wp\/v2\/users\/3"}],"replies":[{"embeddable":true,"href":"https:\/\/resest.com\/ca\/wp-json\/wp\/v2\/comments?post=10592"}],"version-history":[{"count":0,"href":"https:\/\/resest.com\/ca\/wp-json\/wp\/v2\/posts\/10592\/revisions"}],"wp:featuredmedia":[{"embeddable":true,"href":"https:\/\/resest.com\/ca\/wp-json\/wp\/v2\/media\/10584"}],"wp:attachment":[{"href":"https:\/\/resest.com\/ca\/wp-json\/wp\/v2\/media?parent=10592"}],"wp:term":[{"taxonomy":"category","embeddable":true,"href":"https:\/\/resest.com\/ca\/wp-json\/wp\/v2\/categories?post=10592"},{"taxonomy":"post_tag","embeddable":true,"href":"https:\/\/resest.com\/ca\/wp-json\/wp\/v2\/tags?post=10592"}],"curies":[{"name":"wp","href":"https:\/\/api.w.org\/{rel}","templated":true}]}}