{"id":10384,"date":"2022-12-29T09:00:00","date_gmt":"2022-12-29T08:00:00","guid":{"rendered":"https:\/\/resest.com\/?p=10384"},"modified":"2023-01-17T09:21:36","modified_gmt":"2023-01-17T08:21:36","slug":"consells-dil%c2%b7luminacio-concentracio-millor","status":"publish","type":"post","link":"https:\/\/resest.com\/ca\/vida-de-lestudiant\/consells-dil%c2%b7luminacio-concentracio-millor\/","title":{"rendered":"Consells d&#8217;il\u00b7luminaci\u00f3 per a una concentraci\u00f3 millor"},"content":{"rendered":"\n<p>Finals de desembre, comen\u00e7ament de gener, \u00e9s una de les<a href=\"https:\/\/resest.com\/ca\/vida-de-lestudiant\/tips-per-estudiar-de-forma-organitzada-i-treure-bones-notes\/\"> t\u00edpiques \u00e8poques d&#8217;ex\u00e0mens<\/a>. Quan s&#8217;est\u00e0 estudiant, cal disposar de certes condicions a l&#8217;espai que afavoreixin tant la concentraci\u00f3 com la facilitat per adquirir els coneixements. En aquest sentit, tant per estudiar com per altres activitats acad\u00e8miques, la il\u00b7luminaci\u00f3 \u00e9s molt important. No comptar amb una bona il\u00b7luminaci\u00f3 a l&#8217;hora d&#8217;estudiar ens pot portar a for\u00e7ar la vista i generar s\u00edmptomes de fatiga visual i cansament, aix\u00ed com dificultats per poder concentrar-se i sostenir l&#8217;estudi en el temps. Per aix\u00f2, en aquest post comentarem quina \u00e9s la millor il\u00b7luminaci\u00f3 per estudiar.<\/p>\n\n\n\n<h2 class=\"wp-block-heading\">Consells per concentrar-me<\/h2>\n\n\n\n<p>Dentre molts dels consells que es poden donar per augmentar la concentraci\u00f3 en \u00e8poques destudi, la il\u00b7luminaci\u00f3 no \u00e9s una cosa que shagi de triar a la lleugera. Per a casos d\u201festudi, \u00e9s molt important tenir en compte certs aspectes sobre la<a href=\"https:\/\/resest.com\/ca\/blog\/serveis-de-la-residencia-destudiants-lestacio-de-sabadell\/\"> il\u00b7luminaci\u00f3 de l&#8217;estada d&#8217;estudi.<\/a><\/p>\n\n\n\n<h3 class=\"wp-block-heading\">Quina mena d&#8217;il\u00b7luminaci\u00f3 he de tenir?<\/h3>\n\n\n\n<p>La primera cosa que podem dir \u00e9s que la llum pot presentar un total de<strong> tres temperatures b\u00e0siques<\/strong>. Aquestes s\u00f3n la freda, la neutra i la c\u00e0lida. Si b\u00e9 \u00e9s cert que la millor manera d&#8217;estudiar \u00e9s amb la llum natural del sol, de vegades els estudiants universitaris han d&#8217;estudiar en hores on la llum solar ja no \u00e9s present. Per aix\u00f2, \u00e9s molt important pensar una bona il\u00b7luminaci\u00f3 artificial per als espais on s&#8217;estudiar\u00e0, considerant-se els llums freds com els m\u00e9s adequats per a aquests moments.<br>Aix\u00f2 t\u00e9 a veure amb diversos estudis que han demostrat que els llums freds d&#8217;entre 4.000 i 5.000 k generen un lloc de treball perfecte per afavorir la concentraci\u00f3 i el desenvolupament de l&#8217;activitat que es vol dur a terme.<br>Tot i aix\u00ed, com tot, la llum freda tamb\u00e9 t\u00e9 els seus inconvenients en determinats moments. S&#8217;ha comprovat que el seu \u00fas durant les nits pot ser contraproduent, mantenint el cervell despert i provocant a llarg termini problemes de son als estudiants, cosa que comporta pitjors resultats en un futur per a la seva concentraci\u00f3. Per aix\u00f2, a l&#8217;hora d&#8217;haver d&#8217;estudiar o llegir durant la nit, es recomana els llums c\u00e0lids o neutres.<\/p>\n\n\n\n<h3 class=\"wp-block-heading\">Altres recomanacions \u00fatils:<\/h3>\n\n\n\n<ul class=\"wp-block-list\">\n<li>Donar llum de manera <strong>uniforme <\/strong>a l&#8217;espai d&#8217;estudi.<\/li>\n\n\n\n<li>La llum ha de venir des de dalt, per sobre de l&#8217;espatlla esquerra per als destres i de l&#8217;espatlla dreta per als esquerrans.<\/li>\n\n\n\n<li>Que no es reflectisca.<\/li>\n\n\n\n<li>Ha de provenir <strong>d&#8217;un llum que puguis moure i adaptar<\/strong> on necessitis llum, millorant l&#8217;enfocament i evitant reflexes.<\/li>\n\n\n\n<li>Idealment, pots <strong>regular <\/strong>la <strong>intensitat <\/strong>i <strong>temperatura <\/strong>de la llum del teu llum.<\/li>\n\n\n\n<li>Si est\u00e0s estudiant en un dispositiu digital en un ambient fosc, pots enfosquir una mica la pantalla o utilitzar el mode nocturn perqu\u00e8 la llum que reflecteix la pantalla no faci malb\u00e9 els teus ulls.<\/li>\n<\/ul>\n\n\n\n<p>A la Resid\u00e8ncia d&#8217;Estudiants de Sabadell comptem amb <a href=\"https:\/\/resest.com\/ca\/installacions-residencia-estudiants-barcelona\/\">les instal\u00b7lacions adequades<\/a> perqu\u00e8 els nostres alumnes puguin estudiar i concentrar-se de la millor manera. Llocs c\u00f2modes i pensats expressament perqu\u00e8 la tasca sigui satisfact\u00f2ria. Tant a la pr\u00f2pia habitaci\u00f3 de l&#8217;estudiant com a zones comunes.<\/p>\n","protected":false},"excerpt":{"rendered":"<p>Finals de desembre, comen\u00e7ament de gener, \u00e9s una de les t\u00edpiques \u00e8poques d&#8217;ex\u00e0mens. Quan s&#8217;est\u00e0 estudiant, cal disposar de certes condicions a l&#8217;espai que afavoreixin tant la concentraci\u00f3 com la facilitat per adquirir els coneixements. En aquest sentit, tant per estudiar com per altres activitats acad\u00e8miques, la il\u00b7luminaci\u00f3 \u00e9s molt important. No comptar amb una&hellip;<\/p>\n","protected":false},"author":3,"featured_media":10380,"comment_status":"open","ping_status":"open","sticky":false,"template":"","format":"standard","meta":{"footnotes":""},"categories":[50,49],"tags":[],"class_list":["post-10384","post","type-post","status-publish","format-standard","has-post-thumbnail","hentry","category-vida-de-lestudiant","category-vida-a-la-residencia","entry","has-media"],"yoast_head":"<!-- This site is optimized with the Yoast SEO plugin v26.4 - https:\/\/yoast.com\/wordpress\/plugins\/seo\/ -->\n<title>Consells d&#039;il\u00b7luminaci\u00f3 per a una concentraci\u00f3 millor<\/title>\n<meta name=\"description\" content=\"Quin tipus d&#039;il\u00b7luminaci\u00f3 he de tenir a la meva sala d&#039;estudi per concentrarme millor? Descobreix-ho amb Resest en el post d&#039;avui.\" \/>\n<meta name=\"robots\" content=\"index, follow, max-snippet:-1, max-image-preview:large, max-video-preview:-1\" \/>\n<link rel=\"canonical\" href=\"https:\/\/resest.com\/ca\/vida-de-lestudiant\/consells-dil%c2%b7luminacio-concentracio-millor\/\" \/>\n<meta property=\"og:locale\" content=\"ca_ES\" \/>\n<meta property=\"og:type\" content=\"article\" \/>\n<meta property=\"og:title\" content=\"Consells d&#039;il\u00b7luminaci\u00f3 per a una concentraci\u00f3 millor\" \/>\n<meta property=\"og:description\" content=\"Quin tipus d&#039;il\u00b7luminaci\u00f3 he de tenir a la meva sala d&#039;estudi per concentrarme millor? Descobreix-ho amb Resest en el post d&#039;avui.\" \/>\n<meta property=\"og:url\" content=\"https:\/\/resest.com\/ca\/vida-de-lestudiant\/consells-dil%c2%b7luminacio-concentracio-millor\/\" \/>\n<meta property=\"og:site_name\" content=\"Resid\u00e8ncia d&#039;Estudiants l&#039;Estaci\u00f3 de Sabadell | Resest\" \/>\n<meta property=\"article:published_time\" content=\"2022-12-29T08:00:00+00:00\" \/>\n<meta property=\"article:modified_time\" content=\"2023-01-17T08:21:36+00:00\" \/>\n<meta property=\"og:image\" content=\"https:\/\/resest.com\/wp-content\/uploads\/2022\/12\/table-lamp-in-the-loft-style-at-the-workplace-at-h-2022-01-20-01-52-32-utc.jpg\" \/>\n\t<meta property=\"og:image:width\" content=\"1200\" \/>\n\t<meta property=\"og:image:height\" content=\"800\" \/>\n\t<meta property=\"og:image:type\" content=\"image\/jpeg\" \/>\n<meta name=\"author\" content=\"Resest\" \/>\n<meta name=\"twitter:label1\" content=\"Written by\" \/>\n\t<meta name=\"twitter:data1\" content=\"Resest\" \/>\n\t<meta name=\"twitter:label2\" content=\"Est. reading time\" \/>\n\t<meta name=\"twitter:data2\" content=\"3 minutes\" \/>\n<script type=\"application\/ld+json\" class=\"yoast-schema-graph\">{\"@context\":\"https:\/\/schema.org\",\"@graph\":[{\"@type\":\"Article\",\"@id\":\"https:\/\/resest.com\/ca\/vida-de-lestudiant\/consells-dil%c2%b7luminacio-concentracio-millor\/#article\",\"isPartOf\":{\"@id\":\"https:\/\/resest.com\/ca\/vida-de-lestudiant\/consells-dil%c2%b7luminacio-concentracio-millor\/\"},\"author\":{\"name\":\"Resest\",\"@id\":\"https:\/\/resest.com\/ca\/#\/schema\/person\/f66d2b5dae2cd0a989ab720dd211d2a9\"},\"headline\":\"Consells d&#8217;il\u00b7luminaci\u00f3 per a una concentraci\u00f3 millor\",\"datePublished\":\"2022-12-29T08:00:00+00:00\",\"dateModified\":\"2023-01-17T08:21:36+00:00\",\"mainEntityOfPage\":{\"@id\":\"https:\/\/resest.com\/ca\/vida-de-lestudiant\/consells-dil%c2%b7luminacio-concentracio-millor\/\"},\"wordCount\":561,\"commentCount\":0,\"publisher\":{\"@id\":\"https:\/\/resest.com\/ca\/#organization\"},\"image\":{\"@id\":\"https:\/\/resest.com\/ca\/vida-de-lestudiant\/consells-dil%c2%b7luminacio-concentracio-millor\/#primaryimage\"},\"thumbnailUrl\":\"https:\/\/resest.com\/wp-content\/uploads\/2022\/12\/table-lamp-in-the-loft-style-at-the-workplace-at-h-2022-01-20-01-52-32-utc.jpg\",\"articleSection\":[\"Consells per a estudiants universitaris\",\"Vida a la Resid\u00e8ncia\"],\"inLanguage\":\"ca-ES\",\"potentialAction\":[{\"@type\":\"CommentAction\",\"name\":\"Comment\",\"target\":[\"https:\/\/resest.com\/ca\/vida-de-lestudiant\/consells-dil%c2%b7luminacio-concentracio-millor\/#respond\"]}]},{\"@type\":\"WebPage\",\"@id\":\"https:\/\/resest.com\/ca\/vida-de-lestudiant\/consells-dil%c2%b7luminacio-concentracio-millor\/\",\"url\":\"https:\/\/resest.com\/ca\/vida-de-lestudiant\/consells-dil%c2%b7luminacio-concentracio-millor\/\",\"name\":\"Consells d'il\u00b7luminaci\u00f3 per a una concentraci\u00f3 millor\",\"isPartOf\":{\"@id\":\"https:\/\/resest.com\/ca\/#website\"},\"primaryImageOfPage\":{\"@id\":\"https:\/\/resest.com\/ca\/vida-de-lestudiant\/consells-dil%c2%b7luminacio-concentracio-millor\/#primaryimage\"},\"image\":{\"@id\":\"https:\/\/resest.com\/ca\/vida-de-lestudiant\/consells-dil%c2%b7luminacio-concentracio-millor\/#primaryimage\"},\"thumbnailUrl\":\"https:\/\/resest.com\/wp-content\/uploads\/2022\/12\/table-lamp-in-the-loft-style-at-the-workplace-at-h-2022-01-20-01-52-32-utc.jpg\",\"datePublished\":\"2022-12-29T08:00:00+00:00\",\"dateModified\":\"2023-01-17T08:21:36+00:00\",\"description\":\"Quin tipus d'il\u00b7luminaci\u00f3 he de tenir a la meva sala d'estudi per concentrarme millor? Descobreix-ho amb Resest en el post d'avui.\",\"breadcrumb\":{\"@id\":\"https:\/\/resest.com\/ca\/vida-de-lestudiant\/consells-dil%c2%b7luminacio-concentracio-millor\/#breadcrumb\"},\"inLanguage\":\"ca-ES\",\"potentialAction\":[{\"@type\":\"ReadAction\",\"target\":[\"https:\/\/resest.com\/ca\/vida-de-lestudiant\/consells-dil%c2%b7luminacio-concentracio-millor\/\"]}]},{\"@type\":\"ImageObject\",\"inLanguage\":\"ca-ES\",\"@id\":\"https:\/\/resest.com\/ca\/vida-de-lestudiant\/consells-dil%c2%b7luminacio-concentracio-millor\/#primaryimage\",\"url\":\"https:\/\/resest.com\/wp-content\/uploads\/2022\/12\/table-lamp-in-the-loft-style-at-the-workplace-at-h-2022-01-20-01-52-32-utc.jpg\",\"contentUrl\":\"https:\/\/resest.com\/wp-content\/uploads\/2022\/12\/table-lamp-in-the-loft-style-at-the-workplace-at-h-2022-01-20-01-52-32-utc.jpg\",\"width\":1200,\"height\":800,\"caption\":\"consejos para concentrarme\"},{\"@type\":\"BreadcrumbList\",\"@id\":\"https:\/\/resest.com\/ca\/vida-de-lestudiant\/consells-dil%c2%b7luminacio-concentracio-millor\/#breadcrumb\",\"itemListElement\":[{\"@type\":\"ListItem\",\"position\":1,\"name\":\"Inici\",\"item\":\"https:\/\/resest.com\/ca\/\"},{\"@type\":\"ListItem\",\"position\":2,\"name\":\"Consells d&#8217;il\u00b7luminaci\u00f3 per a una concentraci\u00f3 millor\"}]},{\"@type\":\"WebSite\",\"@id\":\"https:\/\/resest.com\/ca\/#website\",\"url\":\"https:\/\/resest.com\/ca\/\",\"name\":\"Resid\u00e8ncia d&#039;Estudiants l&#039;Estaci\u00f3 de Sabadell | Resest\",\"description\":\"Prop de l\u2019Universitat Aut\u00f2noma de Barcelona (UAB)\",\"publisher\":{\"@id\":\"https:\/\/resest.com\/ca\/#organization\"},\"potentialAction\":[{\"@type\":\"SearchAction\",\"target\":{\"@type\":\"EntryPoint\",\"urlTemplate\":\"https:\/\/resest.com\/ca\/?s={search_term_string}\"},\"query-input\":{\"@type\":\"PropertyValueSpecification\",\"valueRequired\":true,\"valueName\":\"search_term_string\"}}],\"inLanguage\":\"ca-ES\"},{\"@type\":\"Organization\",\"@id\":\"https:\/\/resest.com\/ca\/#organization\",\"name\":\"Resid\u00e8ncia d&#039;Estudiants l&#039;Estaci\u00f3 de Sabadell | Resest\",\"url\":\"https:\/\/resest.com\/ca\/\",\"logo\":{\"@type\":\"ImageObject\",\"inLanguage\":\"ca-ES\",\"@id\":\"https:\/\/resest.com\/ca\/#\/schema\/logo\/image\/\",\"url\":\"https:\/\/resest.com\/wp-content\/uploads\/2024\/03\/Facana-1.jpg\",\"contentUrl\":\"https:\/\/resest.com\/wp-content\/uploads\/2024\/03\/Facana-1.jpg\",\"width\":1200,\"height\":1009,\"caption\":\"Resid\u00e8ncia d&#039;Estudiants l&#039;Estaci\u00f3 de Sabadell | Resest\"},\"image\":{\"@id\":\"https:\/\/resest.com\/ca\/#\/schema\/logo\/image\/\"}},{\"@type\":\"Person\",\"@id\":\"https:\/\/resest.com\/ca\/#\/schema\/person\/f66d2b5dae2cd0a989ab720dd211d2a9\",\"name\":\"Resest\",\"image\":{\"@type\":\"ImageObject\",\"inLanguage\":\"ca-ES\",\"@id\":\"https:\/\/resest.com\/ca\/#\/schema\/person\/image\/\",\"url\":\"https:\/\/secure.gravatar.com\/avatar\/a5d542eca874617a8a62a45c724821a615f770cf5bde5e61a93a7a2562faba7a?s=96&d=mm&r=g\",\"contentUrl\":\"https:\/\/secure.gravatar.com\/avatar\/a5d542eca874617a8a62a45c724821a615f770cf5bde5e61a93a7a2562faba7a?s=96&d=mm&r=g\",\"caption\":\"Resest\"},\"url\":\"https:\/\/resest.com\/ca\/author\/resest\/\"}]}<\/script>\n<!-- \/ Yoast SEO plugin. -->","yoast_head_json":{"title":"Consells d'il\u00b7luminaci\u00f3 per a una concentraci\u00f3 millor","description":"Quin tipus d'il\u00b7luminaci\u00f3 he de tenir a la meva sala d'estudi per concentrarme millor? Descobreix-ho amb Resest en el post d'avui.","robots":{"index":"index","follow":"follow","max-snippet":"max-snippet:-1","max-image-preview":"max-image-preview:large","max-video-preview":"max-video-preview:-1"},"canonical":"https:\/\/resest.com\/ca\/vida-de-lestudiant\/consells-dil%c2%b7luminacio-concentracio-millor\/","og_locale":"ca_ES","og_type":"article","og_title":"Consells d'il\u00b7luminaci\u00f3 per a una concentraci\u00f3 millor","og_description":"Quin tipus d'il\u00b7luminaci\u00f3 he de tenir a la meva sala d'estudi per concentrarme millor? Descobreix-ho amb Resest en el post d'avui.","og_url":"https:\/\/resest.com\/ca\/vida-de-lestudiant\/consells-dil%c2%b7luminacio-concentracio-millor\/","og_site_name":"Resid\u00e8ncia d&#039;Estudiants l&#039;Estaci\u00f3 de Sabadell | Resest","article_published_time":"2022-12-29T08:00:00+00:00","article_modified_time":"2023-01-17T08:21:36+00:00","og_image":[{"width":1200,"height":800,"url":"https:\/\/resest.com\/wp-content\/uploads\/2022\/12\/table-lamp-in-the-loft-style-at-the-workplace-at-h-2022-01-20-01-52-32-utc.jpg","type":"image\/jpeg"}],"author":"Resest","twitter_misc":{"Written by":"Resest","Est. reading time":"3 minutes"},"schema":{"@context":"https:\/\/schema.org","@graph":[{"@type":"Article","@id":"https:\/\/resest.com\/ca\/vida-de-lestudiant\/consells-dil%c2%b7luminacio-concentracio-millor\/#article","isPartOf":{"@id":"https:\/\/resest.com\/ca\/vida-de-lestudiant\/consells-dil%c2%b7luminacio-concentracio-millor\/"},"author":{"name":"Resest","@id":"https:\/\/resest.com\/ca\/#\/schema\/person\/f66d2b5dae2cd0a989ab720dd211d2a9"},"headline":"Consells d&#8217;il\u00b7luminaci\u00f3 per a una concentraci\u00f3 millor","datePublished":"2022-12-29T08:00:00+00:00","dateModified":"2023-01-17T08:21:36+00:00","mainEntityOfPage":{"@id":"https:\/\/resest.com\/ca\/vida-de-lestudiant\/consells-dil%c2%b7luminacio-concentracio-millor\/"},"wordCount":561,"commentCount":0,"publisher":{"@id":"https:\/\/resest.com\/ca\/#organization"},"image":{"@id":"https:\/\/resest.com\/ca\/vida-de-lestudiant\/consells-dil%c2%b7luminacio-concentracio-millor\/#primaryimage"},"thumbnailUrl":"https:\/\/resest.com\/wp-content\/uploads\/2022\/12\/table-lamp-in-the-loft-style-at-the-workplace-at-h-2022-01-20-01-52-32-utc.jpg","articleSection":["Consells per a estudiants universitaris","Vida a la Resid\u00e8ncia"],"inLanguage":"ca-ES","potentialAction":[{"@type":"CommentAction","name":"Comment","target":["https:\/\/resest.com\/ca\/vida-de-lestudiant\/consells-dil%c2%b7luminacio-concentracio-millor\/#respond"]}]},{"@type":"WebPage","@id":"https:\/\/resest.com\/ca\/vida-de-lestudiant\/consells-dil%c2%b7luminacio-concentracio-millor\/","url":"https:\/\/resest.com\/ca\/vida-de-lestudiant\/consells-dil%c2%b7luminacio-concentracio-millor\/","name":"Consells d'il\u00b7luminaci\u00f3 per a una concentraci\u00f3 millor","isPartOf":{"@id":"https:\/\/resest.com\/ca\/#website"},"primaryImageOfPage":{"@id":"https:\/\/resest.com\/ca\/vida-de-lestudiant\/consells-dil%c2%b7luminacio-concentracio-millor\/#primaryimage"},"image":{"@id":"https:\/\/resest.com\/ca\/vida-de-lestudiant\/consells-dil%c2%b7luminacio-concentracio-millor\/#primaryimage"},"thumbnailUrl":"https:\/\/resest.com\/wp-content\/uploads\/2022\/12\/table-lamp-in-the-loft-style-at-the-workplace-at-h-2022-01-20-01-52-32-utc.jpg","datePublished":"2022-12-29T08:00:00+00:00","dateModified":"2023-01-17T08:21:36+00:00","description":"Quin tipus d'il\u00b7luminaci\u00f3 he de tenir a la meva sala d'estudi per concentrarme millor? Descobreix-ho amb Resest en el post d'avui.","breadcrumb":{"@id":"https:\/\/resest.com\/ca\/vida-de-lestudiant\/consells-dil%c2%b7luminacio-concentracio-millor\/#breadcrumb"},"inLanguage":"ca-ES","potentialAction":[{"@type":"ReadAction","target":["https:\/\/resest.com\/ca\/vida-de-lestudiant\/consells-dil%c2%b7luminacio-concentracio-millor\/"]}]},{"@type":"ImageObject","inLanguage":"ca-ES","@id":"https:\/\/resest.com\/ca\/vida-de-lestudiant\/consells-dil%c2%b7luminacio-concentracio-millor\/#primaryimage","url":"https:\/\/resest.com\/wp-content\/uploads\/2022\/12\/table-lamp-in-the-loft-style-at-the-workplace-at-h-2022-01-20-01-52-32-utc.jpg","contentUrl":"https:\/\/resest.com\/wp-content\/uploads\/2022\/12\/table-lamp-in-the-loft-style-at-the-workplace-at-h-2022-01-20-01-52-32-utc.jpg","width":1200,"height":800,"caption":"consejos para concentrarme"},{"@type":"BreadcrumbList","@id":"https:\/\/resest.com\/ca\/vida-de-lestudiant\/consells-dil%c2%b7luminacio-concentracio-millor\/#breadcrumb","itemListElement":[{"@type":"ListItem","position":1,"name":"Inici","item":"https:\/\/resest.com\/ca\/"},{"@type":"ListItem","position":2,"name":"Consells d&#8217;il\u00b7luminaci\u00f3 per a una concentraci\u00f3 millor"}]},{"@type":"WebSite","@id":"https:\/\/resest.com\/ca\/#website","url":"https:\/\/resest.com\/ca\/","name":"Resid\u00e8ncia d&#039;Estudiants l&#039;Estaci\u00f3 de Sabadell | Resest","description":"Prop de l\u2019Universitat Aut\u00f2noma de Barcelona (UAB)","publisher":{"@id":"https:\/\/resest.com\/ca\/#organization"},"potentialAction":[{"@type":"SearchAction","target":{"@type":"EntryPoint","urlTemplate":"https:\/\/resest.com\/ca\/?s={search_term_string}"},"query-input":{"@type":"PropertyValueSpecification","valueRequired":true,"valueName":"search_term_string"}}],"inLanguage":"ca-ES"},{"@type":"Organization","@id":"https:\/\/resest.com\/ca\/#organization","name":"Resid\u00e8ncia d&#039;Estudiants l&#039;Estaci\u00f3 de Sabadell | Resest","url":"https:\/\/resest.com\/ca\/","logo":{"@type":"ImageObject","inLanguage":"ca-ES","@id":"https:\/\/resest.com\/ca\/#\/schema\/logo\/image\/","url":"https:\/\/resest.com\/wp-content\/uploads\/2024\/03\/Facana-1.jpg","contentUrl":"https:\/\/resest.com\/wp-content\/uploads\/2024\/03\/Facana-1.jpg","width":1200,"height":1009,"caption":"Resid\u00e8ncia d&#039;Estudiants l&#039;Estaci\u00f3 de Sabadell | Resest"},"image":{"@id":"https:\/\/resest.com\/ca\/#\/schema\/logo\/image\/"}},{"@type":"Person","@id":"https:\/\/resest.com\/ca\/#\/schema\/person\/f66d2b5dae2cd0a989ab720dd211d2a9","name":"Resest","image":{"@type":"ImageObject","inLanguage":"ca-ES","@id":"https:\/\/resest.com\/ca\/#\/schema\/person\/image\/","url":"https:\/\/secure.gravatar.com\/avatar\/a5d542eca874617a8a62a45c724821a615f770cf5bde5e61a93a7a2562faba7a?s=96&d=mm&r=g","contentUrl":"https:\/\/secure.gravatar.com\/avatar\/a5d542eca874617a8a62a45c724821a615f770cf5bde5e61a93a7a2562faba7a?s=96&d=mm&r=g","caption":"Resest"},"url":"https:\/\/resest.com\/ca\/author\/resest\/"}]}},"_links":{"self":[{"href":"https:\/\/resest.com\/ca\/wp-json\/wp\/v2\/posts\/10384","targetHints":{"allow":["GET"]}}],"collection":[{"href":"https:\/\/resest.com\/ca\/wp-json\/wp\/v2\/posts"}],"about":[{"href":"https:\/\/resest.com\/ca\/wp-json\/wp\/v2\/types\/post"}],"author":[{"embeddable":true,"href":"https:\/\/resest.com\/ca\/wp-json\/wp\/v2\/users\/3"}],"replies":[{"embeddable":true,"href":"https:\/\/resest.com\/ca\/wp-json\/wp\/v2\/comments?post=10384"}],"version-history":[{"count":0,"href":"https:\/\/resest.com\/ca\/wp-json\/wp\/v2\/posts\/10384\/revisions"}],"wp:featuredmedia":[{"embeddable":true,"href":"https:\/\/resest.com\/ca\/wp-json\/wp\/v2\/media\/10380"}],"wp:attachment":[{"href":"https:\/\/resest.com\/ca\/wp-json\/wp\/v2\/media?parent=10384"}],"wp:term":[{"taxonomy":"category","embeddable":true,"href":"https:\/\/resest.com\/ca\/wp-json\/wp\/v2\/categories?post=10384"},{"taxonomy":"post_tag","embeddable":true,"href":"https:\/\/resest.com\/ca\/wp-json\/wp\/v2\/tags?post=10384"}],"curies":[{"name":"wp","href":"https:\/\/api.w.org\/{rel}","templated":true}]}}