{"id":10364,"date":"2022-12-20T08:57:29","date_gmt":"2022-12-20T07:57:29","guid":{"rendered":"https:\/\/resest.com\/?p=10364"},"modified":"2022-12-20T09:09:05","modified_gmt":"2022-12-20T08:09:05","slug":"3-mercats-nadal-prop-sabadell","status":"publish","type":"post","link":"https:\/\/resest.com\/ca\/vida-de-lestudiant\/3-mercats-nadal-prop-sabadell\/","title":{"rendered":"3 mercats de Nadal a prop Sabadell"},"content":{"rendered":"\n<p>Desembre \u00e9s un mes m\u00e0gic ple de mercats nadalencs per totes les ciutats de Catalunya. Per a moltes fam\u00edlies, \u00e9s una tradici\u00f3 passejar per les ciutats que preparen aquestes fires de Nadal on s&#8217;hi organitzen nombroses activitats per a tots els p\u00fablics.<br>Per aix\u00f2, en aquest post d&#8217;avui de <a href=\"https:\/\/resest.com\/ca\/\">Resest<\/a>, hem recollit<strong> 3 llocs on fan mercats ambulants de Nadal a menys de 30-40 minuts de Sabadell<\/strong>, on poder gaudir de l&#8217;ambient nadalenc amb els teus familiars o amics. Fes-li una ullada i escapa&#8217;t aquest cap de setmana a viure la m\u00e0gia del nadal amb els teus!<\/p>\n\n\n\n<h2 class=\"wp-block-heading\">Fira Artesana de Nadal de Sabadell<\/h2>\n\n\n\n<p>Aquesta fira \u00e9s oberta des del 15 de desembre al 5 de gener. \u00c9s un tipus de mercat ambulant artesanal i de nadal localitzat al passeig de la pla\u00e7a major de la ciutat de Sabadell. \u00c9s obert tot el dia, de 10-14 i de 16.30 a 21h. Hi ha m\u00e9s de 15 parades nadalenques on podreu gaudir de j<strong>oieria, cer\u00e0mica, objectes t\u00e8xtils, de cuir, papereria, <\/strong>i molt m\u00e9s! No t&#8217;ho pots perdre, est\u00e0 molt a prop de la <a href=\"https:\/\/resest.com\/ca\/ubicacio-residencia-estudiantil-a-sabadell-barcelona\/\">Resid\u00e8ncia d&#8217;Estudiants.<\/a><\/p>\n\n\n\n<h2 class=\"wp-block-heading\">Mercat de Nadal de Caldes de Montbui<\/h2>\n\n\n\n<p>La tradicional Fira de Nadal i mercat d&#8217;artesans de Caldes de Montbui rep milers de visitants interessats per les singularitats de la celebraci\u00f3 calderina, com el brou cuinat amb aigua termal i amb llenya a l&#8217;olla gegant m\u00e9s gran de Catalunya. L\u00b4olla gegant, d\u00b41,50 metres de di\u00e0metre, t\u00e9 una capacitat per a 1600 litres de brou. Aquesta ser\u00e0 una ocasi\u00f3 per descobrir els atractius de la vila termal. La fira reuneix al nucli antic, una gran varietat de mostres de productes i motius nadalencs, aix\u00ed com artesania de tota mena. Tamb\u00e9 hi participen les diferents entitats i comer\u00e7os de la vila. A m\u00e9s, s&#8217;han programat un conjunt <strong>d&#8217;activitats per gaudir-ne amb tota la fam\u00edlia<\/strong>. Tothom podr\u00e0 viure el tradicional ambient nadalenc. Podeu anar-la a visitar del 2 al 11 de desembre 2022.<\/p>\n\n\n\n<h2 class=\"wp-block-heading\">Fira de Nadal de Matar\u00f3<\/h2>\n\n\n\n<p>En aquesta Fira de Nadal del Maresme, podreu trobar ornaments per <strong>decorar la llar, regals i dol\u00e7os per a aquestes festes.<\/strong> Avets naturals i artificials, Flors, plantes, ti\u00f3 de Nadal i centres nadalencs. Figures i elements per fer o ampliar el pessebre. Torrons, neules i dol\u00e7os tradicionals. S&#8217;instal\u00b7la al centre de Matar\u00f3 a partir del 26 de novembre i fins al 23 de desembre 2022. En ser al centre, podreu gaudir tamb\u00e9 de les botigues que es troben pel passeig.<\/p>\n","protected":false},"excerpt":{"rendered":"<p>Desembre \u00e9s un mes m\u00e0gic ple de mercats nadalencs per totes les ciutats de Catalunya. Per a moltes fam\u00edlies, \u00e9s una tradici\u00f3 passejar per les ciutats que preparen aquestes fires de Nadal on s&#8217;hi organitzen nombroses activitats per a tots els p\u00fablics.Per aix\u00f2, en aquest post d&#8217;avui de Resest, hem recollit 3 llocs on fan&hellip;<\/p>\n","protected":false},"author":3,"featured_media":10365,"comment_status":"open","ping_status":"open","sticky":false,"template":"","format":"standard","meta":{"footnotes":""},"categories":[50,51],"tags":[],"class_list":["post-10364","post","type-post","status-publish","format-standard","has-post-thumbnail","hentry","category-vida-de-lestudiant","category-activitats-i-oci","entry","has-media"],"yoast_head":"<!-- This site is optimized with the Yoast SEO plugin v26.4 - https:\/\/yoast.com\/wordpress\/plugins\/seo\/ -->\n<title>Descobreix els 3 millors mercats de Nadal a prop de Sabadell<\/title>\n<meta name=\"description\" content=\"Escapa&#039;t aquest cap de setmana a viure la m\u00e0gia del nadal! Descobreix els millors mercats de Nadal a prop de Sabadell.\" \/>\n<meta name=\"robots\" content=\"index, follow, max-snippet:-1, max-image-preview:large, max-video-preview:-1\" \/>\n<link rel=\"canonical\" href=\"https:\/\/resest.com\/ca\/vida-de-lestudiant\/3-mercats-nadal-prop-sabadell\/\" \/>\n<meta property=\"og:locale\" content=\"ca_ES\" \/>\n<meta property=\"og:type\" content=\"article\" \/>\n<meta property=\"og:title\" content=\"Descobreix els 3 millors mercats de Nadal a prop de Sabadell\" \/>\n<meta property=\"og:description\" content=\"Escapa&#039;t aquest cap de setmana a viure la m\u00e0gia del nadal! Descobreix els millors mercats de Nadal a prop de Sabadell.\" \/>\n<meta property=\"og:url\" content=\"https:\/\/resest.com\/ca\/vida-de-lestudiant\/3-mercats-nadal-prop-sabadell\/\" \/>\n<meta property=\"og:site_name\" content=\"Resid\u00e8ncia d&#039;Estudiants l&#039;Estaci\u00f3 de Sabadell | Resest\" \/>\n<meta property=\"article:published_time\" content=\"2022-12-20T07:57:29+00:00\" \/>\n<meta property=\"article:modified_time\" content=\"2022-12-20T08:09:05+00:00\" \/>\n<meta property=\"og:image\" content=\"https:\/\/resest.com\/wp-content\/uploads\/2022\/12\/Captura-1.png\" \/>\n\t<meta property=\"og:image:width\" content=\"1200\" \/>\n\t<meta property=\"og:image:height\" content=\"813\" \/>\n\t<meta property=\"og:image:type\" content=\"image\/png\" \/>\n<meta name=\"author\" content=\"Resest\" \/>\n<meta name=\"twitter:label1\" content=\"Written by\" \/>\n\t<meta name=\"twitter:data1\" content=\"Resest\" \/>\n\t<meta name=\"twitter:label2\" content=\"Est. reading time\" \/>\n\t<meta name=\"twitter:data2\" content=\"3 minutes\" \/>\n<script type=\"application\/ld+json\" class=\"yoast-schema-graph\">{\"@context\":\"https:\/\/schema.org\",\"@graph\":[{\"@type\":\"Article\",\"@id\":\"https:\/\/resest.com\/ca\/vida-de-lestudiant\/3-mercats-nadal-prop-sabadell\/#article\",\"isPartOf\":{\"@id\":\"https:\/\/resest.com\/ca\/vida-de-lestudiant\/3-mercats-nadal-prop-sabadell\/\"},\"author\":{\"name\":\"Resest\",\"@id\":\"https:\/\/resest.com\/ca\/#\/schema\/person\/f66d2b5dae2cd0a989ab720dd211d2a9\"},\"headline\":\"3 mercats de Nadal a prop Sabadell\",\"datePublished\":\"2022-12-20T07:57:29+00:00\",\"dateModified\":\"2022-12-20T08:09:05+00:00\",\"mainEntityOfPage\":{\"@id\":\"https:\/\/resest.com\/ca\/vida-de-lestudiant\/3-mercats-nadal-prop-sabadell\/\"},\"wordCount\":431,\"commentCount\":0,\"publisher\":{\"@id\":\"https:\/\/resest.com\/ca\/#organization\"},\"image\":{\"@id\":\"https:\/\/resest.com\/ca\/vida-de-lestudiant\/3-mercats-nadal-prop-sabadell\/#primaryimage\"},\"thumbnailUrl\":\"https:\/\/resest.com\/wp-content\/uploads\/2022\/12\/Captura-1.png\",\"articleSection\":[\"Consells per a estudiants universitaris\",\"Qu\u00e8 fer a Sabadell i Barcelona\"],\"inLanguage\":\"ca-ES\",\"potentialAction\":[{\"@type\":\"CommentAction\",\"name\":\"Comment\",\"target\":[\"https:\/\/resest.com\/ca\/vida-de-lestudiant\/3-mercats-nadal-prop-sabadell\/#respond\"]}]},{\"@type\":\"WebPage\",\"@id\":\"https:\/\/resest.com\/ca\/vida-de-lestudiant\/3-mercats-nadal-prop-sabadell\/\",\"url\":\"https:\/\/resest.com\/ca\/vida-de-lestudiant\/3-mercats-nadal-prop-sabadell\/\",\"name\":\"Descobreix els 3 millors mercats de Nadal a prop de Sabadell\",\"isPartOf\":{\"@id\":\"https:\/\/resest.com\/ca\/#website\"},\"primaryImageOfPage\":{\"@id\":\"https:\/\/resest.com\/ca\/vida-de-lestudiant\/3-mercats-nadal-prop-sabadell\/#primaryimage\"},\"image\":{\"@id\":\"https:\/\/resest.com\/ca\/vida-de-lestudiant\/3-mercats-nadal-prop-sabadell\/#primaryimage\"},\"thumbnailUrl\":\"https:\/\/resest.com\/wp-content\/uploads\/2022\/12\/Captura-1.png\",\"datePublished\":\"2022-12-20T07:57:29+00:00\",\"dateModified\":\"2022-12-20T08:09:05+00:00\",\"description\":\"Escapa't aquest cap de setmana a viure la m\u00e0gia del nadal! Descobreix els millors mercats de Nadal a prop de Sabadell.\",\"breadcrumb\":{\"@id\":\"https:\/\/resest.com\/ca\/vida-de-lestudiant\/3-mercats-nadal-prop-sabadell\/#breadcrumb\"},\"inLanguage\":\"ca-ES\",\"potentialAction\":[{\"@type\":\"ReadAction\",\"target\":[\"https:\/\/resest.com\/ca\/vida-de-lestudiant\/3-mercats-nadal-prop-sabadell\/\"]}]},{\"@type\":\"ImageObject\",\"inLanguage\":\"ca-ES\",\"@id\":\"https:\/\/resest.com\/ca\/vida-de-lestudiant\/3-mercats-nadal-prop-sabadell\/#primaryimage\",\"url\":\"https:\/\/resest.com\/wp-content\/uploads\/2022\/12\/Captura-1.png\",\"contentUrl\":\"https:\/\/resest.com\/wp-content\/uploads\/2022\/12\/Captura-1.png\",\"width\":1200,\"height\":813,\"caption\":\"mercats nadal sabadell\"},{\"@type\":\"BreadcrumbList\",\"@id\":\"https:\/\/resest.com\/ca\/vida-de-lestudiant\/3-mercats-nadal-prop-sabadell\/#breadcrumb\",\"itemListElement\":[{\"@type\":\"ListItem\",\"position\":1,\"name\":\"Inici\",\"item\":\"https:\/\/resest.com\/ca\/\"},{\"@type\":\"ListItem\",\"position\":2,\"name\":\"3 mercats de Nadal a prop Sabadell\"}]},{\"@type\":\"WebSite\",\"@id\":\"https:\/\/resest.com\/ca\/#website\",\"url\":\"https:\/\/resest.com\/ca\/\",\"name\":\"Resid\u00e8ncia d&#039;Estudiants l&#039;Estaci\u00f3 de Sabadell | Resest\",\"description\":\"Prop de l\u2019Universitat Aut\u00f2noma de Barcelona (UAB)\",\"publisher\":{\"@id\":\"https:\/\/resest.com\/ca\/#organization\"},\"potentialAction\":[{\"@type\":\"SearchAction\",\"target\":{\"@type\":\"EntryPoint\",\"urlTemplate\":\"https:\/\/resest.com\/ca\/?s={search_term_string}\"},\"query-input\":{\"@type\":\"PropertyValueSpecification\",\"valueRequired\":true,\"valueName\":\"search_term_string\"}}],\"inLanguage\":\"ca-ES\"},{\"@type\":\"Organization\",\"@id\":\"https:\/\/resest.com\/ca\/#organization\",\"name\":\"Resid\u00e8ncia d&#039;Estudiants l&#039;Estaci\u00f3 de Sabadell | Resest\",\"url\":\"https:\/\/resest.com\/ca\/\",\"logo\":{\"@type\":\"ImageObject\",\"inLanguage\":\"ca-ES\",\"@id\":\"https:\/\/resest.com\/ca\/#\/schema\/logo\/image\/\",\"url\":\"https:\/\/resest.com\/wp-content\/uploads\/2024\/03\/Facana-1.jpg\",\"contentUrl\":\"https:\/\/resest.com\/wp-content\/uploads\/2024\/03\/Facana-1.jpg\",\"width\":1200,\"height\":1009,\"caption\":\"Resid\u00e8ncia d&#039;Estudiants l&#039;Estaci\u00f3 de Sabadell | Resest\"},\"image\":{\"@id\":\"https:\/\/resest.com\/ca\/#\/schema\/logo\/image\/\"}},{\"@type\":\"Person\",\"@id\":\"https:\/\/resest.com\/ca\/#\/schema\/person\/f66d2b5dae2cd0a989ab720dd211d2a9\",\"name\":\"Resest\",\"image\":{\"@type\":\"ImageObject\",\"inLanguage\":\"ca-ES\",\"@id\":\"https:\/\/resest.com\/ca\/#\/schema\/person\/image\/\",\"url\":\"https:\/\/secure.gravatar.com\/avatar\/a5d542eca874617a8a62a45c724821a615f770cf5bde5e61a93a7a2562faba7a?s=96&d=mm&r=g\",\"contentUrl\":\"https:\/\/secure.gravatar.com\/avatar\/a5d542eca874617a8a62a45c724821a615f770cf5bde5e61a93a7a2562faba7a?s=96&d=mm&r=g\",\"caption\":\"Resest\"},\"url\":\"https:\/\/resest.com\/ca\/author\/resest\/\"}]}<\/script>\n<!-- \/ Yoast SEO plugin. -->","yoast_head_json":{"title":"Descobreix els 3 millors mercats de Nadal a prop de Sabadell","description":"Escapa't aquest cap de setmana a viure la m\u00e0gia del nadal! Descobreix els millors mercats de Nadal a prop de Sabadell.","robots":{"index":"index","follow":"follow","max-snippet":"max-snippet:-1","max-image-preview":"max-image-preview:large","max-video-preview":"max-video-preview:-1"},"canonical":"https:\/\/resest.com\/ca\/vida-de-lestudiant\/3-mercats-nadal-prop-sabadell\/","og_locale":"ca_ES","og_type":"article","og_title":"Descobreix els 3 millors mercats de Nadal a prop de Sabadell","og_description":"Escapa't aquest cap de setmana a viure la m\u00e0gia del nadal! Descobreix els millors mercats de Nadal a prop de Sabadell.","og_url":"https:\/\/resest.com\/ca\/vida-de-lestudiant\/3-mercats-nadal-prop-sabadell\/","og_site_name":"Resid\u00e8ncia d&#039;Estudiants l&#039;Estaci\u00f3 de Sabadell | Resest","article_published_time":"2022-12-20T07:57:29+00:00","article_modified_time":"2022-12-20T08:09:05+00:00","og_image":[{"width":1200,"height":813,"url":"https:\/\/resest.com\/wp-content\/uploads\/2022\/12\/Captura-1.png","type":"image\/png"}],"author":"Resest","twitter_misc":{"Written by":"Resest","Est. reading time":"3 minutes"},"schema":{"@context":"https:\/\/schema.org","@graph":[{"@type":"Article","@id":"https:\/\/resest.com\/ca\/vida-de-lestudiant\/3-mercats-nadal-prop-sabadell\/#article","isPartOf":{"@id":"https:\/\/resest.com\/ca\/vida-de-lestudiant\/3-mercats-nadal-prop-sabadell\/"},"author":{"name":"Resest","@id":"https:\/\/resest.com\/ca\/#\/schema\/person\/f66d2b5dae2cd0a989ab720dd211d2a9"},"headline":"3 mercats de Nadal a prop Sabadell","datePublished":"2022-12-20T07:57:29+00:00","dateModified":"2022-12-20T08:09:05+00:00","mainEntityOfPage":{"@id":"https:\/\/resest.com\/ca\/vida-de-lestudiant\/3-mercats-nadal-prop-sabadell\/"},"wordCount":431,"commentCount":0,"publisher":{"@id":"https:\/\/resest.com\/ca\/#organization"},"image":{"@id":"https:\/\/resest.com\/ca\/vida-de-lestudiant\/3-mercats-nadal-prop-sabadell\/#primaryimage"},"thumbnailUrl":"https:\/\/resest.com\/wp-content\/uploads\/2022\/12\/Captura-1.png","articleSection":["Consells per a estudiants universitaris","Qu\u00e8 fer a Sabadell i Barcelona"],"inLanguage":"ca-ES","potentialAction":[{"@type":"CommentAction","name":"Comment","target":["https:\/\/resest.com\/ca\/vida-de-lestudiant\/3-mercats-nadal-prop-sabadell\/#respond"]}]},{"@type":"WebPage","@id":"https:\/\/resest.com\/ca\/vida-de-lestudiant\/3-mercats-nadal-prop-sabadell\/","url":"https:\/\/resest.com\/ca\/vida-de-lestudiant\/3-mercats-nadal-prop-sabadell\/","name":"Descobreix els 3 millors mercats de Nadal a prop de Sabadell","isPartOf":{"@id":"https:\/\/resest.com\/ca\/#website"},"primaryImageOfPage":{"@id":"https:\/\/resest.com\/ca\/vida-de-lestudiant\/3-mercats-nadal-prop-sabadell\/#primaryimage"},"image":{"@id":"https:\/\/resest.com\/ca\/vida-de-lestudiant\/3-mercats-nadal-prop-sabadell\/#primaryimage"},"thumbnailUrl":"https:\/\/resest.com\/wp-content\/uploads\/2022\/12\/Captura-1.png","datePublished":"2022-12-20T07:57:29+00:00","dateModified":"2022-12-20T08:09:05+00:00","description":"Escapa't aquest cap de setmana a viure la m\u00e0gia del nadal! Descobreix els millors mercats de Nadal a prop de Sabadell.","breadcrumb":{"@id":"https:\/\/resest.com\/ca\/vida-de-lestudiant\/3-mercats-nadal-prop-sabadell\/#breadcrumb"},"inLanguage":"ca-ES","potentialAction":[{"@type":"ReadAction","target":["https:\/\/resest.com\/ca\/vida-de-lestudiant\/3-mercats-nadal-prop-sabadell\/"]}]},{"@type":"ImageObject","inLanguage":"ca-ES","@id":"https:\/\/resest.com\/ca\/vida-de-lestudiant\/3-mercats-nadal-prop-sabadell\/#primaryimage","url":"https:\/\/resest.com\/wp-content\/uploads\/2022\/12\/Captura-1.png","contentUrl":"https:\/\/resest.com\/wp-content\/uploads\/2022\/12\/Captura-1.png","width":1200,"height":813,"caption":"mercats nadal sabadell"},{"@type":"BreadcrumbList","@id":"https:\/\/resest.com\/ca\/vida-de-lestudiant\/3-mercats-nadal-prop-sabadell\/#breadcrumb","itemListElement":[{"@type":"ListItem","position":1,"name":"Inici","item":"https:\/\/resest.com\/ca\/"},{"@type":"ListItem","position":2,"name":"3 mercats de Nadal a prop Sabadell"}]},{"@type":"WebSite","@id":"https:\/\/resest.com\/ca\/#website","url":"https:\/\/resest.com\/ca\/","name":"Resid\u00e8ncia d&#039;Estudiants l&#039;Estaci\u00f3 de Sabadell | Resest","description":"Prop de l\u2019Universitat Aut\u00f2noma de Barcelona (UAB)","publisher":{"@id":"https:\/\/resest.com\/ca\/#organization"},"potentialAction":[{"@type":"SearchAction","target":{"@type":"EntryPoint","urlTemplate":"https:\/\/resest.com\/ca\/?s={search_term_string}"},"query-input":{"@type":"PropertyValueSpecification","valueRequired":true,"valueName":"search_term_string"}}],"inLanguage":"ca-ES"},{"@type":"Organization","@id":"https:\/\/resest.com\/ca\/#organization","name":"Resid\u00e8ncia d&#039;Estudiants l&#039;Estaci\u00f3 de Sabadell | Resest","url":"https:\/\/resest.com\/ca\/","logo":{"@type":"ImageObject","inLanguage":"ca-ES","@id":"https:\/\/resest.com\/ca\/#\/schema\/logo\/image\/","url":"https:\/\/resest.com\/wp-content\/uploads\/2024\/03\/Facana-1.jpg","contentUrl":"https:\/\/resest.com\/wp-content\/uploads\/2024\/03\/Facana-1.jpg","width":1200,"height":1009,"caption":"Resid\u00e8ncia d&#039;Estudiants l&#039;Estaci\u00f3 de Sabadell | Resest"},"image":{"@id":"https:\/\/resest.com\/ca\/#\/schema\/logo\/image\/"}},{"@type":"Person","@id":"https:\/\/resest.com\/ca\/#\/schema\/person\/f66d2b5dae2cd0a989ab720dd211d2a9","name":"Resest","image":{"@type":"ImageObject","inLanguage":"ca-ES","@id":"https:\/\/resest.com\/ca\/#\/schema\/person\/image\/","url":"https:\/\/secure.gravatar.com\/avatar\/a5d542eca874617a8a62a45c724821a615f770cf5bde5e61a93a7a2562faba7a?s=96&d=mm&r=g","contentUrl":"https:\/\/secure.gravatar.com\/avatar\/a5d542eca874617a8a62a45c724821a615f770cf5bde5e61a93a7a2562faba7a?s=96&d=mm&r=g","caption":"Resest"},"url":"https:\/\/resest.com\/ca\/author\/resest\/"}]}},"_links":{"self":[{"href":"https:\/\/resest.com\/ca\/wp-json\/wp\/v2\/posts\/10364","targetHints":{"allow":["GET"]}}],"collection":[{"href":"https:\/\/resest.com\/ca\/wp-json\/wp\/v2\/posts"}],"about":[{"href":"https:\/\/resest.com\/ca\/wp-json\/wp\/v2\/types\/post"}],"author":[{"embeddable":true,"href":"https:\/\/resest.com\/ca\/wp-json\/wp\/v2\/users\/3"}],"replies":[{"embeddable":true,"href":"https:\/\/resest.com\/ca\/wp-json\/wp\/v2\/comments?post=10364"}],"version-history":[{"count":0,"href":"https:\/\/resest.com\/ca\/wp-json\/wp\/v2\/posts\/10364\/revisions"}],"wp:featuredmedia":[{"embeddable":true,"href":"https:\/\/resest.com\/ca\/wp-json\/wp\/v2\/media\/10365"}],"wp:attachment":[{"href":"https:\/\/resest.com\/ca\/wp-json\/wp\/v2\/media?parent=10364"}],"wp:term":[{"taxonomy":"category","embeddable":true,"href":"https:\/\/resest.com\/ca\/wp-json\/wp\/v2\/categories?post=10364"},{"taxonomy":"post_tag","embeddable":true,"href":"https:\/\/resest.com\/ca\/wp-json\/wp\/v2\/tags?post=10364"}],"curies":[{"name":"wp","href":"https:\/\/api.w.org\/{rel}","templated":true}]}}