{"id":10062,"date":"2022-05-23T10:00:00","date_gmt":"2022-05-23T08:00:00","guid":{"rendered":"https:\/\/resest.com\/?p=10062"},"modified":"2022-10-18T13:16:02","modified_gmt":"2022-10-18T11:16:02","slug":"musica-i-festivals-a-sabadell","status":"publish","type":"post","link":"https:\/\/resest.com\/ca\/blog\/musica-i-festivals-a-sabadell\/","title":{"rendered":"M\u00fasica i Festivals a Sabadell"},"content":{"rendered":"\n<p>El Festival Observa porta les activitats de Sabadell 2022 amb artistes molt diversos que us faran ballar i gaudir. Reprenem totes les activitats a l&#8217;amfiteatre del <a href=\"https:\/\/resest.com\/ca\/bloc-allotjament-per-a-estudiants-a-barcelona-bellaterra\/\">Parc Catalunya<\/a> i us ajudem amb l&#8217;allotjament a resest.com.<\/p>\n\n\n\n<h2 class=\"wp-block-heading\">Artistes convidats del 26 de maig al 19 de juny<br>Maig<\/h2>\n\n\n\n<p>\u2022 ABBA THE NEW EXPERIENCE<br>Es tracta d\u00b4un tribut a un dels grups musicals m\u00e9s coneguts dels anys 70 i 80. Gr\u00e0cies a ells, seguim coneixent els grans \u00e8xits d\u00b4ABBA.<\/p>\n\n\n\n<p><br>\u2022 SFDK + RAPSUSKLEI<br>Promocionant el seu nou \u00e0lbum Cordura transit\u00f2ria, Rapsusklei i SFDK han creat Est\u00e1 to maco, un nou hit per a la teva col\u00b7lecci\u00f3.<\/p>\n\n\n\n<p><br>\u2022 M CLAN<br>Considerada una de les millors bandes de rock, arriba al <a href=\"https:\/\/resest.com\/ca\/blog\/festival-observa-la-teva-nova-cita-musical-a-sabadell\/\">Festival Observa <\/a>unint la seva banda per cantar els seus grans \u00e8xits en un format el\u00e8ctric.<\/p>\n\n\n\n<p><br>\u2022 REGGAE PER XICS<br>\u00c9s el seu 5\u00e8 projecte adre\u00e7at al p\u00fablic familiar. Presenten un disc de 12 can\u00e7ons, 8 originals adaptades al repertori tradicional de ritmes jamaicans.<\/p>\n\n\n\n<h2 class=\"wp-block-heading\">Juny<\/h2>\n\n\n\n<p>\u2022 La novena de Beethoven<br>\u00c9s el darrer concert d\u00b4aquesta banda, l\u00b4Orquestra Simf\u00f2nica del Vall\u00e8s. Representaran la darrera simfonia de Beethoven i faran gaudir molt el p\u00fablic amb una de les obres m\u00e9s populars i transcendentals de la hist\u00f2ria.<\/p>\n\n\n\n<p><br>\u2022 ISEU I DODOSOUND<br>Es tracta d&#8217;un duet nascut el 2014 amb un estil \u201cdub\u201d dels vuitanta.<\/p>\n\n\n\n<p><br>\u2022 ELS CATARRES + THE TYETS<br>Els seus temes es caracteritzen perqu\u00e8 s\u00f3n tropicals, frescos i desenfadats combinats amb un directe de banda molt potent. S\u00f3n un grup imprescindible de la m\u00fasica catalana.<\/p>\n\n\n\n<p><br>\u2022 Heavy per xics<br>Espectacle familiar i musical interpretant himnes del heavy rock i el can\u00e7oner catal\u00e0.<\/p>\n\n\n\n<p><br>\u2022 Play The Game, un tribut a Queen<br>Un tribut a Queen que no deixa indiferent ning\u00fa. Amb ell podreu gaudir dels grans \u00e8xits de la banda despr\u00e9s de m\u00e9s de 10 anys pujats a l&#8217;escenari.<\/p>\n\n\n\n<p><br>\u2022 Don Patricio<br>Amb m\u00e9s de 14 milions d&#8217;oients, Don Patricio arriba a Sabadell per fer-nos cantar i ballar amb els seus grans \u00e8xits.<\/p>\n\n\n\n<p><br>\u2022 Joan Dausa<br>Amb el seu nou disc Lo Tenim Tot ens porta vitalitat i optimisme a Sabadell.<\/p>\n\n\n\n<p><br>\u2022 Damaris Gelabert<br>Repertori basat en les can\u00e7ons m\u00e9s populars i les noves en un format m\u00e9s consagrat.<\/p>\n\n\n\n<p><br>\u2022 Love love love, un viatge per la m\u00fasica i l\u00b4amor<br>A l&#8217;escenari, mig centenar de m\u00fasics agrupats per l&#8217;Orquestra Simf\u00f2nica del Vall\u00e8s i la Love Rock Band ens ensenyen una parella estranya unida per l&#8217;amor i la m\u00fasica.<\/p>\n\n\n\n<p><br>\u2022 La Casa Blava<br>La Casa Blava ens ve per donar-nos una explosi\u00f3 d&#8217;energia i acabar amb una felicitat plena.<\/p>\n\n\n\n<p><br>\u2022 Rosario Flores<br>Coneguda i reconeguda per la seva llarga traject\u00f2ria professional, la filla de Lola Flores cantar\u00e0 els seus grans \u00e8xits juntament amb el seu nou \u00e0lbum, publicat el 2021, T&#8217;ho dic tot.<\/p>\n\n\n\n<p><br>\u2022 Lali Begood<br>Representant del kindie music, ens far\u00e0 gaudir amb molt de ritme i humor.<\/p>\n\n\n\n<p><br>Reserva ja el teu allotjament per a les <a href=\"https:\/\/resest.com\/es\/blog-es\/actividades-en-sabadell-parque-de-sant-llorenc\/\">activitats <\/a>de Sabadell 2022!<\/p>\n","protected":false},"excerpt":{"rendered":"<p>El Festival Observa porta les activitats de Sabadell 2022 amb artistes molt diversos que us faran ballar i gaudir. Reprenem totes les activitats a l&#8217;amfiteatre del Parc Catalunya i us ajudem amb l&#8217;allotjament a resest.com. Artistes convidats del 26 de maig al 19 de junyMaig \u2022 ABBA THE NEW EXPERIENCEEs tracta d\u00b4un tribut a un&hellip;<\/p>\n","protected":false},"author":3,"featured_media":10058,"comment_status":"open","ping_status":"open","sticky":false,"template":"","format":"standard","meta":{"footnotes":""},"categories":[6,50],"tags":[],"class_list":["post-10062","post","type-post","status-publish","format-standard","has-post-thumbnail","hentry","category-blog","category-vida-de-lestudiant","entry","has-media"],"yoast_head":"<!-- This site is optimized with the Yoast SEO plugin v26.4 - https:\/\/yoast.com\/wordpress\/plugins\/seo\/ -->\n<title>Activitats Sabadell 2022: una \u00e9s el Festival Observa - Resest<\/title>\n<meta name=\"description\" content=\"Gaudeix de les nombroses Activitats Sabadell 2022 que t&#039;ofereix el Festival Observa i allotja&#039;t a una de les millors resid\u00e8ncies de Sabadell. Vine ja!\" \/>\n<meta name=\"robots\" content=\"index, follow, max-snippet:-1, max-image-preview:large, max-video-preview:-1\" \/>\n<link rel=\"canonical\" href=\"https:\/\/resest.com\/ca\/blog\/musica-i-festivals-a-sabadell\/\" \/>\n<meta property=\"og:locale\" content=\"ca_ES\" \/>\n<meta property=\"og:type\" content=\"article\" \/>\n<meta property=\"og:title\" content=\"Activitats Sabadell 2022: una \u00e9s el Festival Observa - Resest\" \/>\n<meta property=\"og:description\" content=\"Gaudeix de les nombroses Activitats Sabadell 2022 que t&#039;ofereix el Festival Observa i allotja&#039;t a una de les millors resid\u00e8ncies de Sabadell. Vine ja!\" \/>\n<meta property=\"og:url\" content=\"https:\/\/resest.com\/ca\/blog\/musica-i-festivals-a-sabadell\/\" \/>\n<meta property=\"og:site_name\" content=\"Resid\u00e8ncia d&#039;Estudiants l&#039;Estaci\u00f3 de Sabadell | Resest\" \/>\n<meta property=\"article:published_time\" content=\"2022-05-23T08:00:00+00:00\" \/>\n<meta property=\"article:modified_time\" content=\"2022-10-18T11:16:02+00:00\" \/>\n<meta property=\"og:image\" content=\"https:\/\/resest.com\/wp-content\/uploads\/2022\/05\/audience-at-outdoor-music-festival-2021-08-26-16-12-45-utc.jpg\" \/>\n\t<meta property=\"og:image:width\" content=\"1200\" \/>\n\t<meta property=\"og:image:height\" content=\"800\" \/>\n\t<meta property=\"og:image:type\" content=\"image\/jpeg\" \/>\n<meta name=\"author\" content=\"Resest\" \/>\n<meta name=\"twitter:label1\" content=\"Written by\" \/>\n\t<meta name=\"twitter:data1\" content=\"Resest\" \/>\n\t<meta name=\"twitter:label2\" content=\"Est. reading time\" \/>\n\t<meta name=\"twitter:data2\" content=\"3 minutes\" \/>\n<script type=\"application\/ld+json\" class=\"yoast-schema-graph\">{\"@context\":\"https:\/\/schema.org\",\"@graph\":[{\"@type\":\"Article\",\"@id\":\"https:\/\/resest.com\/ca\/blog\/musica-i-festivals-a-sabadell\/#article\",\"isPartOf\":{\"@id\":\"https:\/\/resest.com\/ca\/blog\/musica-i-festivals-a-sabadell\/\"},\"author\":{\"name\":\"Resest\",\"@id\":\"https:\/\/resest.com\/ca\/#\/schema\/person\/f66d2b5dae2cd0a989ab720dd211d2a9\"},\"headline\":\"M\u00fasica i Festivals a Sabadell\",\"datePublished\":\"2022-05-23T08:00:00+00:00\",\"dateModified\":\"2022-10-18T11:16:02+00:00\",\"mainEntityOfPage\":{\"@id\":\"https:\/\/resest.com\/ca\/blog\/musica-i-festivals-a-sabadell\/\"},\"wordCount\":489,\"commentCount\":0,\"publisher\":{\"@id\":\"https:\/\/resest.com\/ca\/#organization\"},\"image\":{\"@id\":\"https:\/\/resest.com\/ca\/blog\/musica-i-festivals-a-sabadell\/#primaryimage\"},\"thumbnailUrl\":\"https:\/\/resest.com\/wp-content\/uploads\/2022\/05\/audience-at-outdoor-music-festival-2021-08-26-16-12-45-utc.jpg\",\"articleSection\":[\"Blog\",\"Consells per a estudiants universitaris\"],\"inLanguage\":\"ca-ES\",\"potentialAction\":[{\"@type\":\"CommentAction\",\"name\":\"Comment\",\"target\":[\"https:\/\/resest.com\/ca\/blog\/musica-i-festivals-a-sabadell\/#respond\"]}]},{\"@type\":\"WebPage\",\"@id\":\"https:\/\/resest.com\/ca\/blog\/musica-i-festivals-a-sabadell\/\",\"url\":\"https:\/\/resest.com\/ca\/blog\/musica-i-festivals-a-sabadell\/\",\"name\":\"Activitats Sabadell 2022: una \u00e9s el Festival Observa - Resest\",\"isPartOf\":{\"@id\":\"https:\/\/resest.com\/ca\/#website\"},\"primaryImageOfPage\":{\"@id\":\"https:\/\/resest.com\/ca\/blog\/musica-i-festivals-a-sabadell\/#primaryimage\"},\"image\":{\"@id\":\"https:\/\/resest.com\/ca\/blog\/musica-i-festivals-a-sabadell\/#primaryimage\"},\"thumbnailUrl\":\"https:\/\/resest.com\/wp-content\/uploads\/2022\/05\/audience-at-outdoor-music-festival-2021-08-26-16-12-45-utc.jpg\",\"datePublished\":\"2022-05-23T08:00:00+00:00\",\"dateModified\":\"2022-10-18T11:16:02+00:00\",\"description\":\"Gaudeix de les nombroses Activitats Sabadell 2022 que t'ofereix el Festival Observa i allotja't a una de les millors resid\u00e8ncies de Sabadell. Vine ja!\",\"breadcrumb\":{\"@id\":\"https:\/\/resest.com\/ca\/blog\/musica-i-festivals-a-sabadell\/#breadcrumb\"},\"inLanguage\":\"ca-ES\",\"potentialAction\":[{\"@type\":\"ReadAction\",\"target\":[\"https:\/\/resest.com\/ca\/blog\/musica-i-festivals-a-sabadell\/\"]}]},{\"@type\":\"ImageObject\",\"inLanguage\":\"ca-ES\",\"@id\":\"https:\/\/resest.com\/ca\/blog\/musica-i-festivals-a-sabadell\/#primaryimage\",\"url\":\"https:\/\/resest.com\/wp-content\/uploads\/2022\/05\/audience-at-outdoor-music-festival-2021-08-26-16-12-45-utc.jpg\",\"contentUrl\":\"https:\/\/resest.com\/wp-content\/uploads\/2022\/05\/audience-at-outdoor-music-festival-2021-08-26-16-12-45-utc.jpg\",\"width\":1200,\"height\":800,\"caption\":\"Audience At Outdoor Music Festival\"},{\"@type\":\"BreadcrumbList\",\"@id\":\"https:\/\/resest.com\/ca\/blog\/musica-i-festivals-a-sabadell\/#breadcrumb\",\"itemListElement\":[{\"@type\":\"ListItem\",\"position\":1,\"name\":\"Inici\",\"item\":\"https:\/\/resest.com\/ca\/\"},{\"@type\":\"ListItem\",\"position\":2,\"name\":\"M\u00fasica i Festivals a Sabadell\"}]},{\"@type\":\"WebSite\",\"@id\":\"https:\/\/resest.com\/ca\/#website\",\"url\":\"https:\/\/resest.com\/ca\/\",\"name\":\"Resid\u00e8ncia d&#039;Estudiants l&#039;Estaci\u00f3 de Sabadell | Resest\",\"description\":\"Prop de l\u2019Universitat Aut\u00f2noma de Barcelona (UAB)\",\"publisher\":{\"@id\":\"https:\/\/resest.com\/ca\/#organization\"},\"potentialAction\":[{\"@type\":\"SearchAction\",\"target\":{\"@type\":\"EntryPoint\",\"urlTemplate\":\"https:\/\/resest.com\/ca\/?s={search_term_string}\"},\"query-input\":{\"@type\":\"PropertyValueSpecification\",\"valueRequired\":true,\"valueName\":\"search_term_string\"}}],\"inLanguage\":\"ca-ES\"},{\"@type\":\"Organization\",\"@id\":\"https:\/\/resest.com\/ca\/#organization\",\"name\":\"Resid\u00e8ncia d&#039;Estudiants l&#039;Estaci\u00f3 de Sabadell | Resest\",\"url\":\"https:\/\/resest.com\/ca\/\",\"logo\":{\"@type\":\"ImageObject\",\"inLanguage\":\"ca-ES\",\"@id\":\"https:\/\/resest.com\/ca\/#\/schema\/logo\/image\/\",\"url\":\"https:\/\/resest.com\/wp-content\/uploads\/2024\/03\/Facana-1.jpg\",\"contentUrl\":\"https:\/\/resest.com\/wp-content\/uploads\/2024\/03\/Facana-1.jpg\",\"width\":1200,\"height\":1009,\"caption\":\"Resid\u00e8ncia d&#039;Estudiants l&#039;Estaci\u00f3 de Sabadell | Resest\"},\"image\":{\"@id\":\"https:\/\/resest.com\/ca\/#\/schema\/logo\/image\/\"}},{\"@type\":\"Person\",\"@id\":\"https:\/\/resest.com\/ca\/#\/schema\/person\/f66d2b5dae2cd0a989ab720dd211d2a9\",\"name\":\"Resest\",\"image\":{\"@type\":\"ImageObject\",\"inLanguage\":\"ca-ES\",\"@id\":\"https:\/\/resest.com\/ca\/#\/schema\/person\/image\/\",\"url\":\"https:\/\/secure.gravatar.com\/avatar\/a5d542eca874617a8a62a45c724821a615f770cf5bde5e61a93a7a2562faba7a?s=96&d=mm&r=g\",\"contentUrl\":\"https:\/\/secure.gravatar.com\/avatar\/a5d542eca874617a8a62a45c724821a615f770cf5bde5e61a93a7a2562faba7a?s=96&d=mm&r=g\",\"caption\":\"Resest\"},\"url\":\"https:\/\/resest.com\/ca\/author\/resest\/\"}]}<\/script>\n<!-- \/ Yoast SEO plugin. -->","yoast_head_json":{"title":"Activitats Sabadell 2022: una \u00e9s el Festival Observa - Resest","description":"Gaudeix de les nombroses Activitats Sabadell 2022 que t'ofereix el Festival Observa i allotja't a una de les millors resid\u00e8ncies de Sabadell. Vine ja!","robots":{"index":"index","follow":"follow","max-snippet":"max-snippet:-1","max-image-preview":"max-image-preview:large","max-video-preview":"max-video-preview:-1"},"canonical":"https:\/\/resest.com\/ca\/blog\/musica-i-festivals-a-sabadell\/","og_locale":"ca_ES","og_type":"article","og_title":"Activitats Sabadell 2022: una \u00e9s el Festival Observa - Resest","og_description":"Gaudeix de les nombroses Activitats Sabadell 2022 que t'ofereix el Festival Observa i allotja't a una de les millors resid\u00e8ncies de Sabadell. Vine ja!","og_url":"https:\/\/resest.com\/ca\/blog\/musica-i-festivals-a-sabadell\/","og_site_name":"Resid\u00e8ncia d&#039;Estudiants l&#039;Estaci\u00f3 de Sabadell | Resest","article_published_time":"2022-05-23T08:00:00+00:00","article_modified_time":"2022-10-18T11:16:02+00:00","og_image":[{"width":1200,"height":800,"url":"https:\/\/resest.com\/wp-content\/uploads\/2022\/05\/audience-at-outdoor-music-festival-2021-08-26-16-12-45-utc.jpg","type":"image\/jpeg"}],"author":"Resest","twitter_misc":{"Written by":"Resest","Est. reading time":"3 minutes"},"schema":{"@context":"https:\/\/schema.org","@graph":[{"@type":"Article","@id":"https:\/\/resest.com\/ca\/blog\/musica-i-festivals-a-sabadell\/#article","isPartOf":{"@id":"https:\/\/resest.com\/ca\/blog\/musica-i-festivals-a-sabadell\/"},"author":{"name":"Resest","@id":"https:\/\/resest.com\/ca\/#\/schema\/person\/f66d2b5dae2cd0a989ab720dd211d2a9"},"headline":"M\u00fasica i Festivals a Sabadell","datePublished":"2022-05-23T08:00:00+00:00","dateModified":"2022-10-18T11:16:02+00:00","mainEntityOfPage":{"@id":"https:\/\/resest.com\/ca\/blog\/musica-i-festivals-a-sabadell\/"},"wordCount":489,"commentCount":0,"publisher":{"@id":"https:\/\/resest.com\/ca\/#organization"},"image":{"@id":"https:\/\/resest.com\/ca\/blog\/musica-i-festivals-a-sabadell\/#primaryimage"},"thumbnailUrl":"https:\/\/resest.com\/wp-content\/uploads\/2022\/05\/audience-at-outdoor-music-festival-2021-08-26-16-12-45-utc.jpg","articleSection":["Blog","Consells per a estudiants universitaris"],"inLanguage":"ca-ES","potentialAction":[{"@type":"CommentAction","name":"Comment","target":["https:\/\/resest.com\/ca\/blog\/musica-i-festivals-a-sabadell\/#respond"]}]},{"@type":"WebPage","@id":"https:\/\/resest.com\/ca\/blog\/musica-i-festivals-a-sabadell\/","url":"https:\/\/resest.com\/ca\/blog\/musica-i-festivals-a-sabadell\/","name":"Activitats Sabadell 2022: una \u00e9s el Festival Observa - Resest","isPartOf":{"@id":"https:\/\/resest.com\/ca\/#website"},"primaryImageOfPage":{"@id":"https:\/\/resest.com\/ca\/blog\/musica-i-festivals-a-sabadell\/#primaryimage"},"image":{"@id":"https:\/\/resest.com\/ca\/blog\/musica-i-festivals-a-sabadell\/#primaryimage"},"thumbnailUrl":"https:\/\/resest.com\/wp-content\/uploads\/2022\/05\/audience-at-outdoor-music-festival-2021-08-26-16-12-45-utc.jpg","datePublished":"2022-05-23T08:00:00+00:00","dateModified":"2022-10-18T11:16:02+00:00","description":"Gaudeix de les nombroses Activitats Sabadell 2022 que t'ofereix el Festival Observa i allotja't a una de les millors resid\u00e8ncies de Sabadell. Vine ja!","breadcrumb":{"@id":"https:\/\/resest.com\/ca\/blog\/musica-i-festivals-a-sabadell\/#breadcrumb"},"inLanguage":"ca-ES","potentialAction":[{"@type":"ReadAction","target":["https:\/\/resest.com\/ca\/blog\/musica-i-festivals-a-sabadell\/"]}]},{"@type":"ImageObject","inLanguage":"ca-ES","@id":"https:\/\/resest.com\/ca\/blog\/musica-i-festivals-a-sabadell\/#primaryimage","url":"https:\/\/resest.com\/wp-content\/uploads\/2022\/05\/audience-at-outdoor-music-festival-2021-08-26-16-12-45-utc.jpg","contentUrl":"https:\/\/resest.com\/wp-content\/uploads\/2022\/05\/audience-at-outdoor-music-festival-2021-08-26-16-12-45-utc.jpg","width":1200,"height":800,"caption":"Audience At Outdoor Music Festival"},{"@type":"BreadcrumbList","@id":"https:\/\/resest.com\/ca\/blog\/musica-i-festivals-a-sabadell\/#breadcrumb","itemListElement":[{"@type":"ListItem","position":1,"name":"Inici","item":"https:\/\/resest.com\/ca\/"},{"@type":"ListItem","position":2,"name":"M\u00fasica i Festivals a Sabadell"}]},{"@type":"WebSite","@id":"https:\/\/resest.com\/ca\/#website","url":"https:\/\/resest.com\/ca\/","name":"Resid\u00e8ncia d&#039;Estudiants l&#039;Estaci\u00f3 de Sabadell | Resest","description":"Prop de l\u2019Universitat Aut\u00f2noma de Barcelona (UAB)","publisher":{"@id":"https:\/\/resest.com\/ca\/#organization"},"potentialAction":[{"@type":"SearchAction","target":{"@type":"EntryPoint","urlTemplate":"https:\/\/resest.com\/ca\/?s={search_term_string}"},"query-input":{"@type":"PropertyValueSpecification","valueRequired":true,"valueName":"search_term_string"}}],"inLanguage":"ca-ES"},{"@type":"Organization","@id":"https:\/\/resest.com\/ca\/#organization","name":"Resid\u00e8ncia d&#039;Estudiants l&#039;Estaci\u00f3 de Sabadell | Resest","url":"https:\/\/resest.com\/ca\/","logo":{"@type":"ImageObject","inLanguage":"ca-ES","@id":"https:\/\/resest.com\/ca\/#\/schema\/logo\/image\/","url":"https:\/\/resest.com\/wp-content\/uploads\/2024\/03\/Facana-1.jpg","contentUrl":"https:\/\/resest.com\/wp-content\/uploads\/2024\/03\/Facana-1.jpg","width":1200,"height":1009,"caption":"Resid\u00e8ncia d&#039;Estudiants l&#039;Estaci\u00f3 de Sabadell | Resest"},"image":{"@id":"https:\/\/resest.com\/ca\/#\/schema\/logo\/image\/"}},{"@type":"Person","@id":"https:\/\/resest.com\/ca\/#\/schema\/person\/f66d2b5dae2cd0a989ab720dd211d2a9","name":"Resest","image":{"@type":"ImageObject","inLanguage":"ca-ES","@id":"https:\/\/resest.com\/ca\/#\/schema\/person\/image\/","url":"https:\/\/secure.gravatar.com\/avatar\/a5d542eca874617a8a62a45c724821a615f770cf5bde5e61a93a7a2562faba7a?s=96&d=mm&r=g","contentUrl":"https:\/\/secure.gravatar.com\/avatar\/a5d542eca874617a8a62a45c724821a615f770cf5bde5e61a93a7a2562faba7a?s=96&d=mm&r=g","caption":"Resest"},"url":"https:\/\/resest.com\/ca\/author\/resest\/"}]}},"_links":{"self":[{"href":"https:\/\/resest.com\/ca\/wp-json\/wp\/v2\/posts\/10062","targetHints":{"allow":["GET"]}}],"collection":[{"href":"https:\/\/resest.com\/ca\/wp-json\/wp\/v2\/posts"}],"about":[{"href":"https:\/\/resest.com\/ca\/wp-json\/wp\/v2\/types\/post"}],"author":[{"embeddable":true,"href":"https:\/\/resest.com\/ca\/wp-json\/wp\/v2\/users\/3"}],"replies":[{"embeddable":true,"href":"https:\/\/resest.com\/ca\/wp-json\/wp\/v2\/comments?post=10062"}],"version-history":[{"count":0,"href":"https:\/\/resest.com\/ca\/wp-json\/wp\/v2\/posts\/10062\/revisions"}],"wp:featuredmedia":[{"embeddable":true,"href":"https:\/\/resest.com\/ca\/wp-json\/wp\/v2\/media\/10058"}],"wp:attachment":[{"href":"https:\/\/resest.com\/ca\/wp-json\/wp\/v2\/media?parent=10062"}],"wp:term":[{"taxonomy":"category","embeddable":true,"href":"https:\/\/resest.com\/ca\/wp-json\/wp\/v2\/categories?post=10062"},{"taxonomy":"post_tag","embeddable":true,"href":"https:\/\/resest.com\/ca\/wp-json\/wp\/v2\/tags?post=10062"}],"curies":[{"name":"wp","href":"https:\/\/api.w.org\/{rel}","templated":true}]}}